{"id":14149,"date":"2024-01-02T11:29:48","date_gmt":"2024-01-02T16:29:48","guid":{"rendered":"https:\/\/www.boyacaleinforma.com\/?p=14149"},"modified":"2024-01-02T11:40:57","modified_gmt":"2024-01-02T16:40:57","slug":"entregaron-el-desminado-de-chita-copy-copy-copy-copy","status":"publish","type":"post","link":"https:\/\/www.boyacaleinforma.com\/?p=14149","title":{"rendered":"Orden de restituci\u00f3n Miraflores"},"content":{"rendered":"\t\t<div data-elementor-type=\"wp-post\" data-elementor-id=\"14149\" class=\"elementor elementor-14149\" data-elementor-post-type=\"post\">\n\t\t\t\t\t\t<section class=\"elementor-section elementor-top-section elementor-element elementor-element-62b311ee elementor-section-boxed elementor-section-height-default elementor-section-height-default\" data-id=\"62b311ee\" data-element_type=\"section\" data-e-type=\"section\">\n\t\t\t\t\t\t<div class=\"elementor-container elementor-column-gap-default\">\n\t\t\t\t\t<div class=\"elementor-column elementor-col-100 elementor-top-column elementor-element elementor-element-22e424c5\" data-id=\"22e424c5\" data-element_type=\"column\" data-e-type=\"column\">\n\t\t\t<div class=\"elementor-widget-wrap elementor-element-populated\">\n\t\t\t\t\t\t<div class=\"elementor-element elementor-element-7799c32 elementor-widget elementor-widget-image\" data-id=\"7799c32\" data-element_type=\"widget\" data-e-type=\"widget\" data-widget_type=\"image.default\">\n\t\t\t\t<div class=\"elementor-widget-container\">\n\t\t\t\t\t\t\t\t\t\t\t\t<figure class=\"wp-caption\">\n\t\t\t\t\t\t\t\t\t\t<img loading=\"lazy\" width=\"640\" height=\"480\" src=\"https:\/\/www.boyacaleinforma.com\/wp-content\/uploads\/2024\/01\/WIKIPEDIA-768x576.jpg\" class=\"attachment-medium_large size-medium_large wp-image-14161\" alt=\"WIKIPEDIA\" srcset=\"https:\/\/www.boyacaleinforma.com\/wp-content\/uploads\/2024\/01\/WIKIPEDIA-768x576.jpg 768w, https:\/\/www.boyacaleinforma.com\/wp-content\/uploads\/2024\/01\/WIKIPEDIA-300x225.jpg 300w, https:\/\/www.boyacaleinforma.com\/wp-content\/uploads\/2024\/01\/WIKIPEDIA-1024x768.jpg 1024w, https:\/\/www.boyacaleinforma.com\/wp-content\/uploads\/2024\/01\/WIKIPEDIA-1536x1152.jpg 1536w, https:\/\/www.boyacaleinforma.com\/wp-content\/uploads\/2024\/01\/WIKIPEDIA-2048x1536.jpg 2048w\" sizes=\"auto, (max-width: 640px) 100vw, 640px\" loading=\"lazy\" decoding=\"async\" \/>\t\t\t\t\t\t\t\t\t\t\t<figcaption class=\"widget-image-caption wp-caption-text\">Foto: Wikipedia<\/figcaption>\n\t\t\t\t\t\t\t\t\t\t<\/figure>\n\t\t\t\t\t\t\t\t\t<\/div>\n\t\t\t\t<\/div>\n\t\t\t\t<div class=\"elementor-element elementor-element-16316330 elementor-widget elementor-widget-text-editor\" data-id=\"16316330\" data-element_type=\"widget\" data-e-type=\"widget\" data-widget_type=\"text-editor.default\">\n\t\t\t\t<div class=\"elementor-widget-container\">\n\t\t\t\t\t\t\t\t\t<p>La sentencia del Tribunal Administrativo de Boyac\u00e1, dictada el 23 de noviembre, resuelve una acci\u00f3n popular relacionada con la perturbaci\u00f3n del espacio p\u00fablico en el municipio de Miraflores. Se amparan derechos colectivos al goce del espacio p\u00fablico y defensa de los bienes de uso p\u00fablico, moralidad administrativa, defensa del patrimonio p\u00fablico y cultural de la Naci\u00f3n, que se consideran vulnerados.<\/p><p>El tribunal modific\u00f3 la sentencia del Juzgado S\u00e9ptimo Administrativo Oral del Circuito de Tunja, y emiti\u00f3 nuevas \u00f3rdenes para proteger los derechos amparados. A continuaci\u00f3n, se detallan las \u00f3rdenes espec\u00edficas:<\/p><ol><li>Camino denominado \u00abEl Trigal\u00bb o \u00abJesuitas\u00bb:<\/li><\/ol><p>Orden al Alcalde de Miraflores:<\/p><p>Cumplir las \u00f3rdenes contenidas en la Resoluci\u00f3n No. 265 del 18 de mayo de 2011 en un plazo m\u00e1ximo de 30 d\u00edas.<\/p><p>Restituir el bien de uso p\u00fablico usurpado por JOS\u00c9 MANUEL BARRETO L\u00d3PEZ (\u00f3 MIGUEL BARRETO) Y\/O GLADYS VILLAMIL, PASTOR BARRETO, GUSTAVO PUENTES Y OTROS desde el sector la Colina hasta el cruce de la v\u00eda que conduce a la vereda Suna Arriba del Municipio de Miraflores.<\/p><p>Construir nuevas cercas precisando los linderos conforme al Plan de Ordenamiento Territorial del Municipio y las escrituras de los predios.<\/p><p>Identificaci\u00f3n de GILBERTO PUENTES:<\/p><p>El Alcalde debe establecer en 15 d\u00edas si GILBERTO PUENTES corresponde a Gustavo Puentes o est\u00e1 incluido en la denominaci\u00f3n \u00aby otros\u00bb.<\/p><p>Restituci\u00f3n de bien de uso p\u00fablico para GILBERTO PUENTES:<\/p><p>Si GILBERTO PUENTES es la misma persona que Gustavo Puentes o est\u00e1 incluido en \u00aby otros\u00bb, aplicar las mismas \u00f3rdenes que para JOS\u00c9 MANUEL BARRETO L\u00d3PEZ y otros.<\/p><p>Si GILBERTO PUENTES es una persona distinta, iniciar proceso de restituci\u00f3n del bien de uso p\u00fablico en el sector de su propiedad en un plazo m\u00e1ximo de 30 d\u00edas.<\/p><ol start=\"2\"><li>Camino de la Calle 4\u00aa con Carrera 14 del Barrio El Progreso:<\/li><\/ol><p>Orden al Alcalde de Miraflores:<\/p><p>Iniciar, tramitar y llevar a su culminaci\u00f3n el proceso de restituci\u00f3n de bien de uso p\u00fablico en un plazo m\u00e1ximo de 30 d\u00edas.<\/p><ol start=\"3\"><li>Camino Ca\u00f1abraval:<\/li><\/ol><p>Orden al Alcalde de Miraflores:<\/p><p>Iniciar, tramitar y llevar a su culminaci\u00f3n el proceso de restituci\u00f3n de bien de uso p\u00fablico en el sector correspondiente en un plazo m\u00e1ximo de 30 d\u00edas.<\/p><p>Confirmaci\u00f3n de la sentencia:<\/p><p>Se confirma la sentencia proferida el 1\u00ba de abril de 2022 por el Juzgado S\u00e9ptimo Administrativo Oral del Circuito Judicial de Tunja en lo dem\u00e1s, con las razones expuestas en la parte motiva de la presente providencia.<\/p><p>En resumen, estas \u00f3rdenes buscan corregir la perturbaci\u00f3n del espacio p\u00fablico en Miraflores y garantizar el respeto de los derechos colectivos mencionados.<\/p>\t\t\t\t\t\t\t\t<\/div>\n\t\t\t\t<\/div>\n\t\t\t\t\t<\/div>\n\t\t<\/div>\n\t\t\t\t\t<\/div>\n\t\t<\/section>\n\t\t\t\t<\/div>\n\t\t","protected":false},"excerpt":{"rendered":"<p>Foto: Wikipedia La sentencia del Tribunal Administrativo de Boyac\u00e1, dictada el 23 de noviembre, resuelve una acci\u00f3n popular<\/p>\n","protected":false},"author":1,"featured_media":14161,"comment_status":"open","ping_status":"open","sticky":false,"template":"","format":"image","meta":{"om_disable_all_campaigns":false,"_monsterinsights_skip_tracking":false,"_monsterinsights_sitenote_active":false,"_monsterinsights_sitenote_note":"","_monsterinsights_sitenote_category":0,"footnotes":""},"categories":[8],"tags":[10],"class_list":["post-14149","post","type-post","status-publish","format-image","has-post-thumbnail","hentry","category-judicial","tag-noticias","post_format-post-format-image"],"aioseo_notices":[],"_links":{"self":[{"href":"https:\/\/www.boyacaleinforma.com\/index.php?rest_route=\/wp\/v2\/posts\/14149","targetHints":{"allow":["GET"]}}],"collection":[{"href":"https:\/\/www.boyacaleinforma.com\/index.php?rest_route=\/wp\/v2\/posts"}],"about":[{"href":"https:\/\/www.boyacaleinforma.com\/index.php?rest_route=\/wp\/v2\/types\/post"}],"author":[{"embeddable":true,"href":"https:\/\/www.boyacaleinforma.com\/index.php?rest_route=\/wp\/v2\/users\/1"}],"replies":[{"embeddable":true,"href":"https:\/\/www.boyacaleinforma.com\/index.php?rest_route=%2Fwp%2Fv2%2Fcomments&post=14149"}],"version-history":[{"count":0,"href":"https:\/\/www.boyacaleinforma.com\/index.php?rest_route=\/wp\/v2\/posts\/14149\/revisions"}],"wp:featuredmedia":[{"embeddable":true,"href":"https:\/\/www.boyacaleinforma.com\/index.php?rest_route=\/wp\/v2\/media\/14161"}],"wp:attachment":[{"href":"https:\/\/www.boyacaleinforma.com\/index.php?rest_route=%2Fwp%2Fv2%2Fmedia&parent=14149"}],"wp:term":[{"taxonomy":"category","embeddable":true,"href":"https:\/\/www.boyacaleinforma.com\/index.php?rest_route=%2Fwp%2Fv2%2Fcategories&post=14149"},{"taxonomy":"post_tag","embeddable":true,"href":"https:\/\/www.boyacaleinforma.com\/index.php?rest_route=%2Fwp%2Fv2%2Ftags&post=14149"}],"curies":[{"name":"wp","href":"https:\/\/api.w.org\/{rel}","templated":true}]}}