{"id":14151,"date":"2024-01-02T11:30:03","date_gmt":"2024-01-02T16:30:03","guid":{"rendered":"https:\/\/www.boyacaleinforma.com\/?p=14151"},"modified":"2024-01-02T11:37:27","modified_gmt":"2024-01-02T16:37:27","slug":"entregaron-el-desminado-de-chita-copy-copy-copy-copy-copy-copy-2","status":"publish","type":"post","link":"https:\/\/www.boyacaleinforma.com\/?p=14151","title":{"rendered":"Posible huelga de hambre genera alerta"},"content":{"rendered":"\t\t<div data-elementor-type=\"wp-post\" data-elementor-id=\"14151\" class=\"elementor elementor-14151\" data-elementor-post-type=\"post\">\n\t\t\t\t\t\t<section class=\"elementor-section elementor-top-section elementor-element elementor-element-62b311ee elementor-section-boxed elementor-section-height-default elementor-section-height-default\" data-id=\"62b311ee\" data-element_type=\"section\" data-e-type=\"section\">\n\t\t\t\t\t\t<div class=\"elementor-container elementor-column-gap-default\">\n\t\t\t\t\t<div class=\"elementor-column elementor-col-100 elementor-top-column elementor-element elementor-element-22e424c5\" data-id=\"22e424c5\" data-element_type=\"column\" data-e-type=\"column\">\n\t\t\t<div class=\"elementor-widget-wrap elementor-element-populated\">\n\t\t\t\t\t\t<div class=\"elementor-element elementor-element-7799c32 elementor-widget elementor-widget-image\" data-id=\"7799c32\" data-element_type=\"widget\" data-e-type=\"widget\" data-widget_type=\"image.default\">\n\t\t\t\t<div class=\"elementor-widget-container\">\n\t\t\t\t\t\t\t\t\t\t\t\t<figure class=\"wp-caption\">\n\t\t\t\t\t\t\t\t\t\t<img loading=\"lazy\" width=\"640\" height=\"320\" src=\"https:\/\/www.boyacaleinforma.com\/wp-content\/uploads\/2024\/01\/el-diario-768x384.jpeg\" class=\"attachment-medium_large size-medium_large wp-image-14157\" alt=\"el diario\" srcset=\"https:\/\/www.boyacaleinforma.com\/wp-content\/uploads\/2024\/01\/el-diario-768x384.jpeg 768w, https:\/\/www.boyacaleinforma.com\/wp-content\/uploads\/2024\/01\/el-diario-300x150.jpeg 300w, https:\/\/www.boyacaleinforma.com\/wp-content\/uploads\/2024\/01\/el-diario.jpeg 950w\" sizes=\"auto, (max-width: 640px) 100vw, 640px\" loading=\"lazy\" decoding=\"async\" \/>\t\t\t\t\t\t\t\t\t\t\t<figcaption class=\"widget-image-caption wp-caption-text\">Foto: El Diario<\/figcaption>\n\t\t\t\t\t\t\t\t\t\t<\/figure>\n\t\t\t\t\t\t\t\t\t<\/div>\n\t\t\t\t<\/div>\n\t\t\t\t<div class=\"elementor-element elementor-element-16316330 elementor-widget elementor-widget-text-editor\" data-id=\"16316330\" data-element_type=\"widget\" data-e-type=\"widget\" data-widget_type=\"text-editor.default\">\n\t\t\t\t<div class=\"elementor-widget-container\">\n\t\t\t\t\t\t\t\t\t<p>La situaci\u00f3n descrita en la C\u00e1rcel y Penitenciar\u00eda El Barne en C\u00f3mbita, Boyac\u00e1, es preocupante y refleja deficiencias significativas en la alimentaci\u00f3n suministrada a los internos. La alerta del Defensor del Pueblo, Carlos Camargo Assis, sobre una posible huelga de hambre por parte de los reclusos subraya la gravedad de la situaci\u00f3n.<\/p><p>El hecho de que el nuevo operador del servicio entregue comidas a destiempo, en limitadas porciones y con falencias de calidad es motivo de inquietud, ya que afecta directamente la salud y el bienestar de las personas privadas de la libertad en el centro penitenciario. La solicitud de garantizar condiciones dignas de alimentaci\u00f3n a alrededor de 4000 personas es una llamada urgente a la Unidad de Servicios Penitenciarios y Carcelarios para abordar y resolver este problema.<\/p><p>Es relevante que el Defensor del Pueblo haya se\u00f1alado que, a pesar del compromiso del operador para resolver la situaci\u00f3n, las condiciones persisten, lo que aumenta el riesgo de una huelga de hambre por parte de los internos. La entidad protectora de los derechos humanos ha destacado en repetidas ocasiones las fallas constantes en ese centro de reclusi\u00f3n, subrayando la necesidad de abordar de manera integral los problemas que afectan a los internos.<\/p><p>Esperamos que las autoridades competentes tomen medidas inmediatas para garantizar el derecho fundamental de los reclusos a una alimentaci\u00f3n adecuada y en condiciones dignas. La situaci\u00f3n tambi\u00e9n destaca la importancia de abordar las deficiencias estructurales en el sistema penitenciario para garantizar el respeto de los derechos humanos de todos los individuos bajo custodia.<\/p>\t\t\t\t\t\t\t\t<\/div>\n\t\t\t\t<\/div>\n\t\t\t\t\t<\/div>\n\t\t<\/div>\n\t\t\t\t\t<\/div>\n\t\t<\/section>\n\t\t\t\t<\/div>\n\t\t","protected":false},"excerpt":{"rendered":"<p>Foto: El Diario La situaci\u00f3n descrita en la C\u00e1rcel y Penitenciar\u00eda El Barne en C\u00f3mbita, Boyac\u00e1, es preocupante<\/p>\n","protected":false},"author":1,"featured_media":14157,"comment_status":"open","ping_status":"open","sticky":false,"template":"","format":"image","meta":{"om_disable_all_campaigns":false,"_monsterinsights_skip_tracking":false,"_monsterinsights_sitenote_active":false,"_monsterinsights_sitenote_note":"","_monsterinsights_sitenote_category":0,"footnotes":""},"categories":[5],"tags":[10],"class_list":["post-14151","post","type-post","status-publish","format-image","has-post-thumbnail","hentry","category-boyaca","tag-noticias","post_format-post-format-image"],"aioseo_notices":[],"_links":{"self":[{"href":"https:\/\/www.boyacaleinforma.com\/index.php?rest_route=\/wp\/v2\/posts\/14151","targetHints":{"allow":["GET"]}}],"collection":[{"href":"https:\/\/www.boyacaleinforma.com\/index.php?rest_route=\/wp\/v2\/posts"}],"about":[{"href":"https:\/\/www.boyacaleinforma.com\/index.php?rest_route=\/wp\/v2\/types\/post"}],"author":[{"embeddable":true,"href":"https:\/\/www.boyacaleinforma.com\/index.php?rest_route=\/wp\/v2\/users\/1"}],"replies":[{"embeddable":true,"href":"https:\/\/www.boyacaleinforma.com\/index.php?rest_route=%2Fwp%2Fv2%2Fcomments&post=14151"}],"version-history":[{"count":0,"href":"https:\/\/www.boyacaleinforma.com\/index.php?rest_route=\/wp\/v2\/posts\/14151\/revisions"}],"wp:featuredmedia":[{"embeddable":true,"href":"https:\/\/www.boyacaleinforma.com\/index.php?rest_route=\/wp\/v2\/media\/14157"}],"wp:attachment":[{"href":"https:\/\/www.boyacaleinforma.com\/index.php?rest_route=%2Fwp%2Fv2%2Fmedia&parent=14151"}],"wp:term":[{"taxonomy":"category","embeddable":true,"href":"https:\/\/www.boyacaleinforma.com\/index.php?rest_route=%2Fwp%2Fv2%2Fcategories&post=14151"},{"taxonomy":"post_tag","embeddable":true,"href":"https:\/\/www.boyacaleinforma.com\/index.php?rest_route=%2Fwp%2Fv2%2Ftags&post=14151"}],"curies":[{"name":"wp","href":"https:\/\/api.w.org\/{rel}","templated":true}]}}