{"id":14202,"date":"2024-01-03T09:21:51","date_gmt":"2024-01-03T14:21:51","guid":{"rendered":"https:\/\/www.boyacaleinforma.com\/?p=14202"},"modified":"2024-01-03T09:41:00","modified_gmt":"2024-01-03T14:41:00","slug":"tramadol-en-la-lista-prohibida-copy","status":"publish","type":"post","link":"https:\/\/www.boyacaleinforma.com\/?p=14202","title":{"rendered":"Exportan hasta las puertas y las ventanas"},"content":{"rendered":"\t\t<div data-elementor-type=\"wp-post\" data-elementor-id=\"14202\" class=\"elementor elementor-14202\" data-elementor-post-type=\"post\">\n\t\t\t\t\t\t<section class=\"elementor-section elementor-top-section elementor-element elementor-element-62b311ee elementor-section-boxed elementor-section-height-default elementor-section-height-default\" data-id=\"62b311ee\" data-element_type=\"section\" data-e-type=\"section\">\n\t\t\t\t\t\t<div class=\"elementor-container elementor-column-gap-default\">\n\t\t\t\t\t<div class=\"elementor-column elementor-col-100 elementor-top-column elementor-element elementor-element-22e424c5\" data-id=\"22e424c5\" data-element_type=\"column\" data-e-type=\"column\">\n\t\t\t<div class=\"elementor-widget-wrap elementor-element-populated\">\n\t\t\t\t\t\t<div class=\"elementor-element elementor-element-7799c32 elementor-widget elementor-widget-image\" data-id=\"7799c32\" data-element_type=\"widget\" data-e-type=\"widget\" data-widget_type=\"image.default\">\n\t\t\t\t<div class=\"elementor-widget-container\">\n\t\t\t\t\t\t\t\t\t\t\t\t<figure class=\"wp-caption\">\n\t\t\t\t\t\t\t\t\t\t<img loading=\"lazy\" width=\"640\" height=\"300\" src=\"https:\/\/www.boyacaleinforma.com\/wp-content\/uploads\/2024\/01\/mincit.png\" class=\"attachment-medium_large size-medium_large wp-image-14216\" alt=\"mincit\" srcset=\"https:\/\/www.boyacaleinforma.com\/wp-content\/uploads\/2024\/01\/mincit.png 640w, https:\/\/www.boyacaleinforma.com\/wp-content\/uploads\/2024\/01\/mincit-300x141.png 300w\" sizes=\"auto, (max-width: 640px) 100vw, 640px\" loading=\"lazy\" decoding=\"async\" \/>\t\t\t\t\t\t\t\t\t\t\t<figcaption class=\"widget-image-caption wp-caption-text\">Foto: MinCit<\/figcaption>\n\t\t\t\t\t\t\t\t\t\t<\/figure>\n\t\t\t\t\t\t\t\t\t<\/div>\n\t\t\t\t<\/div>\n\t\t\t\t<div class=\"elementor-element elementor-element-16316330 elementor-widget elementor-widget-text-editor\" data-id=\"16316330\" data-element_type=\"widget\" data-e-type=\"widget\" data-widget_type=\"text-editor.default\">\n\t\t\t\t<div class=\"elementor-widget-container\">\n\t\t\t\t\t\t\t\t\t<p>En el primer bimestre del a\u00f1o, las exportaciones de partes de la construcci\u00f3n, especialmente puertas, ventanas y sus marcos de aluminio, lideraron el crecimiento entre los bienes no mineros en Colombia. Seg\u00fan el an\u00e1lisis del Ministerio de Comercio, Industria y Turismo, basado en cifras del Dane, las exportaciones de estos productos alcanzaron los US$121,1 millones, lo que representa un incremento del 56,5% en comparaci\u00f3n con el mismo per\u00edodo del a\u00f1o anterior.<\/p><p>El sector de preparaciones de belleza tambi\u00e9n destac\u00f3 con un crecimiento del 55,2%, alcanzando ventas por US$39,9 millones en el primer bimestre. Dentro de este subsector, las preparaciones de belleza, maquillaje y cuidado de la piel (no medicamentos) representaron el 52% de las exportaciones, sumando US$20,7 millones y experimentando un aumento del 53,5%.<\/p><p>Otro rubro que mostr\u00f3 un buen desempe\u00f1o fueron las exportaciones de art\u00edculos de confiter\u00eda, con un total de US$36 millones y un crecimiento del 30%. Entre estos, los bombones y caramelos tuvieron una destacada participaci\u00f3n, representando el 70% de las exportaciones de este grupo.<\/p><p>En cuanto a los destinos de estas exportaciones no mineras, Venezuela se consolid\u00f3 como el sexto destino con un aumento del 31,9%, alcanzando los US$85 millones. Tambi\u00e9n se observaron crecimientos en las exportaciones a M\u00e9xico (11,2%), China (8,7%) y Panam\u00e1 (2,8%), entre otros.<\/p><p>Este crecimiento en las exportaciones de bienes no mineros sugiere una din\u00e1mica positiva en la diversificaci\u00f3n de los productos y destinos de las exportaciones colombianas.<\/p>\t\t\t\t\t\t\t\t<\/div>\n\t\t\t\t<\/div>\n\t\t\t\t\t<\/div>\n\t\t<\/div>\n\t\t\t\t\t<\/div>\n\t\t<\/section>\n\t\t\t\t<\/div>\n\t\t","protected":false},"excerpt":{"rendered":"<p>Foto: MinCit En el primer bimestre del a\u00f1o, las exportaciones de partes de la construcci\u00f3n, especialmente puertas, ventanas<\/p>\n","protected":false},"author":1,"featured_media":14216,"comment_status":"open","ping_status":"open","sticky":false,"template":"","format":"image","meta":{"om_disable_all_campaigns":false,"_monsterinsights_skip_tracking":false,"_monsterinsights_sitenote_active":false,"_monsterinsights_sitenote_note":"","_monsterinsights_sitenote_category":0,"footnotes":""},"categories":[9],"tags":[10],"class_list":["post-14202","post","type-post","status-publish","format-image","has-post-thumbnail","hentry","category-colombia","tag-noticias","post_format-post-format-image"],"aioseo_notices":[],"_links":{"self":[{"href":"https:\/\/www.boyacaleinforma.com\/index.php?rest_route=\/wp\/v2\/posts\/14202","targetHints":{"allow":["GET"]}}],"collection":[{"href":"https:\/\/www.boyacaleinforma.com\/index.php?rest_route=\/wp\/v2\/posts"}],"about":[{"href":"https:\/\/www.boyacaleinforma.com\/index.php?rest_route=\/wp\/v2\/types\/post"}],"author":[{"embeddable":true,"href":"https:\/\/www.boyacaleinforma.com\/index.php?rest_route=\/wp\/v2\/users\/1"}],"replies":[{"embeddable":true,"href":"https:\/\/www.boyacaleinforma.com\/index.php?rest_route=%2Fwp%2Fv2%2Fcomments&post=14202"}],"version-history":[{"count":0,"href":"https:\/\/www.boyacaleinforma.com\/index.php?rest_route=\/wp\/v2\/posts\/14202\/revisions"}],"wp:featuredmedia":[{"embeddable":true,"href":"https:\/\/www.boyacaleinforma.com\/index.php?rest_route=\/wp\/v2\/media\/14216"}],"wp:attachment":[{"href":"https:\/\/www.boyacaleinforma.com\/index.php?rest_route=%2Fwp%2Fv2%2Fmedia&parent=14202"}],"wp:term":[{"taxonomy":"category","embeddable":true,"href":"https:\/\/www.boyacaleinforma.com\/index.php?rest_route=%2Fwp%2Fv2%2Fcategories&post=14202"},{"taxonomy":"post_tag","embeddable":true,"href":"https:\/\/www.boyacaleinforma.com\/index.php?rest_route=%2Fwp%2Fv2%2Ftags&post=14202"}],"curies":[{"name":"wp","href":"https:\/\/api.w.org\/{rel}","templated":true}]}}