{"id":14207,"date":"2024-01-03T09:22:48","date_gmt":"2024-01-03T14:22:48","guid":{"rendered":"https:\/\/www.boyacaleinforma.com\/?p=14207"},"modified":"2024-01-03T09:31:14","modified_gmt":"2024-01-03T14:31:14","slug":"tramadol-en-la-lista-prohibida-copy-copy-copy-copy-copy-copy","status":"publish","type":"post","link":"https:\/\/www.boyacaleinforma.com\/?p=14207","title":{"rendered":"Corpoboyac\u00e1 arranca con directora encargada"},"content":{"rendered":"\t\t<div data-elementor-type=\"wp-post\" data-elementor-id=\"14207\" class=\"elementor elementor-14207\" data-elementor-post-type=\"post\">\n\t\t\t\t\t\t<section class=\"elementor-section elementor-top-section elementor-element elementor-element-62b311ee elementor-section-boxed elementor-section-height-default elementor-section-height-default\" data-id=\"62b311ee\" data-element_type=\"section\" data-e-type=\"section\">\n\t\t\t\t\t\t<div class=\"elementor-container elementor-column-gap-default\">\n\t\t\t\t\t<div class=\"elementor-column elementor-col-100 elementor-top-column elementor-element elementor-element-22e424c5\" data-id=\"22e424c5\" data-element_type=\"column\" data-e-type=\"column\">\n\t\t\t<div class=\"elementor-widget-wrap elementor-element-populated\">\n\t\t\t\t\t\t<div class=\"elementor-element elementor-element-7799c32 elementor-widget elementor-widget-image\" data-id=\"7799c32\" data-element_type=\"widget\" data-e-type=\"widget\" data-widget_type=\"image.default\">\n\t\t\t\t<div class=\"elementor-widget-container\">\n\t\t\t\t\t\t\t\t\t\t\t\t<figure class=\"wp-caption\">\n\t\t\t\t\t\t\t\t\t\t<img loading=\"lazy\" width=\"300\" height=\"300\" src=\"https:\/\/www.boyacaleinforma.com\/wp-content\/uploads\/2024\/01\/corpoboy.jpeg\" class=\"attachment-medium_large size-medium_large wp-image-14213\" alt=\"corpoboy\" srcset=\"https:\/\/www.boyacaleinforma.com\/wp-content\/uploads\/2024\/01\/corpoboy.jpeg 300w, https:\/\/www.boyacaleinforma.com\/wp-content\/uploads\/2024\/01\/corpoboy-150x150.jpeg 150w\" sizes=\"auto, (max-width: 300px) 100vw, 300px\" loading=\"lazy\" decoding=\"async\" \/>\t\t\t\t\t\t\t\t\t\t\t<figcaption class=\"widget-image-caption wp-caption-text\">Foto: Corpoboyac\u00e1<\/figcaption>\n\t\t\t\t\t\t\t\t\t\t<\/figure>\n\t\t\t\t\t\t\t\t\t<\/div>\n\t\t\t\t<\/div>\n\t\t\t\t<div class=\"elementor-element elementor-element-16316330 elementor-widget elementor-widget-text-editor\" data-id=\"16316330\" data-element_type=\"widget\" data-e-type=\"widget\" data-widget_type=\"text-editor.default\">\n\t\t\t\t<div class=\"elementor-widget-container\">\n\t\t\t\t\t\t\t\t\t<p>La designaci\u00f3n de Gloria Luz Marietha \u00c1vila Fern\u00e1ndez como directora general encargada de Corpoboyac\u00e1, a partir del 1 de enero de 2024, fue realizada durante la sesi\u00f3n ordinaria del Consejo Directivo de la Corporaci\u00f3n Aut\u00f3noma Regional de Boyac\u00e1. \u00c1vila Fern\u00e1ndez, quien hasta ese momento se desempe\u00f1aba como Asesora de la Direcci\u00f3n, asumir\u00e1 temporalmente el cargo hasta que se realice la designaci\u00f3n definitiva.<\/p><p>La nueva directora general encargada es Ingeniera Civil y posee una Especializaci\u00f3n en Gobierno y Gerencia Territorial de la Universidad Santo Tom\u00e1s. Su trayectoria en el sector p\u00fablico incluye roles destacados como gerente de Ecovivienda, gerente de la Empresa Departamental de Servicios P\u00fablicos de Boyac\u00e1 (ESPB), y Asesora de la Contralor\u00eda de Boyac\u00e1.<\/p><p>Se espera que, durante su per\u00edodo como directora general encargada, \u00c1vila Fern\u00e1ndez aporte su experiencia y conocimientos para liderar la entidad de manera efectiva hasta que se realice la designaci\u00f3n definitiva para el cargo.<\/p>\t\t\t\t\t\t\t\t<\/div>\n\t\t\t\t<\/div>\n\t\t\t\t\t<\/div>\n\t\t<\/div>\n\t\t\t\t\t<\/div>\n\t\t<\/section>\n\t\t\t\t<\/div>\n\t\t","protected":false},"excerpt":{"rendered":"<p>Foto: Corpoboyac\u00e1 La designaci\u00f3n de Gloria Luz Marietha \u00c1vila Fern\u00e1ndez como directora general encargada de Corpoboyac\u00e1, a partir<\/p>\n","protected":false},"author":1,"featured_media":14213,"comment_status":"open","ping_status":"open","sticky":false,"template":"","format":"image","meta":{"om_disable_all_campaigns":false,"_monsterinsights_skip_tracking":false,"_monsterinsights_sitenote_active":false,"_monsterinsights_sitenote_note":"","_monsterinsights_sitenote_category":0,"footnotes":""},"categories":[5],"tags":[10],"class_list":["post-14207","post","type-post","status-publish","format-image","has-post-thumbnail","hentry","category-boyaca","tag-noticias","post_format-post-format-image"],"aioseo_notices":[],"_links":{"self":[{"href":"https:\/\/www.boyacaleinforma.com\/index.php?rest_route=\/wp\/v2\/posts\/14207","targetHints":{"allow":["GET"]}}],"collection":[{"href":"https:\/\/www.boyacaleinforma.com\/index.php?rest_route=\/wp\/v2\/posts"}],"about":[{"href":"https:\/\/www.boyacaleinforma.com\/index.php?rest_route=\/wp\/v2\/types\/post"}],"author":[{"embeddable":true,"href":"https:\/\/www.boyacaleinforma.com\/index.php?rest_route=\/wp\/v2\/users\/1"}],"replies":[{"embeddable":true,"href":"https:\/\/www.boyacaleinforma.com\/index.php?rest_route=%2Fwp%2Fv2%2Fcomments&post=14207"}],"version-history":[{"count":0,"href":"https:\/\/www.boyacaleinforma.com\/index.php?rest_route=\/wp\/v2\/posts\/14207\/revisions"}],"wp:featuredmedia":[{"embeddable":true,"href":"https:\/\/www.boyacaleinforma.com\/index.php?rest_route=\/wp\/v2\/media\/14213"}],"wp:attachment":[{"href":"https:\/\/www.boyacaleinforma.com\/index.php?rest_route=%2Fwp%2Fv2%2Fmedia&parent=14207"}],"wp:term":[{"taxonomy":"category","embeddable":true,"href":"https:\/\/www.boyacaleinforma.com\/index.php?rest_route=%2Fwp%2Fv2%2Fcategories&post=14207"},{"taxonomy":"post_tag","embeddable":true,"href":"https:\/\/www.boyacaleinforma.com\/index.php?rest_route=%2Fwp%2Fv2%2Ftags&post=14207"}],"curies":[{"name":"wp","href":"https:\/\/api.w.org\/{rel}","templated":true}]}}