{"id":14262,"date":"2024-01-04T10:10:29","date_gmt":"2024-01-04T15:10:29","guid":{"rendered":"https:\/\/www.boyacaleinforma.com\/?p=14262"},"modified":"2024-01-04T10:36:16","modified_gmt":"2024-01-04T15:36:16","slug":"modelos-ia-cautivan-celebridades-copy","status":"publish","type":"post","link":"https:\/\/www.boyacaleinforma.com\/?p=14262","title":{"rendered":"Ballesteros ya est\u00e1 al frente de la CAR"},"content":{"rendered":"\t\t<div data-elementor-type=\"wp-post\" data-elementor-id=\"14262\" class=\"elementor elementor-14262\" data-elementor-post-type=\"post\">\n\t\t\t\t\t\t<section class=\"elementor-section elementor-top-section elementor-element elementor-element-62b311ee elementor-section-boxed elementor-section-height-default elementor-section-height-default\" data-id=\"62b311ee\" data-element_type=\"section\" data-e-type=\"section\">\n\t\t\t\t\t\t<div class=\"elementor-container elementor-column-gap-default\">\n\t\t\t\t\t<div class=\"elementor-column elementor-col-100 elementor-top-column elementor-element elementor-element-22e424c5\" data-id=\"22e424c5\" data-element_type=\"column\" data-e-type=\"column\">\n\t\t\t<div class=\"elementor-widget-wrap elementor-element-populated\">\n\t\t\t\t\t\t<div class=\"elementor-element elementor-element-7799c32 elementor-widget elementor-widget-image\" data-id=\"7799c32\" data-element_type=\"widget\" data-e-type=\"widget\" data-widget_type=\"image.default\">\n\t\t\t\t<div class=\"elementor-widget-container\">\n\t\t\t\t\t\t\t\t\t\t\t\t<figure class=\"wp-caption\">\n\t\t\t\t\t\t\t\t\t\t<img loading=\"lazy\" width=\"640\" height=\"374\" src=\"https:\/\/www.boyacaleinforma.com\/wp-content\/uploads\/2024\/01\/la-fm-768x449.jpg\" class=\"attachment-medium_large size-medium_large wp-image-14276\" alt=\"la fm\" srcset=\"https:\/\/www.boyacaleinforma.com\/wp-content\/uploads\/2024\/01\/la-fm-768x449.jpg 768w, https:\/\/www.boyacaleinforma.com\/wp-content\/uploads\/2024\/01\/la-fm-300x175.jpg 300w, https:\/\/www.boyacaleinforma.com\/wp-content\/uploads\/2024\/01\/la-fm-1024x599.jpg 1024w, https:\/\/www.boyacaleinforma.com\/wp-content\/uploads\/2024\/01\/la-fm.jpg 1300w\" sizes=\"auto, (max-width: 640px) 100vw, 640px\" loading=\"lazy\" decoding=\"async\" \/>\t\t\t\t\t\t\t\t\t\t\t<figcaption class=\"widget-image-caption wp-caption-text\">Foto: La FM<\/figcaption>\n\t\t\t\t\t\t\t\t\t\t<\/figure>\n\t\t\t\t\t\t\t\t\t<\/div>\n\t\t\t\t<\/div>\n\t\t\t\t<div class=\"elementor-element elementor-element-16316330 elementor-widget elementor-widget-text-editor\" data-id=\"16316330\" data-element_type=\"widget\" data-e-type=\"widget\" data-widget_type=\"text-editor.default\">\n\t\t\t\t<div class=\"elementor-widget-container\">\n\t\t\t\t\t\t\t\t\t<p>El a\u00f1o pasado, el Consejo Directivo de la Corporaci\u00f3n Aut\u00f3noma Regional de Cundinamarca (CAR) eligi\u00f3 a Alfred Ignacio Ballesteros Alarc\u00f3n como el nuevo director general de la entidad para el per\u00edodo 2024-2027. Con 11 votos a favor en una sesi\u00f3n extraordinaria, Ballesteros ocupa el cargo a partir del 1 de enero de 2024.<\/p><p>Alfred Ballesteros Alarc\u00f3n es abogado de la Universidad Nacional y cuenta con especializaciones en derecho p\u00fablico y derecho contencioso administrativo. Adem\u00e1s, tiene estudios en impacto ambiental, legislaci\u00f3n ambiental, desarrollo sostenible, derecho procesal ambiental, derecho y cambio clim\u00e1tico, y gesti\u00f3n p\u00fablica para administradores de entes territoriales. Naci\u00f3 en el municipio de Susa (Cundinamarca) y posee m\u00e1s de 24 a\u00f1os de experiencia en el sector p\u00fablico y ambiental.<\/p><p>Ballesteros ha trabajado previamente en la CAR Cundinamarca, donde ejerci\u00f3 como asesor y director general entre 2012 y 2015. Durante su per\u00edodo, logr\u00f3 importantes avances, como la ejecuci\u00f3n de obras de dragado del r\u00edo Bogot\u00e1, el fortalecimiento de \u00e1reas t\u00e9cnicas y jur\u00eddicas en las direcciones regionales de la entidad, y la implementaci\u00f3n de programas de educaci\u00f3n ambiental.<\/p><p>El nuevo director asumi\u00f3 su cargo el 1 de enero de 2024, sucediendo a Luis Fernando Sanabria Mart\u00ednez, quien estuvo al frente de la entidad desde 2020. Ballesteros enfrentar\u00e1 retos importantes, entre ellos, dar continuidad a megaproyectos como la recuperaci\u00f3n del r\u00edo Bogot\u00e1, la laguna de F\u00faquene, la construcci\u00f3n de plantas de tratamiento de aguas residuales, y la implementaci\u00f3n del nuevo Plan de Gesti\u00f3n Ambiental Regional (PGAR) 2024-2035.<\/p>\t\t\t\t\t\t\t\t<\/div>\n\t\t\t\t<\/div>\n\t\t\t\t\t<\/div>\n\t\t<\/div>\n\t\t\t\t\t<\/div>\n\t\t<\/section>\n\t\t\t\t<\/div>\n\t\t","protected":false},"excerpt":{"rendered":"<p>Foto: La FM El a\u00f1o pasado, el Consejo Directivo de la Corporaci\u00f3n Aut\u00f3noma Regional de Cundinamarca (CAR) eligi\u00f3<\/p>\n","protected":false},"author":1,"featured_media":14276,"comment_status":"open","ping_status":"open","sticky":false,"template":"","format":"image","meta":{"om_disable_all_campaigns":false,"_monsterinsights_skip_tracking":false,"_monsterinsights_sitenote_active":false,"_monsterinsights_sitenote_note":"","_monsterinsights_sitenote_category":0,"footnotes":""},"categories":[5],"tags":[10],"class_list":["post-14262","post","type-post","status-publish","format-image","has-post-thumbnail","hentry","category-boyaca","tag-noticias","post_format-post-format-image"],"aioseo_notices":[],"_links":{"self":[{"href":"https:\/\/www.boyacaleinforma.com\/index.php?rest_route=\/wp\/v2\/posts\/14262","targetHints":{"allow":["GET"]}}],"collection":[{"href":"https:\/\/www.boyacaleinforma.com\/index.php?rest_route=\/wp\/v2\/posts"}],"about":[{"href":"https:\/\/www.boyacaleinforma.com\/index.php?rest_route=\/wp\/v2\/types\/post"}],"author":[{"embeddable":true,"href":"https:\/\/www.boyacaleinforma.com\/index.php?rest_route=\/wp\/v2\/users\/1"}],"replies":[{"embeddable":true,"href":"https:\/\/www.boyacaleinforma.com\/index.php?rest_route=%2Fwp%2Fv2%2Fcomments&post=14262"}],"version-history":[{"count":0,"href":"https:\/\/www.boyacaleinforma.com\/index.php?rest_route=\/wp\/v2\/posts\/14262\/revisions"}],"wp:featuredmedia":[{"embeddable":true,"href":"https:\/\/www.boyacaleinforma.com\/index.php?rest_route=\/wp\/v2\/media\/14276"}],"wp:attachment":[{"href":"https:\/\/www.boyacaleinforma.com\/index.php?rest_route=%2Fwp%2Fv2%2Fmedia&parent=14262"}],"wp:term":[{"taxonomy":"category","embeddable":true,"href":"https:\/\/www.boyacaleinforma.com\/index.php?rest_route=%2Fwp%2Fv2%2Fcategories&post=14262"},{"taxonomy":"post_tag","embeddable":true,"href":"https:\/\/www.boyacaleinforma.com\/index.php?rest_route=%2Fwp%2Fv2%2Ftags&post=14262"}],"curies":[{"name":"wp","href":"https:\/\/api.w.org\/{rel}","templated":true}]}}