{"id":14265,"date":"2024-01-04T10:11:42","date_gmt":"2024-01-04T15:11:42","guid":{"rendered":"https:\/\/www.boyacaleinforma.com\/?p=14265"},"modified":"2024-01-04T10:30:41","modified_gmt":"2024-01-04T15:30:41","slug":"modelos-ia-cautivan-celebridades-copy-copy-copy-copy","status":"publish","type":"post","link":"https:\/\/www.boyacaleinforma.com\/?p=14265","title":{"rendered":"Aumentaron los conflictos sociales"},"content":{"rendered":"\t\t<div data-elementor-type=\"wp-post\" data-elementor-id=\"14265\" class=\"elementor elementor-14265\" data-elementor-post-type=\"post\">\n\t\t\t\t\t\t<section class=\"elementor-section elementor-top-section elementor-element elementor-element-62b311ee elementor-section-boxed elementor-section-height-default elementor-section-height-default\" data-id=\"62b311ee\" data-element_type=\"section\" data-e-type=\"section\">\n\t\t\t\t\t\t<div class=\"elementor-container elementor-column-gap-default\">\n\t\t\t\t\t<div class=\"elementor-column elementor-col-100 elementor-top-column elementor-element elementor-element-22e424c5\" data-id=\"22e424c5\" data-element_type=\"column\" data-e-type=\"column\">\n\t\t\t<div class=\"elementor-widget-wrap elementor-element-populated\">\n\t\t\t\t\t\t<div class=\"elementor-element elementor-element-7799c32 elementor-widget elementor-widget-image\" data-id=\"7799c32\" data-element_type=\"widget\" data-e-type=\"widget\" data-widget_type=\"image.default\">\n\t\t\t\t<div class=\"elementor-widget-container\">\n\t\t\t\t\t\t\t\t\t\t\t\t<figure class=\"wp-caption\">\n\t\t\t\t\t\t\t\t\t\t<img loading=\"lazy\" width=\"640\" height=\"399\" src=\"https:\/\/www.boyacaleinforma.com\/wp-content\/uploads\/2024\/01\/diario-publico-768x479.jpg\" class=\"attachment-medium_large size-medium_large wp-image-14274\" alt=\"BUENAVENTURA COMPLETA 18 D\u00cdAS DE PARO CIVIL CON RECLAMOS AL GOBIERNO COLOMBIANO\" srcset=\"https:\/\/www.boyacaleinforma.com\/wp-content\/uploads\/2024\/01\/diario-publico-768x479.jpg 768w, https:\/\/www.boyacaleinforma.com\/wp-content\/uploads\/2024\/01\/diario-publico-300x187.jpg 300w, https:\/\/www.boyacaleinforma.com\/wp-content\/uploads\/2024\/01\/diario-publico-1024x639.jpg 1024w, https:\/\/www.boyacaleinforma.com\/wp-content\/uploads\/2024\/01\/diario-publico-1536x959.jpg 1536w, https:\/\/www.boyacaleinforma.com\/wp-content\/uploads\/2024\/01\/diario-publico-2048x1279.jpg 2048w\" sizes=\"auto, (max-width: 640px) 100vw, 640px\" loading=\"lazy\" decoding=\"async\" \/>\t\t\t\t\t\t\t\t\t\t\t<figcaption class=\"widget-image-caption wp-caption-text\">Foto: Diario P\u00fablico<\/figcaption>\n\t\t\t\t\t\t\t\t\t\t<\/figure>\n\t\t\t\t\t\t\t\t\t<\/div>\n\t\t\t\t<\/div>\n\t\t\t\t<div class=\"elementor-element elementor-element-16316330 elementor-widget elementor-widget-text-editor\" data-id=\"16316330\" data-element_type=\"widget\" data-e-type=\"widget\" data-widget_type=\"text-editor.default\">\n\t\t\t\t<div class=\"elementor-widget-container\">\n\t\t\t\t\t\t\t\t\t<p>El aumento del 41% en la conflictividad social durante los primeros cuatro meses del a\u00f1o en Colombia ha llevado al Defensor del Pueblo a instar al Gobierno Nacional a fortalecer las labores de prevenci\u00f3n temprana. Se registraron un total de 437 eventos de conflictividad social, siendo el 9% de ellos caracterizados por disturbios o medidas con riesgo para la integridad de los manifestantes.<\/p><p>El Defensor del Pueblo, Carlos Camargo Assis, hizo un llamado a las autoridades gubernamentales para que escuchen las preocupaciones de las comunidades y promuevan un di\u00e1logo franco que conduzca a respuestas efectivas. Destac\u00f3 la importancia de un seguimiento riguroso a los acuerdos alcanzados para evitar que las comunidades se sientan enga\u00f1adas.<\/p><p>Los eventos de conflictividad social estuvieron relacionados con diversas causas, como la garant\u00eda del derecho a la educaci\u00f3n, el respeto por los derechos laborales, la implementaci\u00f3n de medidas o pol\u00edticas de transporte, demandas de inversi\u00f3n o presencia estatal, conflictos ambientales, derechos a la salud, acceso a la tierra y territorio, entre otros.<\/p><p>Las manifestaciones de insatisfacci\u00f3n se expresaron a trav\u00e9s de bloqueos (41%), plantones o concentraciones (32%), marchas o movilizaciones (11%), ocupaci\u00f3n o toma de instalaciones (4%), y paros c\u00edvicos o cese de actividades (4%). En el 9% de los eventos se registraron disturbios o medidas con riesgo para la integridad de los manifestantes.<\/p><p>La Defensor\u00eda del Pueblo facilit\u00f3 54 espacios de di\u00e1logo en 16 departamentos, logrando consensos y acuerdos que permitieron atender las peticiones de las comunidades y levantar las manifestaciones llevadas a cabo por diversos actores sociales.<\/p>\t\t\t\t\t\t\t\t<\/div>\n\t\t\t\t<\/div>\n\t\t\t\t\t<\/div>\n\t\t<\/div>\n\t\t\t\t\t<\/div>\n\t\t<\/section>\n\t\t\t\t<\/div>\n\t\t","protected":false},"excerpt":{"rendered":"<p>Foto: Diario P\u00fablico El aumento del 41% en la conflictividad social durante los primeros cuatro meses del a\u00f1o<\/p>\n","protected":false},"author":1,"featured_media":14274,"comment_status":"open","ping_status":"open","sticky":false,"template":"","format":"image","meta":{"om_disable_all_campaigns":false,"_monsterinsights_skip_tracking":false,"_monsterinsights_sitenote_active":false,"_monsterinsights_sitenote_note":"","_monsterinsights_sitenote_category":0,"footnotes":""},"categories":[9],"tags":[10],"class_list":["post-14265","post","type-post","status-publish","format-image","has-post-thumbnail","hentry","category-colombia","tag-noticias","post_format-post-format-image"],"aioseo_notices":[],"_links":{"self":[{"href":"https:\/\/www.boyacaleinforma.com\/index.php?rest_route=\/wp\/v2\/posts\/14265","targetHints":{"allow":["GET"]}}],"collection":[{"href":"https:\/\/www.boyacaleinforma.com\/index.php?rest_route=\/wp\/v2\/posts"}],"about":[{"href":"https:\/\/www.boyacaleinforma.com\/index.php?rest_route=\/wp\/v2\/types\/post"}],"author":[{"embeddable":true,"href":"https:\/\/www.boyacaleinforma.com\/index.php?rest_route=\/wp\/v2\/users\/1"}],"replies":[{"embeddable":true,"href":"https:\/\/www.boyacaleinforma.com\/index.php?rest_route=%2Fwp%2Fv2%2Fcomments&post=14265"}],"version-history":[{"count":0,"href":"https:\/\/www.boyacaleinforma.com\/index.php?rest_route=\/wp\/v2\/posts\/14265\/revisions"}],"wp:featuredmedia":[{"embeddable":true,"href":"https:\/\/www.boyacaleinforma.com\/index.php?rest_route=\/wp\/v2\/media\/14274"}],"wp:attachment":[{"href":"https:\/\/www.boyacaleinforma.com\/index.php?rest_route=%2Fwp%2Fv2%2Fmedia&parent=14265"}],"wp:term":[{"taxonomy":"category","embeddable":true,"href":"https:\/\/www.boyacaleinforma.com\/index.php?rest_route=%2Fwp%2Fv2%2Fcategories&post=14265"},{"taxonomy":"post_tag","embeddable":true,"href":"https:\/\/www.boyacaleinforma.com\/index.php?rest_route=%2Fwp%2Fv2%2Ftags&post=14265"}],"curies":[{"name":"wp","href":"https:\/\/api.w.org\/{rel}","templated":true}]}}