{"id":14266,"date":"2024-01-04T10:12:32","date_gmt":"2024-01-04T15:12:32","guid":{"rendered":"https:\/\/www.boyacaleinforma.com\/?p=14266"},"modified":"2024-01-04T10:28:50","modified_gmt":"2024-01-04T15:28:50","slug":"modelos-ia-cautivan-celebridades-copy-copy-copy-copy-copy","status":"publish","type":"post","link":"https:\/\/www.boyacaleinforma.com\/?p=14266","title":{"rendered":"Alertan por el aumento de los casos de dengue"},"content":{"rendered":"\t\t<div data-elementor-type=\"wp-post\" data-elementor-id=\"14266\" class=\"elementor elementor-14266\" data-elementor-post-type=\"post\">\n\t\t\t\t\t\t<section class=\"elementor-section elementor-top-section elementor-element elementor-element-62b311ee elementor-section-boxed elementor-section-height-default elementor-section-height-default\" data-id=\"62b311ee\" data-element_type=\"section\" data-e-type=\"section\">\n\t\t\t\t\t\t<div class=\"elementor-container elementor-column-gap-default\">\n\t\t\t\t\t<div class=\"elementor-column elementor-col-100 elementor-top-column elementor-element elementor-element-22e424c5\" data-id=\"22e424c5\" data-element_type=\"column\" data-e-type=\"column\">\n\t\t\t<div class=\"elementor-widget-wrap elementor-element-populated\">\n\t\t\t\t\t\t<div class=\"elementor-element elementor-element-7799c32 elementor-widget elementor-widget-image\" data-id=\"7799c32\" data-element_type=\"widget\" data-e-type=\"widget\" data-widget_type=\"image.default\">\n\t\t\t\t<div class=\"elementor-widget-container\">\n\t\t\t\t\t\t\t\t\t\t\t\t<figure class=\"wp-caption\">\n\t\t\t\t\t\t\t\t\t\t<img loading=\"lazy\" width=\"640\" height=\"360\" src=\"https:\/\/www.boyacaleinforma.com\/wp-content\/uploads\/2024\/01\/cdc-768x432.jpg\" class=\"attachment-medium_large size-medium_large wp-image-14272\" alt=\"cdc\" srcset=\"https:\/\/www.boyacaleinforma.com\/wp-content\/uploads\/2024\/01\/cdc-768x432.jpg 768w, https:\/\/www.boyacaleinforma.com\/wp-content\/uploads\/2024\/01\/cdc-300x169.jpg 300w, https:\/\/www.boyacaleinforma.com\/wp-content\/uploads\/2024\/01\/cdc-1024x576.jpg 1024w, https:\/\/www.boyacaleinforma.com\/wp-content\/uploads\/2024\/01\/cdc.jpg 1200w\" sizes=\"auto, (max-width: 640px) 100vw, 640px\" loading=\"lazy\" decoding=\"async\" \/>\t\t\t\t\t\t\t\t\t\t\t<figcaption class=\"widget-image-caption wp-caption-text\">Foto: CDC<\/figcaption>\n\t\t\t\t\t\t\t\t\t\t<\/figure>\n\t\t\t\t\t\t\t\t\t<\/div>\n\t\t\t\t<\/div>\n\t\t\t\t<div class=\"elementor-element elementor-element-16316330 elementor-widget elementor-widget-text-editor\" data-id=\"16316330\" data-element_type=\"widget\" data-e-type=\"widget\" data-widget_type=\"text-editor.default\">\n\t\t\t\t<div class=\"elementor-widget-container\">\n\t\t\t\t\t\t\t\t\t<p>La situaci\u00f3n de aumento de casos de dengue en Colombia es preocupante, con 183 municipios en situaci\u00f3n de brote y 143 en alerta epidemiol\u00f3gica. El fen\u00f3meno de La Ni\u00f1a y el comportamiento c\u00edclico del vector han contribuido al incremento de casos en la regi\u00f3n de las Am\u00e9ricas, y Colombia no es una excepci\u00f3n.<\/p><p>El Ministerio de Salud y Protecci\u00f3n Social ha tomado diversas acciones para hacer frente a la situaci\u00f3n. Desde el inicio de 2023, se emitieron instrucciones para intensificar y fortalecer las acciones de prevenci\u00f3n, atenci\u00f3n integral, vigilancia y control del dengue. Se ha llevado a cabo una reuni\u00f3n del Puesto de Mando Unificado Nacional, orientada a coordinar acciones durante eventos como la Semana Santa, y se han implementado capacitaciones para el personal de salud en la atenci\u00f3n cl\u00ednica de los casos de dengue.<\/p><p>Adem\u00e1s, se est\u00e1 llevando a cabo la primera #SemanaContraElDengue, en la cual estudiantes de todo el pa\u00eds est\u00e1n participando en la lucha contra la enfermedad. Estas actividades incluyen la identificaci\u00f3n de posibles criaderos de mosquitos, el lavado de tanques de agua y albercas, y otras estrategias de prevenci\u00f3n.<\/p><p>El Ministerio ha establecido un plan de acci\u00f3n que aborda cinco l\u00edneas estrat\u00e9gicas: gesti\u00f3n integral de la contingencia, intensificaci\u00f3n de la vigilancia en salud p\u00fablica, promoci\u00f3n de la salud y prevenci\u00f3n primaria de la transmisi\u00f3n, manejo integral de casos, y comunicaci\u00f3n de riesgo y para la salud.<\/p><p>La comunidad tambi\u00e9n se ha instado a tomar medidas de autocuidado en la prevenci\u00f3n del dengue, como el lavado regular de tanques de agua, la eliminaci\u00f3n de criaderos de mosquitos, el uso de ropa que cubra la piel, la aplicaci\u00f3n de repelentes y la utilizaci\u00f3n de mosquiteros.<\/p><p>En este contexto, es crucial que la comunidad siga las recomendaciones y que las autoridades contin\u00faen con las acciones preventivas y de control para mitigar la propagaci\u00f3n del dengue en el pa\u00eds.<\/p>\t\t\t\t\t\t\t\t<\/div>\n\t\t\t\t<\/div>\n\t\t\t\t\t<\/div>\n\t\t<\/div>\n\t\t\t\t\t<\/div>\n\t\t<\/section>\n\t\t\t\t<\/div>\n\t\t","protected":false},"excerpt":{"rendered":"<p>Foto: CDC La situaci\u00f3n de aumento de casos de dengue en Colombia es preocupante, con 183 municipios en<\/p>\n","protected":false},"author":1,"featured_media":14272,"comment_status":"open","ping_status":"open","sticky":false,"template":"","format":"image","meta":{"om_disable_all_campaigns":false,"_monsterinsights_skip_tracking":false,"_monsterinsights_sitenote_active":false,"_monsterinsights_sitenote_note":"","_monsterinsights_sitenote_category":0,"footnotes":""},"categories":[9],"tags":[10],"class_list":["post-14266","post","type-post","status-publish","format-image","has-post-thumbnail","hentry","category-colombia","tag-noticias","post_format-post-format-image"],"aioseo_notices":[],"_links":{"self":[{"href":"https:\/\/www.boyacaleinforma.com\/index.php?rest_route=\/wp\/v2\/posts\/14266","targetHints":{"allow":["GET"]}}],"collection":[{"href":"https:\/\/www.boyacaleinforma.com\/index.php?rest_route=\/wp\/v2\/posts"}],"about":[{"href":"https:\/\/www.boyacaleinforma.com\/index.php?rest_route=\/wp\/v2\/types\/post"}],"author":[{"embeddable":true,"href":"https:\/\/www.boyacaleinforma.com\/index.php?rest_route=\/wp\/v2\/users\/1"}],"replies":[{"embeddable":true,"href":"https:\/\/www.boyacaleinforma.com\/index.php?rest_route=%2Fwp%2Fv2%2Fcomments&post=14266"}],"version-history":[{"count":0,"href":"https:\/\/www.boyacaleinforma.com\/index.php?rest_route=\/wp\/v2\/posts\/14266\/revisions"}],"wp:featuredmedia":[{"embeddable":true,"href":"https:\/\/www.boyacaleinforma.com\/index.php?rest_route=\/wp\/v2\/media\/14272"}],"wp:attachment":[{"href":"https:\/\/www.boyacaleinforma.com\/index.php?rest_route=%2Fwp%2Fv2%2Fmedia&parent=14266"}],"wp:term":[{"taxonomy":"category","embeddable":true,"href":"https:\/\/www.boyacaleinforma.com\/index.php?rest_route=%2Fwp%2Fv2%2Fcategories&post=14266"},{"taxonomy":"post_tag","embeddable":true,"href":"https:\/\/www.boyacaleinforma.com\/index.php?rest_route=%2Fwp%2Fv2%2Ftags&post=14266"}],"curies":[{"name":"wp","href":"https:\/\/api.w.org\/{rel}","templated":true}]}}