{"id":14268,"date":"2024-01-04T10:13:25","date_gmt":"2024-01-04T15:13:25","guid":{"rendered":"https:\/\/www.boyacaleinforma.com\/?p=14268"},"modified":"2024-01-04T10:25:12","modified_gmt":"2024-01-04T15:25:12","slug":"modelos-ia-cautivan-celebridades-copy-copy-copy-copy-copy-copy-copy","status":"publish","type":"post","link":"https:\/\/www.boyacaleinforma.com\/?p=14268","title":{"rendered":"\u2018Panamericanos\u2019 no quisieron a Barranquilla"},"content":{"rendered":"\t\t<div data-elementor-type=\"wp-post\" data-elementor-id=\"14268\" class=\"elementor elementor-14268\" data-elementor-post-type=\"post\">\n\t\t\t\t\t\t<section class=\"elementor-section elementor-top-section elementor-element elementor-element-62b311ee elementor-section-boxed elementor-section-height-default elementor-section-height-default\" data-id=\"62b311ee\" data-element_type=\"section\" data-e-type=\"section\">\n\t\t\t\t\t\t<div class=\"elementor-container elementor-column-gap-default\">\n\t\t\t\t\t<div class=\"elementor-column elementor-col-100 elementor-top-column elementor-element elementor-element-22e424c5\" data-id=\"22e424c5\" data-element_type=\"column\" data-e-type=\"column\">\n\t\t\t<div class=\"elementor-widget-wrap elementor-element-populated\">\n\t\t\t\t\t\t<div class=\"elementor-element elementor-element-7799c32 elementor-widget elementor-widget-image\" data-id=\"7799c32\" data-element_type=\"widget\" data-e-type=\"widget\" data-widget_type=\"image.default\">\n\t\t\t\t<div class=\"elementor-widget-container\">\n\t\t\t\t\t\t\t\t\t\t\t\t<figure class=\"wp-caption\">\n\t\t\t\t\t\t\t\t\t\t<img loading=\"lazy\" width=\"640\" height=\"426\" src=\"https:\/\/www.boyacaleinforma.com\/wp-content\/uploads\/2024\/01\/blu-radio-768x511.jpg\" class=\"attachment-medium_large size-medium_large wp-image-14271\" alt=\"blu radio\" srcset=\"https:\/\/www.boyacaleinforma.com\/wp-content\/uploads\/2024\/01\/blu-radio-768x511.jpg 768w, https:\/\/www.boyacaleinforma.com\/wp-content\/uploads\/2024\/01\/blu-radio-300x200.jpg 300w, https:\/\/www.boyacaleinforma.com\/wp-content\/uploads\/2024\/01\/blu-radio.jpg 1000w\" sizes=\"auto, (max-width: 640px) 100vw, 640px\" loading=\"lazy\" decoding=\"async\" \/>\t\t\t\t\t\t\t\t\t\t\t<figcaption class=\"widget-image-caption wp-caption-text\">Foto: Blu Radio<\/figcaption>\n\t\t\t\t\t\t\t\t\t\t<\/figure>\n\t\t\t\t\t\t\t\t\t<\/div>\n\t\t\t\t<\/div>\n\t\t\t\t<div class=\"elementor-element elementor-element-16316330 elementor-widget elementor-widget-text-editor\" data-id=\"16316330\" data-element_type=\"widget\" data-e-type=\"widget\" data-widget_type=\"text-editor.default\">\n\t\t\t\t<div class=\"elementor-widget-container\">\n\t\t\t\t\t\t\t\t\t<p>Seg\u00fan la informaci\u00f3n proporcionada, la p\u00e9rdida de la sede de los Juegos Panamericanos 2027 en Barranquilla se atribuye a varios factores, incluyendo la falta de pago de la primera cuota a Panam Sports. Diferentes sectores se\u00f1alan al Gobierno de Gustavo Petro por no cumplir con el pago inicial, pero tambi\u00e9n hay acusaciones hacia el exalcalde Jaime Pumarejo y el presidente del Comit\u00e9 Ol\u00edmpico Colombiano, Ciro Solano.<\/p><p>Seg\u00fan el activista pol\u00edtico Leonardo Guzm\u00e1n, Pumarejo fue advertido sobre el incumplimiento en cl\u00e1usulas del contrato con Panam Sports y se le dio un plazo de 60 d\u00edas para cumplir. Guzm\u00e1n responsabiliza a Pumarejo como el principal responsable de la p\u00e9rdida de los juegos.<\/p><p>En cuanto a la versi\u00f3n del actual alcalde de Barranquilla, Alejandro Char, se afirma que el presidente Gustavo Petro hab\u00eda autorizado el pago de cuatro millones de d\u00f3lares como la primera cuota antes de finalizar el a\u00f1o 2023, pero el pago no se realiz\u00f3 seg\u00fan lo programado.<\/p><p>Adem\u00e1s, se menciona un cronograma de pagos que comenzaban en 2023 y culminaban en 2027, con la Alcald\u00eda de Barranquilla responsable de dos millones de d\u00f3lares y la cartera de Astrid Rodr\u00edguez a cargo de los ocho millones de d\u00f3lares que provocaron la decisi\u00f3n de Panam Sports.<\/p><p>Hasta el momento, no hay una respuesta oficial de Jaime Pumarejo ni de Astrid Rodr\u00edguez sobre las razones para no entregar los recursos para la sede de los Juegos Panamericanos. Se espera un pronunciamiento del Ministerio del Deporte y el Comit\u00e9 Ol\u00edmpico Colombiano para esclarecer la situaci\u00f3n relacionada con el dinero y el incumplimiento contractual.<\/p>\t\t\t\t\t\t\t\t<\/div>\n\t\t\t\t<\/div>\n\t\t\t\t\t<\/div>\n\t\t<\/div>\n\t\t\t\t\t<\/div>\n\t\t<\/section>\n\t\t\t\t<\/div>\n\t\t","protected":false},"excerpt":{"rendered":"<p>Foto: Blu Radio Seg\u00fan la informaci\u00f3n proporcionada, la p\u00e9rdida de la sede de los Juegos Panamericanos 2027 en<\/p>\n","protected":false},"author":1,"featured_media":14271,"comment_status":"open","ping_status":"open","sticky":false,"template":"","format":"image","meta":{"om_disable_all_campaigns":false,"_monsterinsights_skip_tracking":false,"_monsterinsights_sitenote_active":false,"_monsterinsights_sitenote_note":"","_monsterinsights_sitenote_category":0,"footnotes":""},"categories":[7],"tags":[10],"class_list":["post-14268","post","type-post","status-publish","format-image","has-post-thumbnail","hentry","category-deportes","tag-noticias","post_format-post-format-image"],"aioseo_notices":[],"_links":{"self":[{"href":"https:\/\/www.boyacaleinforma.com\/index.php?rest_route=\/wp\/v2\/posts\/14268","targetHints":{"allow":["GET"]}}],"collection":[{"href":"https:\/\/www.boyacaleinforma.com\/index.php?rest_route=\/wp\/v2\/posts"}],"about":[{"href":"https:\/\/www.boyacaleinforma.com\/index.php?rest_route=\/wp\/v2\/types\/post"}],"author":[{"embeddable":true,"href":"https:\/\/www.boyacaleinforma.com\/index.php?rest_route=\/wp\/v2\/users\/1"}],"replies":[{"embeddable":true,"href":"https:\/\/www.boyacaleinforma.com\/index.php?rest_route=%2Fwp%2Fv2%2Fcomments&post=14268"}],"version-history":[{"count":0,"href":"https:\/\/www.boyacaleinforma.com\/index.php?rest_route=\/wp\/v2\/posts\/14268\/revisions"}],"wp:featuredmedia":[{"embeddable":true,"href":"https:\/\/www.boyacaleinforma.com\/index.php?rest_route=\/wp\/v2\/media\/14271"}],"wp:attachment":[{"href":"https:\/\/www.boyacaleinforma.com\/index.php?rest_route=%2Fwp%2Fv2%2Fmedia&parent=14268"}],"wp:term":[{"taxonomy":"category","embeddable":true,"href":"https:\/\/www.boyacaleinforma.com\/index.php?rest_route=%2Fwp%2Fv2%2Fcategories&post=14268"},{"taxonomy":"post_tag","embeddable":true,"href":"https:\/\/www.boyacaleinforma.com\/index.php?rest_route=%2Fwp%2Fv2%2Ftags&post=14268"}],"curies":[{"name":"wp","href":"https:\/\/api.w.org\/{rel}","templated":true}]}}