{"id":14320,"date":"2024-01-05T07:18:10","date_gmt":"2024-01-05T12:18:10","guid":{"rendered":"https:\/\/www.boyacaleinforma.com\/?p=14320"},"modified":"2024-01-05T07:31:37","modified_gmt":"2024-01-05T12:31:37","slug":"por-que-no-roglic-copy-copy-copy","status":"publish","type":"post","link":"https:\/\/www.boyacaleinforma.com\/?p=14320","title":{"rendered":"Medio enero sin restricci\u00f3n"},"content":{"rendered":"\t\t<div data-elementor-type=\"wp-post\" data-elementor-id=\"14320\" class=\"elementor elementor-14320\" data-elementor-post-type=\"post\">\n\t\t\t\t\t\t<section class=\"elementor-section elementor-top-section elementor-element elementor-element-62b311ee elementor-section-boxed elementor-section-height-default elementor-section-height-default\" data-id=\"62b311ee\" data-element_type=\"section\" data-e-type=\"section\">\n\t\t\t\t\t\t<div class=\"elementor-container elementor-column-gap-default\">\n\t\t\t\t\t<div class=\"elementor-column elementor-col-100 elementor-top-column elementor-element elementor-element-22e424c5\" data-id=\"22e424c5\" data-element_type=\"column\" data-e-type=\"column\">\n\t\t\t<div class=\"elementor-widget-wrap elementor-element-populated\">\n\t\t\t\t\t\t<div class=\"elementor-element elementor-element-7799c32 elementor-widget elementor-widget-image\" data-id=\"7799c32\" data-element_type=\"widget\" data-e-type=\"widget\" data-widget_type=\"image.default\">\n\t\t\t\t<div class=\"elementor-widget-container\">\n\t\t\t\t\t\t\t\t\t\t\t\t<figure class=\"wp-caption\">\n\t\t\t\t\t\t\t\t\t\t<img loading=\"lazy\" width=\"640\" height=\"334\" src=\"https:\/\/www.boyacaleinforma.com\/wp-content\/uploads\/2024\/01\/boyaca-radio-768x401.jpg\" class=\"attachment-medium_large size-medium_large wp-image-14327\" alt=\"boyaca radio\" srcset=\"https:\/\/www.boyacaleinforma.com\/wp-content\/uploads\/2024\/01\/boyaca-radio-768x401.jpg 768w, https:\/\/www.boyacaleinforma.com\/wp-content\/uploads\/2024\/01\/boyaca-radio-300x156.jpg 300w, https:\/\/www.boyacaleinforma.com\/wp-content\/uploads\/2024\/01\/boyaca-radio.jpg 972w\" sizes=\"auto, (max-width: 640px) 100vw, 640px\" loading=\"lazy\" decoding=\"async\" \/>\t\t\t\t\t\t\t\t\t\t\t<figcaption class=\"widget-image-caption wp-caption-text\">Foto: Boyac\u00e1 Radio<\/figcaption>\n\t\t\t\t\t\t\t\t\t\t<\/figure>\n\t\t\t\t\t\t\t\t\t<\/div>\n\t\t\t\t<\/div>\n\t\t\t\t<div class=\"elementor-element elementor-element-16316330 elementor-widget elementor-widget-text-editor\" data-id=\"16316330\" data-element_type=\"widget\" data-e-type=\"widget\" data-widget_type=\"text-editor.default\">\n\t\t\t\t<div class=\"elementor-widget-container\">\n\t\t\t\t\t\t\t\t\t<p>La decisi\u00f3n del alcalde de Tunja, Mikhail Krasnov, de suspender temporalmente el &#8216;pico y placa&#8217; con el objetivo de impulsar el turismo y fortalecer el comercio local es una iniciativa interesante. Aqu\u00ed hay un resumen de los puntos clave:<\/p><p><strong>Suspensi\u00f3n temporal del &#8216;pico y placa&#8217;:<\/strong><\/p><p>El alcalde anunci\u00f3 la suspensi\u00f3n del &#8216;pico y placa&#8217; mediante el Decreto Municipal 0011 del 2 de enero de 2024.<\/p><p>La medida permite la circulaci\u00f3n libre de veh\u00edculos particulares desde el pasado martes hasta el 14 de enero.<\/p><p><strong>Objetivos de la medida:<\/strong><\/p><p>La decisi\u00f3n busca incentivar el turismo en Tunja.<\/p><p>El alcalde destaca la intenci\u00f3n de fortalecer el comercio local a trav\u00e9s de esta iniciativa.<\/p><p>Se menciona que la suspensi\u00f3n temporal es un paso para conectar a Tunja con el mundo.<\/p><p><strong>Impacto en la econom\u00eda local:<\/strong><\/p><p>Se espera que la suspensi\u00f3n del &#8216;pico y placa&#8217; tenga un impacto positivo en la econom\u00eda local.<\/p><p>La medida permite que los negocios locales se beneficien de un aumento en el flujo de visitantes durante el per\u00edodo exento de restricciones de circulaci\u00f3n vehicular.<\/p><p>Esta estrategia busca equilibrar la regulaci\u00f3n del tr\u00e1fico con el est\u00edmulo a la actividad econ\u00f3mica y tur\u00edstica en Tunja. El tiempo dir\u00e1 c\u00f3mo esta medida afectar\u00e1 positivamente a la ciudad y a sus habitantes.<\/p>\t\t\t\t\t\t\t\t<\/div>\n\t\t\t\t<\/div>\n\t\t\t\t\t<\/div>\n\t\t<\/div>\n\t\t\t\t\t<\/div>\n\t\t<\/section>\n\t\t\t\t<\/div>\n\t\t","protected":false},"excerpt":{"rendered":"<p>Foto: Boyac\u00e1 Radio La decisi\u00f3n del alcalde de Tunja, Mikhail Krasnov, de suspender temporalmente el &#8216;pico y placa&#8217;<\/p>\n","protected":false},"author":1,"featured_media":14327,"comment_status":"open","ping_status":"open","sticky":false,"template":"","format":"image","meta":{"om_disable_all_campaigns":false,"_monsterinsights_skip_tracking":false,"_monsterinsights_sitenote_active":false,"_monsterinsights_sitenote_note":"","_monsterinsights_sitenote_category":0,"footnotes":""},"categories":[6],"tags":[10],"class_list":["post-14320","post","type-post","status-publish","format-image","has-post-thumbnail","hentry","category-tunja","tag-noticias","post_format-post-format-image"],"aioseo_notices":[],"_links":{"self":[{"href":"https:\/\/www.boyacaleinforma.com\/index.php?rest_route=\/wp\/v2\/posts\/14320","targetHints":{"allow":["GET"]}}],"collection":[{"href":"https:\/\/www.boyacaleinforma.com\/index.php?rest_route=\/wp\/v2\/posts"}],"about":[{"href":"https:\/\/www.boyacaleinforma.com\/index.php?rest_route=\/wp\/v2\/types\/post"}],"author":[{"embeddable":true,"href":"https:\/\/www.boyacaleinforma.com\/index.php?rest_route=\/wp\/v2\/users\/1"}],"replies":[{"embeddable":true,"href":"https:\/\/www.boyacaleinforma.com\/index.php?rest_route=%2Fwp%2Fv2%2Fcomments&post=14320"}],"version-history":[{"count":0,"href":"https:\/\/www.boyacaleinforma.com\/index.php?rest_route=\/wp\/v2\/posts\/14320\/revisions"}],"wp:featuredmedia":[{"embeddable":true,"href":"https:\/\/www.boyacaleinforma.com\/index.php?rest_route=\/wp\/v2\/media\/14327"}],"wp:attachment":[{"href":"https:\/\/www.boyacaleinforma.com\/index.php?rest_route=%2Fwp%2Fv2%2Fmedia&parent=14320"}],"wp:term":[{"taxonomy":"category","embeddable":true,"href":"https:\/\/www.boyacaleinforma.com\/index.php?rest_route=%2Fwp%2Fv2%2Fcategories&post=14320"},{"taxonomy":"post_tag","embeddable":true,"href":"https:\/\/www.boyacaleinforma.com\/index.php?rest_route=%2Fwp%2Fv2%2Ftags&post=14320"}],"curies":[{"name":"wp","href":"https:\/\/api.w.org\/{rel}","templated":true}]}}