{"id":14321,"date":"2024-01-05T07:19:39","date_gmt":"2024-01-05T12:19:39","guid":{"rendered":"https:\/\/www.boyacaleinforma.com\/?p=14321"},"modified":"2024-01-05T07:29:42","modified_gmt":"2024-01-05T12:29:42","slug":"por-que-no-roglic-copy-copy-copy-copy","status":"publish","type":"post","link":"https:\/\/www.boyacaleinforma.com\/?p=14321","title":{"rendered":"Con toda arranc\u00f3 la Boyac\u00e1 Grande"},"content":{"rendered":"\t\t<div data-elementor-type=\"wp-post\" data-elementor-id=\"14321\" class=\"elementor elementor-14321\" data-elementor-post-type=\"post\">\n\t\t\t\t\t\t<section class=\"elementor-section elementor-top-section elementor-element elementor-element-62b311ee elementor-section-boxed elementor-section-height-default elementor-section-height-default\" data-id=\"62b311ee\" data-element_type=\"section\" data-e-type=\"section\">\n\t\t\t\t\t\t<div class=\"elementor-container elementor-column-gap-default\">\n\t\t\t\t\t<div class=\"elementor-column elementor-col-100 elementor-top-column elementor-element elementor-element-22e424c5\" data-id=\"22e424c5\" data-element_type=\"column\" data-e-type=\"column\">\n\t\t\t<div class=\"elementor-widget-wrap elementor-element-populated\">\n\t\t\t\t\t\t<div class=\"elementor-element elementor-element-7799c32 elementor-widget elementor-widget-image\" data-id=\"7799c32\" data-element_type=\"widget\" data-e-type=\"widget\" data-widget_type=\"image.default\">\n\t\t\t\t<div class=\"elementor-widget-container\">\n\t\t\t\t\t\t\t\t\t\t\t\t<figure class=\"wp-caption\">\n\t\t\t\t\t\t\t\t\t\t<img loading=\"lazy\" width=\"300\" height=\"168\" src=\"https:\/\/www.boyacaleinforma.com\/wp-content\/uploads\/2024\/01\/descarga-2.jpg\" class=\"attachment-medium_large size-medium_large wp-image-14328\" alt=\"descarga\" loading=\"lazy\" decoding=\"async\" \/>\t\t\t\t\t\t\t\t\t\t\t<figcaption class=\"widget-image-caption wp-caption-text\">Foto: Archivo<\/figcaption>\n\t\t\t\t\t\t\t\t\t\t<\/figure>\n\t\t\t\t\t\t\t\t\t<\/div>\n\t\t\t\t<\/div>\n\t\t\t\t<div class=\"elementor-element elementor-element-16316330 elementor-widget elementor-widget-text-editor\" data-id=\"16316330\" data-element_type=\"widget\" data-e-type=\"widget\" data-widget_type=\"text-editor.default\">\n\t\t\t\t<div class=\"elementor-widget-container\">\n\t\t\t\t\t\t\t\t\t<p>Es alentador ver c\u00f3mo el gobernador electo, Carlos Amaya, est\u00e1 tomando medidas para fortalecer el desarrollo del campo y el sector TIC en Boyac\u00e1. Aqu\u00ed hay un resumen de las acciones destacadas:<\/p><ol><li><strong> Alianza con Bavaria para impulsar el campo boyacense:<\/strong><\/li><\/ol><p>Carlos Amaya se reuni\u00f3 con las altas directivas de Bavaria, incluyendo al presidente Sergio Rinc\u00f3n y la vicepresidente Samira Fadul, con el objetivo de establecer una alianza que beneficie al campo boyacense.<\/p><p>En enero, junto a Bavaria, se espera la revelaci\u00f3n de una importante noticia para los agricultores boyacenses.<\/p><p>Se anuncia el inicio de una mesa t\u00e9cnica con Bavaria y la invitaci\u00f3n al Ministerio de Agricultura para impulsar la producci\u00f3n de cebada en Boyac\u00e1. El objetivo es que la cerveza producida en la planta de Bavaria en Duitama utilice cebada boyacense.<\/p><ol start=\"2\"><li><strong> Impulso al sector TIC:<\/strong><\/li><\/ol><p>Carlos Amaya, junto a la pr\u00f3xima secretaria TIC, Sandra Urrutia, se reuni\u00f3 con el ministro de TIC, Mauricio Lizcano, para avanzar en gestiones para el pr\u00f3ximo cuatrienio.<\/p><p>Se identifican cinco proyectos clave para el desarrollo del sector TIC en Boyac\u00e1:<\/p><p>Conectividad.<\/p><p>Alfabetizaci\u00f3n digital y apropiaci\u00f3n.<\/p><p>Fomento de herramientas digitales.<\/p><p>Promoci\u00f3n del desarrollo del software libre.<\/p><p>Promoci\u00f3n de emprendimientos y desarrollo de industrias 4.0.<\/p><p>Se confirma el inicio de operaci\u00f3n de 100 comunidades digitales en todo el departamento a partir de enero.<\/p><p>Estas iniciativas prometen fortalecer la econom\u00eda y la infraestructura digital en Boyac\u00e1, brindando oportunidades significativas para el desarrollo sostenible en la regi\u00f3n.<\/p>\t\t\t\t\t\t\t\t<\/div>\n\t\t\t\t<\/div>\n\t\t\t\t\t<\/div>\n\t\t<\/div>\n\t\t\t\t\t<\/div>\n\t\t<\/section>\n\t\t\t\t<\/div>\n\t\t","protected":false},"excerpt":{"rendered":"<p>Foto: Archivo Es alentador ver c\u00f3mo el gobernador electo, Carlos Amaya, est\u00e1 tomando medidas para fortalecer el desarrollo<\/p>\n","protected":false},"author":1,"featured_media":14328,"comment_status":"open","ping_status":"open","sticky":false,"template":"","format":"image","meta":{"om_disable_all_campaigns":false,"_monsterinsights_skip_tracking":false,"_monsterinsights_sitenote_active":false,"_monsterinsights_sitenote_note":"","_monsterinsights_sitenote_category":0,"footnotes":""},"categories":[5],"tags":[10],"class_list":["post-14321","post","type-post","status-publish","format-image","has-post-thumbnail","hentry","category-boyaca","tag-noticias","post_format-post-format-image"],"aioseo_notices":[],"_links":{"self":[{"href":"https:\/\/www.boyacaleinforma.com\/index.php?rest_route=\/wp\/v2\/posts\/14321","targetHints":{"allow":["GET"]}}],"collection":[{"href":"https:\/\/www.boyacaleinforma.com\/index.php?rest_route=\/wp\/v2\/posts"}],"about":[{"href":"https:\/\/www.boyacaleinforma.com\/index.php?rest_route=\/wp\/v2\/types\/post"}],"author":[{"embeddable":true,"href":"https:\/\/www.boyacaleinforma.com\/index.php?rest_route=\/wp\/v2\/users\/1"}],"replies":[{"embeddable":true,"href":"https:\/\/www.boyacaleinforma.com\/index.php?rest_route=%2Fwp%2Fv2%2Fcomments&post=14321"}],"version-history":[{"count":0,"href":"https:\/\/www.boyacaleinforma.com\/index.php?rest_route=\/wp\/v2\/posts\/14321\/revisions"}],"wp:featuredmedia":[{"embeddable":true,"href":"https:\/\/www.boyacaleinforma.com\/index.php?rest_route=\/wp\/v2\/media\/14328"}],"wp:attachment":[{"href":"https:\/\/www.boyacaleinforma.com\/index.php?rest_route=%2Fwp%2Fv2%2Fmedia&parent=14321"}],"wp:term":[{"taxonomy":"category","embeddable":true,"href":"https:\/\/www.boyacaleinforma.com\/index.php?rest_route=%2Fwp%2Fv2%2Fcategories&post=14321"},{"taxonomy":"post_tag","embeddable":true,"href":"https:\/\/www.boyacaleinforma.com\/index.php?rest_route=%2Fwp%2Fv2%2Ftags&post=14321"}],"curies":[{"name":"wp","href":"https:\/\/api.w.org\/{rel}","templated":true}]}}