{"id":14322,"date":"2024-01-05T07:19:53","date_gmt":"2024-01-05T12:19:53","guid":{"rendered":"https:\/\/www.boyacaleinforma.com\/?p=14322"},"modified":"2024-01-05T07:27:54","modified_gmt":"2024-01-05T12:27:54","slug":"por-que-no-roglic-copy-copy-copy-copy-copy","status":"publish","type":"post","link":"https:\/\/www.boyacaleinforma.com\/?p=14322","title":{"rendered":"Este a\u00f1o no subir\u00e1 tanto la gasolina"},"content":{"rendered":"\t\t<div data-elementor-type=\"wp-post\" data-elementor-id=\"14322\" class=\"elementor elementor-14322\" data-elementor-post-type=\"post\">\n\t\t\t\t\t\t<section class=\"elementor-section elementor-top-section elementor-element elementor-element-62b311ee elementor-section-boxed elementor-section-height-default elementor-section-height-default\" data-id=\"62b311ee\" data-element_type=\"section\" data-e-type=\"section\">\n\t\t\t\t\t\t<div class=\"elementor-container elementor-column-gap-default\">\n\t\t\t\t\t<div class=\"elementor-column elementor-col-100 elementor-top-column elementor-element elementor-element-22e424c5\" data-id=\"22e424c5\" data-element_type=\"column\" data-e-type=\"column\">\n\t\t\t<div class=\"elementor-widget-wrap elementor-element-populated\">\n\t\t\t\t\t\t<div class=\"elementor-element elementor-element-7799c32 elementor-widget elementor-widget-image\" data-id=\"7799c32\" data-element_type=\"widget\" data-e-type=\"widget\" data-widget_type=\"image.default\">\n\t\t\t\t<div class=\"elementor-widget-container\">\n\t\t\t\t\t\t\t\t\t\t\t\t<figure class=\"wp-caption\">\n\t\t\t\t\t\t\t\t\t\t<img loading=\"lazy\" width=\"640\" height=\"480\" src=\"https:\/\/www.boyacaleinforma.com\/wp-content\/uploads\/2024\/01\/radio-nal-de-col-768x576.jpg\" class=\"attachment-medium_large size-medium_large wp-image-14331\" alt=\"radio nal de col\" srcset=\"https:\/\/www.boyacaleinforma.com\/wp-content\/uploads\/2024\/01\/radio-nal-de-col-768x576.jpg 768w, https:\/\/www.boyacaleinforma.com\/wp-content\/uploads\/2024\/01\/radio-nal-de-col-300x225.jpg 300w, https:\/\/www.boyacaleinforma.com\/wp-content\/uploads\/2024\/01\/radio-nal-de-col-1024x768.jpg 1024w, https:\/\/www.boyacaleinforma.com\/wp-content\/uploads\/2024\/01\/radio-nal-de-col.jpg 1200w\" sizes=\"auto, (max-width: 640px) 100vw, 640px\" loading=\"lazy\" decoding=\"async\" \/>\t\t\t\t\t\t\t\t\t\t\t<figcaption class=\"widget-image-caption wp-caption-text\">Foto: Radio Nacional de Colombia<\/figcaption>\n\t\t\t\t\t\t\t\t\t\t<\/figure>\n\t\t\t\t\t\t\t\t\t<\/div>\n\t\t\t\t<\/div>\n\t\t\t\t<div class=\"elementor-element elementor-element-16316330 elementor-widget elementor-widget-text-editor\" data-id=\"16316330\" data-element_type=\"widget\" data-e-type=\"widget\" data-widget_type=\"text-editor.default\">\n\t\t\t\t<div class=\"elementor-widget-container\">\n\t\t\t\t\t\t\t\t\t<p>En 2024 se llevar\u00e1n a cabo dos incrementos en los precios de los peajes en Colombia. El ministro de Transporte, William Camargo, menciona que el hueco generado por el congelamiento de los peajes en 2023 asciende a casi $1 bill\u00f3n.<\/p><p>El primer aumento, que se implementar\u00e1 desde el primero de enero, se basar\u00e1 en la inflaci\u00f3n de 2022, estimada entre el 12 y el 13 %. El segundo aumento ocurrir\u00e1 hacia mediados del primer semestre o posiblemente en el tercer trimestre de 2024 y estar\u00e1 determinado por el \u00cdndice de Precios del Consumidor (IPC) de ese a\u00f1o. La fecha exacta depender\u00e1 del comportamiento econ\u00f3mico y del componente inflacionario.<\/p><p>El ministro Camargo tambi\u00e9n menciona que el Ministerio de Hacienda ya ha habilitado $500.000 millones para hacer frente al hueco fiscal, y el resto se cubrir\u00e1 a trav\u00e9s de mecanismos de contratos y otras fuentes de financiaci\u00f3n, incluyendo iniciativas privadas. Se se\u00f1ala que se est\u00e1n revisando actas con los concesionarios, y se asegura que los recursos necesarios estar\u00e1n disponibles para cubrir el d\u00e9ficit generado por el congelamiento de los peajes.<\/p>\t\t\t\t\t\t\t\t<\/div>\n\t\t\t\t<\/div>\n\t\t\t\t\t<\/div>\n\t\t<\/div>\n\t\t\t\t\t<\/div>\n\t\t<\/section>\n\t\t\t\t<\/div>\n\t\t","protected":false},"excerpt":{"rendered":"<p>Foto: Radio Nacional de Colombia En 2024 se llevar\u00e1n a cabo dos incrementos en los precios de los<\/p>\n","protected":false},"author":1,"featured_media":14331,"comment_status":"open","ping_status":"open","sticky":false,"template":"","format":"image","meta":{"om_disable_all_campaigns":false,"_monsterinsights_skip_tracking":false,"_monsterinsights_sitenote_active":false,"_monsterinsights_sitenote_note":"","_monsterinsights_sitenote_category":0,"footnotes":""},"categories":[9],"tags":[10],"class_list":["post-14322","post","type-post","status-publish","format-image","has-post-thumbnail","hentry","category-colombia","tag-noticias","post_format-post-format-image"],"aioseo_notices":[],"_links":{"self":[{"href":"https:\/\/www.boyacaleinforma.com\/index.php?rest_route=\/wp\/v2\/posts\/14322","targetHints":{"allow":["GET"]}}],"collection":[{"href":"https:\/\/www.boyacaleinforma.com\/index.php?rest_route=\/wp\/v2\/posts"}],"about":[{"href":"https:\/\/www.boyacaleinforma.com\/index.php?rest_route=\/wp\/v2\/types\/post"}],"author":[{"embeddable":true,"href":"https:\/\/www.boyacaleinforma.com\/index.php?rest_route=\/wp\/v2\/users\/1"}],"replies":[{"embeddable":true,"href":"https:\/\/www.boyacaleinforma.com\/index.php?rest_route=%2Fwp%2Fv2%2Fcomments&post=14322"}],"version-history":[{"count":0,"href":"https:\/\/www.boyacaleinforma.com\/index.php?rest_route=\/wp\/v2\/posts\/14322\/revisions"}],"wp:featuredmedia":[{"embeddable":true,"href":"https:\/\/www.boyacaleinforma.com\/index.php?rest_route=\/wp\/v2\/media\/14331"}],"wp:attachment":[{"href":"https:\/\/www.boyacaleinforma.com\/index.php?rest_route=%2Fwp%2Fv2%2Fmedia&parent=14322"}],"wp:term":[{"taxonomy":"category","embeddable":true,"href":"https:\/\/www.boyacaleinforma.com\/index.php?rest_route=%2Fwp%2Fv2%2Fcategories&post=14322"},{"taxonomy":"post_tag","embeddable":true,"href":"https:\/\/www.boyacaleinforma.com\/index.php?rest_route=%2Fwp%2Fv2%2Ftags&post=14322"}],"curies":[{"name":"wp","href":"https:\/\/api.w.org\/{rel}","templated":true}]}}