{"id":14323,"date":"2024-01-05T07:20:07","date_gmt":"2024-01-05T12:20:07","guid":{"rendered":"https:\/\/www.boyacaleinforma.com\/?p=14323"},"modified":"2024-01-05T07:25:55","modified_gmt":"2024-01-05T12:25:55","slug":"por-que-no-roglic-copy-copy-copy-copy-copy-copy","status":"publish","type":"post","link":"https:\/\/www.boyacaleinforma.com\/?p=14323","title":{"rendered":"El Chic\u00f3 ya est\u00e1 listo"},"content":{"rendered":"\t\t<div data-elementor-type=\"wp-post\" data-elementor-id=\"14323\" class=\"elementor elementor-14323\" data-elementor-post-type=\"post\">\n\t\t\t\t\t\t<section class=\"elementor-section elementor-top-section elementor-element elementor-element-62b311ee elementor-section-boxed elementor-section-height-default elementor-section-height-default\" data-id=\"62b311ee\" data-element_type=\"section\" data-e-type=\"section\">\n\t\t\t\t\t\t<div class=\"elementor-container elementor-column-gap-default\">\n\t\t\t\t\t<div class=\"elementor-column elementor-col-100 elementor-top-column elementor-element elementor-element-22e424c5\" data-id=\"22e424c5\" data-element_type=\"column\" data-e-type=\"column\">\n\t\t\t<div class=\"elementor-widget-wrap elementor-element-populated\">\n\t\t\t\t\t\t<div class=\"elementor-element elementor-element-7799c32 elementor-widget elementor-widget-image\" data-id=\"7799c32\" data-element_type=\"widget\" data-e-type=\"widget\" data-widget_type=\"image.default\">\n\t\t\t\t<div class=\"elementor-widget-container\">\n\t\t\t\t\t\t\t\t\t\t\t\t<figure class=\"wp-caption\">\n\t\t\t\t\t\t\t\t\t\t<img loading=\"lazy\" width=\"640\" height=\"375\" src=\"https:\/\/www.boyacaleinforma.com\/wp-content\/uploads\/2024\/01\/semana-768x450.png\" class=\"attachment-medium_large size-medium_large wp-image-14332\" alt=\"semana\" srcset=\"https:\/\/www.boyacaleinforma.com\/wp-content\/uploads\/2024\/01\/semana-768x450.png 768w, https:\/\/www.boyacaleinforma.com\/wp-content\/uploads\/2024\/01\/semana-300x176.png 300w, https:\/\/www.boyacaleinforma.com\/wp-content\/uploads\/2024\/01\/semana-1024x600.png 1024w, https:\/\/www.boyacaleinforma.com\/wp-content\/uploads\/2024\/01\/semana.png 1280w\" sizes=\"auto, (max-width: 640px) 100vw, 640px\" loading=\"lazy\" decoding=\"async\" \/>\t\t\t\t\t\t\t\t\t\t\t<figcaption class=\"widget-image-caption wp-caption-text\">Foto: Semana<\/figcaption>\n\t\t\t\t\t\t\t\t\t\t<\/figure>\n\t\t\t\t\t\t\t\t\t<\/div>\n\t\t\t\t<\/div>\n\t\t\t\t<div class=\"elementor-element elementor-element-16316330 elementor-widget elementor-widget-text-editor\" data-id=\"16316330\" data-element_type=\"widget\" data-e-type=\"widget\" data-widget_type=\"text-editor.default\">\n\t\t\t\t<div class=\"elementor-widget-container\">\n\t\t\t\t\t\t\t\t\t<p>Boyac\u00e1 Chic\u00f3 se prepara para la nueva temporada con un nuevo cuerpo t\u00e9cnico encabezado por el profesor Miguel Eduardo Caneo. La incorporaci\u00f3n de exfutbolistas con experiencia, como el propio Caneo, puede aportar una perspectiva valiosa al equipo.<\/p><p>La presencia de Joaquin Rabaglio como Asistente T\u00e9cnico y Juan Pablo \u00c1lvarez como Preparador F\u00edsico demuestra una combinaci\u00f3n de experiencia y conocimientos t\u00e9cnicos en el banco t\u00e9cnico. La tarea de consolidar un estilo de juego y fomentar la cohesi\u00f3n del equipo como una familia con metas claras es un desaf\u00edo significativo pero crucial.<\/p><p>La referencia a la importancia de la disciplina y la resiliencia frente a los resultados sugiere una mentalidad fuerte y enfocada en el desarrollo a largo plazo. Los hinchas seguramente esperan con entusiasmo ver c\u00f3mo el equipo se desempe\u00f1a en la temporada y estar\u00e1n ansiosos por apoyar al equipo en el estadio La Independencia.<\/p><p>El primer partido contra Once Caldas el 21 de enero ser\u00e1 un verdadero examen para el nuevo director t\u00e9cnico y su equipo, y ser\u00e1 interesante ver c\u00f3mo se desenvuelven en este desaf\u00edo inicial. \u00a1Mucha suerte a Boyac\u00e1 Chic\u00f3 en la temporada venidera!<\/p>\t\t\t\t\t\t\t\t<\/div>\n\t\t\t\t<\/div>\n\t\t\t\t\t<\/div>\n\t\t<\/div>\n\t\t\t\t\t<\/div>\n\t\t<\/section>\n\t\t\t\t<\/div>\n\t\t","protected":false},"excerpt":{"rendered":"<p>Foto: Semana Boyac\u00e1 Chic\u00f3 se prepara para la nueva temporada con un nuevo cuerpo t\u00e9cnico encabezado por el<\/p>\n","protected":false},"author":1,"featured_media":14332,"comment_status":"open","ping_status":"open","sticky":false,"template":"","format":"image","meta":{"om_disable_all_campaigns":false,"_monsterinsights_skip_tracking":false,"_monsterinsights_sitenote_active":false,"_monsterinsights_sitenote_note":"","_monsterinsights_sitenote_category":0,"footnotes":""},"categories":[7],"tags":[10],"class_list":["post-14323","post","type-post","status-publish","format-image","has-post-thumbnail","hentry","category-deportes","tag-noticias","post_format-post-format-image"],"aioseo_notices":[],"_links":{"self":[{"href":"https:\/\/www.boyacaleinforma.com\/index.php?rest_route=\/wp\/v2\/posts\/14323","targetHints":{"allow":["GET"]}}],"collection":[{"href":"https:\/\/www.boyacaleinforma.com\/index.php?rest_route=\/wp\/v2\/posts"}],"about":[{"href":"https:\/\/www.boyacaleinforma.com\/index.php?rest_route=\/wp\/v2\/types\/post"}],"author":[{"embeddable":true,"href":"https:\/\/www.boyacaleinforma.com\/index.php?rest_route=\/wp\/v2\/users\/1"}],"replies":[{"embeddable":true,"href":"https:\/\/www.boyacaleinforma.com\/index.php?rest_route=%2Fwp%2Fv2%2Fcomments&post=14323"}],"version-history":[{"count":0,"href":"https:\/\/www.boyacaleinforma.com\/index.php?rest_route=\/wp\/v2\/posts\/14323\/revisions"}],"wp:featuredmedia":[{"embeddable":true,"href":"https:\/\/www.boyacaleinforma.com\/index.php?rest_route=\/wp\/v2\/media\/14332"}],"wp:attachment":[{"href":"https:\/\/www.boyacaleinforma.com\/index.php?rest_route=%2Fwp%2Fv2%2Fmedia&parent=14323"}],"wp:term":[{"taxonomy":"category","embeddable":true,"href":"https:\/\/www.boyacaleinforma.com\/index.php?rest_route=%2Fwp%2Fv2%2Fcategories&post=14323"},{"taxonomy":"post_tag","embeddable":true,"href":"https:\/\/www.boyacaleinforma.com\/index.php?rest_route=%2Fwp%2Fv2%2Ftags&post=14323"}],"curies":[{"name":"wp","href":"https:\/\/api.w.org\/{rel}","templated":true}]}}