{"id":14324,"date":"2024-01-05T07:20:18","date_gmt":"2024-01-05T12:20:18","guid":{"rendered":"https:\/\/www.boyacaleinforma.com\/?p=14324"},"modified":"2024-01-05T07:24:18","modified_gmt":"2024-01-05T12:24:18","slug":"por-que-no-roglic-copy-copy-copy-copy-copy-copy-copy","status":"publish","type":"post","link":"https:\/\/www.boyacaleinforma.com\/?p=14324","title":{"rendered":"Ciclismo prende motores con la Vuelta a Catalunya"},"content":{"rendered":"\t\t<div data-elementor-type=\"wp-post\" data-elementor-id=\"14324\" class=\"elementor elementor-14324\" data-elementor-post-type=\"post\">\n\t\t\t\t\t\t<section class=\"elementor-section elementor-top-section elementor-element elementor-element-62b311ee elementor-section-boxed elementor-section-height-default elementor-section-height-default\" data-id=\"62b311ee\" data-element_type=\"section\" data-e-type=\"section\">\n\t\t\t\t\t\t<div class=\"elementor-container elementor-column-gap-default\">\n\t\t\t\t\t<div class=\"elementor-column elementor-col-100 elementor-top-column elementor-element elementor-element-22e424c5\" data-id=\"22e424c5\" data-element_type=\"column\" data-e-type=\"column\">\n\t\t\t<div class=\"elementor-widget-wrap elementor-element-populated\">\n\t\t\t\t\t\t<div class=\"elementor-element elementor-element-7799c32 elementor-widget elementor-widget-image\" data-id=\"7799c32\" data-element_type=\"widget\" data-e-type=\"widget\" data-widget_type=\"image.default\">\n\t\t\t\t<div class=\"elementor-widget-container\">\n\t\t\t\t\t\t\t\t\t\t\t\t<figure class=\"wp-caption\">\n\t\t\t\t\t\t\t\t\t\t<img loading=\"lazy\" width=\"293\" height=\"172\" src=\"https:\/\/www.boyacaleinforma.com\/wp-content\/uploads\/2024\/01\/antena-2.jpg\" class=\"attachment-medium_large size-medium_large wp-image-14326\" alt=\"antena 2\" loading=\"lazy\" decoding=\"async\" \/>\t\t\t\t\t\t\t\t\t\t\t<figcaption class=\"widget-image-caption wp-caption-text\">Foto: Antena 2<\/figcaption>\n\t\t\t\t\t\t\t\t\t\t<\/figure>\n\t\t\t\t\t\t\t\t\t<\/div>\n\t\t\t\t<\/div>\n\t\t\t\t<div class=\"elementor-element elementor-element-16316330 elementor-widget elementor-widget-text-editor\" data-id=\"16316330\" data-element_type=\"widget\" data-e-type=\"widget\" data-widget_type=\"text-editor.default\">\n\t\t\t\t<div class=\"elementor-widget-container\">\n\t\t\t\t\t\t\t\t\t<p>Se conoci\u00f3 el recorrido de la Volta Ciclista a Catalunya. Parece ser una edici\u00f3n emocionante con un variado terreno y desaf\u00edos para los ciclistas. Aqu\u00ed hay un resumen de las etapas:<\/p><p>Etapa 1 (18 de marzo): Sant Feliu de Gu\u00edxols \u2013 Sant Feliu de Gu\u00edxols<\/p><p>Gran salida y llegada en Sant Feliu de Gu\u00edxols, marcando el inicio de la competici\u00f3n.<\/p><p>Etapa 2 (19 de marzo): Matar\u00f3 \u2013 Vallter \/ Setcases (Vall de Camprodon)<\/p><p>Salida en Matar\u00f3 y llegada en la m\u00edtica cima Vallter, ofreciendo la primera llegada en alto.<\/p><p>Etapa 3 (20 de marzo): Sant Joan de les Abadesses \u2013 Port Ain\u00e9 (Pallars Sobir\u00e0)<\/p><p>El retorno de Sant Joan de les Abadesses tras cincuenta a\u00f1os, conectando con la estaci\u00f3n de Port Ain\u00e9 en una etapa monta\u00f1osa.<\/p><p>Etapa 4 (21 de marzo): Sort (Turisme Pallars Sobir\u00e0) \u2013 Lleida<\/p><p>Salida en Sort y llegada en Lleida, un retorno esperado despu\u00e9s de once a\u00f1os.<\/p><p>Etapa 5 (22 de marzo): Altafulla \u2013 Viladecans<\/p><p>Salida en Altafulla, con una llegada in\u00e9dita en Viladecans.<\/p><p>Etapa 6 (23 de marzo): Berga \u2013 Queralt<\/p><p>Salida en Berga, ausente desde 1959, y llegada en Queralt, marcando la tercera llegada en alto.<\/p><p>Etapa 7 (24 de marzo): Barcelona \u2013 Barcelona<\/p><p>La cl\u00e1sica etapa final se desarrollar\u00e1 en la vibrante ciudad de Barcelona, cerrando la competici\u00f3n.<\/p><p>La inclusi\u00f3n de llegadas en alto, la presencia de sedes in\u00e9ditas y el retorno de lugares emblem\u00e1ticos prometen ofrecer una competici\u00f3n emocionante para los fan\u00e1ticos del ciclismo.<\/p>\t\t\t\t\t\t\t\t<\/div>\n\t\t\t\t<\/div>\n\t\t\t\t\t<\/div>\n\t\t<\/div>\n\t\t\t\t\t<\/div>\n\t\t<\/section>\n\t\t\t\t<\/div>\n\t\t","protected":false},"excerpt":{"rendered":"<p>Foto: Antena 2 Se conoci\u00f3 el recorrido de la Volta Ciclista a Catalunya. Parece ser una edici\u00f3n emocionante<\/p>\n","protected":false},"author":1,"featured_media":14326,"comment_status":"open","ping_status":"open","sticky":false,"template":"","format":"image","meta":{"om_disable_all_campaigns":false,"_monsterinsights_skip_tracking":false,"_monsterinsights_sitenote_active":false,"_monsterinsights_sitenote_note":"","_monsterinsights_sitenote_category":0,"footnotes":""},"categories":[7],"tags":[10],"class_list":["post-14324","post","type-post","status-publish","format-image","has-post-thumbnail","hentry","category-deportes","tag-noticias","post_format-post-format-image"],"aioseo_notices":[],"_links":{"self":[{"href":"https:\/\/www.boyacaleinforma.com\/index.php?rest_route=\/wp\/v2\/posts\/14324","targetHints":{"allow":["GET"]}}],"collection":[{"href":"https:\/\/www.boyacaleinforma.com\/index.php?rest_route=\/wp\/v2\/posts"}],"about":[{"href":"https:\/\/www.boyacaleinforma.com\/index.php?rest_route=\/wp\/v2\/types\/post"}],"author":[{"embeddable":true,"href":"https:\/\/www.boyacaleinforma.com\/index.php?rest_route=\/wp\/v2\/users\/1"}],"replies":[{"embeddable":true,"href":"https:\/\/www.boyacaleinforma.com\/index.php?rest_route=%2Fwp%2Fv2%2Fcomments&post=14324"}],"version-history":[{"count":0,"href":"https:\/\/www.boyacaleinforma.com\/index.php?rest_route=\/wp\/v2\/posts\/14324\/revisions"}],"wp:featuredmedia":[{"embeddable":true,"href":"https:\/\/www.boyacaleinforma.com\/index.php?rest_route=\/wp\/v2\/media\/14326"}],"wp:attachment":[{"href":"https:\/\/www.boyacaleinforma.com\/index.php?rest_route=%2Fwp%2Fv2%2Fmedia&parent=14324"}],"wp:term":[{"taxonomy":"category","embeddable":true,"href":"https:\/\/www.boyacaleinforma.com\/index.php?rest_route=%2Fwp%2Fv2%2Fcategories&post=14324"},{"taxonomy":"post_tag","embeddable":true,"href":"https:\/\/www.boyacaleinforma.com\/index.php?rest_route=%2Fwp%2Fv2%2Ftags&post=14324"}],"curies":[{"name":"wp","href":"https:\/\/api.w.org\/{rel}","templated":true}]}}