{"id":14325,"date":"2024-01-05T07:20:31","date_gmt":"2024-01-05T12:20:31","guid":{"rendered":"https:\/\/www.boyacaleinforma.com\/?p=14325"},"modified":"2024-01-05T07:22:38","modified_gmt":"2024-01-05T12:22:38","slug":"por-que-no-roglic-copy-copy-copy-copy-copy-copy-copy-copy","status":"publish","type":"post","link":"https:\/\/www.boyacaleinforma.com\/?p=14325","title":{"rendered":"Primer tragedia minera en Boyac\u00e1"},"content":{"rendered":"\t\t<div data-elementor-type=\"wp-post\" data-elementor-id=\"14325\" class=\"elementor elementor-14325\" data-elementor-post-type=\"post\">\n\t\t\t\t\t\t<section class=\"elementor-section elementor-top-section elementor-element elementor-element-62b311ee elementor-section-boxed elementor-section-height-default elementor-section-height-default\" data-id=\"62b311ee\" data-element_type=\"section\" data-e-type=\"section\">\n\t\t\t\t\t\t<div class=\"elementor-container elementor-column-gap-default\">\n\t\t\t\t\t<div class=\"elementor-column elementor-col-100 elementor-top-column elementor-element elementor-element-22e424c5\" data-id=\"22e424c5\" data-element_type=\"column\" data-e-type=\"column\">\n\t\t\t<div class=\"elementor-widget-wrap elementor-element-populated\">\n\t\t\t\t\t\t<div class=\"elementor-element elementor-element-7799c32 elementor-widget elementor-widget-image\" data-id=\"7799c32\" data-element_type=\"widget\" data-e-type=\"widget\" data-widget_type=\"image.default\">\n\t\t\t\t<div class=\"elementor-widget-container\">\n\t\t\t\t\t\t\t\t\t\t\t\t<figure class=\"wp-caption\">\n\t\t\t\t\t\t\t\t\t\t<img loading=\"lazy\" width=\"640\" height=\"384\" src=\"https:\/\/www.boyacaleinforma.com\/wp-content\/uploads\/2024\/01\/el-tiempo-768x461.jpeg\" class=\"attachment-medium_large size-medium_large wp-image-14329\" alt=\"el tiempo\" srcset=\"https:\/\/www.boyacaleinforma.com\/wp-content\/uploads\/2024\/01\/el-tiempo-768x461.jpeg 768w, https:\/\/www.boyacaleinforma.com\/wp-content\/uploads\/2024\/01\/el-tiempo-300x180.jpeg 300w, https:\/\/www.boyacaleinforma.com\/wp-content\/uploads\/2024\/01\/el-tiempo-1024x614.jpeg 1024w, https:\/\/www.boyacaleinforma.com\/wp-content\/uploads\/2024\/01\/el-tiempo.jpeg 1200w\" sizes=\"auto, (max-width: 640px) 100vw, 640px\" loading=\"lazy\" decoding=\"async\" \/>\t\t\t\t\t\t\t\t\t\t\t<figcaption class=\"widget-image-caption wp-caption-text\">Foto: El Tiempo<\/figcaption>\n\t\t\t\t\t\t\t\t\t\t<\/figure>\n\t\t\t\t\t\t\t\t\t<\/div>\n\t\t\t\t<\/div>\n\t\t\t\t<div class=\"elementor-element elementor-element-16316330 elementor-widget elementor-widget-text-editor\" data-id=\"16316330\" data-element_type=\"widget\" data-e-type=\"widget\" data-widget_type=\"text-editor.default\">\n\t\t\t\t<div class=\"elementor-widget-container\">\n\t\t\t\t\t\t\t\t\t<p>De acuerdo con Caracol Radio se registra la primera tragedia minera en Boyac\u00e1. El alcalde de Boavita, Alberto Sandoval, le confirm\u00f3 al medio radial que recibi\u00f3 la informaci\u00f3n sobre las 05 de la ma\u00f1ana de este mi\u00e9rcoles 3 de enero. Un hombre muri\u00f3 y otro m\u00e1s result\u00f3 herido en una mina de carb\u00f3n<\/p><p>Seg\u00fan la informaci\u00f3n oficial que conoci\u00f3 Caracol Radio, la persona que falleci\u00f3 fue encontrada en la entada de la bocamina y fue identificada como Juan Esteban Andrade Mart\u00ednez de nacionalidad venezolana, de 36 a\u00f1os de edad y habitante de Chita; mientras que el minero que result\u00f3 lesionado responde al nombre de Juan Plinio Gonz\u00e1lez Garc\u00eda, natural de Boavita, quien fue trasladado en un veh\u00edculo particular al Hospital de Soat\u00e1 y seg\u00fan el primer diagn\u00f3stico m\u00e9dico presenta laceraciones en diferentes partes del cuerpo, a esta hora permanece bajo pron\u00f3stico reservado.<\/p><p>Este mi\u00e9rcoles 3 de enero, se registr\u00f3 el primer accidente minero en Boyac\u00e1, espec\u00edficamente en el municipio de Boavita.<\/p>\t\t\t\t\t\t\t\t<\/div>\n\t\t\t\t<\/div>\n\t\t\t\t\t<\/div>\n\t\t<\/div>\n\t\t\t\t\t<\/div>\n\t\t<\/section>\n\t\t\t\t<\/div>\n\t\t","protected":false},"excerpt":{"rendered":"<p>Foto: El Tiempo De acuerdo con Caracol Radio se registra la primera tragedia minera en Boyac\u00e1. El alcalde<\/p>\n","protected":false},"author":1,"featured_media":14329,"comment_status":"open","ping_status":"open","sticky":false,"template":"","format":"image","meta":{"om_disable_all_campaigns":false,"_monsterinsights_skip_tracking":false,"_monsterinsights_sitenote_active":false,"_monsterinsights_sitenote_note":"","_monsterinsights_sitenote_category":0,"footnotes":""},"categories":[8],"tags":[10],"class_list":["post-14325","post","type-post","status-publish","format-image","has-post-thumbnail","hentry","category-judicial","tag-noticias","post_format-post-format-image"],"aioseo_notices":[],"_links":{"self":[{"href":"https:\/\/www.boyacaleinforma.com\/index.php?rest_route=\/wp\/v2\/posts\/14325","targetHints":{"allow":["GET"]}}],"collection":[{"href":"https:\/\/www.boyacaleinforma.com\/index.php?rest_route=\/wp\/v2\/posts"}],"about":[{"href":"https:\/\/www.boyacaleinforma.com\/index.php?rest_route=\/wp\/v2\/types\/post"}],"author":[{"embeddable":true,"href":"https:\/\/www.boyacaleinforma.com\/index.php?rest_route=\/wp\/v2\/users\/1"}],"replies":[{"embeddable":true,"href":"https:\/\/www.boyacaleinforma.com\/index.php?rest_route=%2Fwp%2Fv2%2Fcomments&post=14325"}],"version-history":[{"count":0,"href":"https:\/\/www.boyacaleinforma.com\/index.php?rest_route=\/wp\/v2\/posts\/14325\/revisions"}],"wp:featuredmedia":[{"embeddable":true,"href":"https:\/\/www.boyacaleinforma.com\/index.php?rest_route=\/wp\/v2\/media\/14329"}],"wp:attachment":[{"href":"https:\/\/www.boyacaleinforma.com\/index.php?rest_route=%2Fwp%2Fv2%2Fmedia&parent=14325"}],"wp:term":[{"taxonomy":"category","embeddable":true,"href":"https:\/\/www.boyacaleinforma.com\/index.php?rest_route=%2Fwp%2Fv2%2Fcategories&post=14325"},{"taxonomy":"post_tag","embeddable":true,"href":"https:\/\/www.boyacaleinforma.com\/index.php?rest_route=%2Fwp%2Fv2%2Ftags&post=14325"}],"curies":[{"name":"wp","href":"https:\/\/api.w.org\/{rel}","templated":true}]}}