{"id":14386,"date":"2024-01-09T11:02:40","date_gmt":"2024-01-09T16:02:40","guid":{"rendered":"https:\/\/www.boyacaleinforma.com\/?p=14386"},"modified":"2024-01-09T11:39:59","modified_gmt":"2024-01-09T16:39:59","slug":"primer-tragedia-minera-en-boyaca-copy-copy-copy-copy","status":"publish","type":"post","link":"https:\/\/www.boyacaleinforma.com\/?p=14386","title":{"rendered":"Boyac\u00e1 le trabaja a la infraestructura"},"content":{"rendered":"\t\t<div data-elementor-type=\"wp-post\" data-elementor-id=\"14386\" class=\"elementor elementor-14386\" data-elementor-post-type=\"post\">\n\t\t\t\t\t\t<section class=\"elementor-section elementor-top-section elementor-element elementor-element-62b311ee elementor-section-boxed elementor-section-height-default elementor-section-height-default\" data-id=\"62b311ee\" data-element_type=\"section\" data-e-type=\"section\">\n\t\t\t\t\t\t<div class=\"elementor-container elementor-column-gap-default\">\n\t\t\t\t\t<div class=\"elementor-column elementor-col-100 elementor-top-column elementor-element elementor-element-22e424c5\" data-id=\"22e424c5\" data-element_type=\"column\" data-e-type=\"column\">\n\t\t\t<div class=\"elementor-widget-wrap elementor-element-populated\">\n\t\t\t\t\t\t<div class=\"elementor-element elementor-element-7799c32 elementor-widget elementor-widget-image\" data-id=\"7799c32\" data-element_type=\"widget\" data-e-type=\"widget\" data-widget_type=\"image.default\">\n\t\t\t\t<div class=\"elementor-widget-container\">\n\t\t\t\t\t\t\t\t\t\t\t\t<figure class=\"wp-caption\">\n\t\t\t\t\t\t\t\t\t\t<img loading=\"lazy\" width=\"640\" height=\"360\" src=\"https:\/\/www.boyacaleinforma.com\/wp-content\/uploads\/2024\/01\/ani.jpg\" class=\"attachment-medium_large size-medium_large wp-image-14392\" alt=\"ani\" srcset=\"https:\/\/www.boyacaleinforma.com\/wp-content\/uploads\/2024\/01\/ani.jpg 740w, https:\/\/www.boyacaleinforma.com\/wp-content\/uploads\/2024\/01\/ani-300x169.jpg 300w\" sizes=\"auto, (max-width: 640px) 100vw, 640px\" loading=\"lazy\" decoding=\"async\" \/>\t\t\t\t\t\t\t\t\t\t\t<figcaption class=\"widget-image-caption wp-caption-text\">Foto: ANI<\/figcaption>\n\t\t\t\t\t\t\t\t\t\t<\/figure>\n\t\t\t\t\t\t\t\t\t<\/div>\n\t\t\t\t<\/div>\n\t\t\t\t<div class=\"elementor-element elementor-element-16316330 elementor-widget elementor-widget-text-editor\" data-id=\"16316330\" data-element_type=\"widget\" data-e-type=\"widget\" data-widget_type=\"text-editor.default\">\n\t\t\t\t<div class=\"elementor-widget-container\">\n\t\t\t\t\t\t\t\t\t<p>La reuni\u00f3n entre el gobernador electo de Boyac\u00e1, Carlos Amaya, y las m\u00e1s altas autoridades de infraestructura en Colombia destaca el compromiso de trabajar en proyectos estrat\u00e9gicos para el desarrollo de la regi\u00f3n. La presencia del ministro de Transporte, William Camargo Triana, el representante Wilmer Castellanos, la presidenta (e) de la Agencia Nacional de Infraestructura (ANI), Carolina Barbanti, y el director operativo del Invias, Juan Jos\u00e9 Oyuela, muestra la importancia asignada a la colaboraci\u00f3n entre el gobierno local y las entidades nacionales.<\/p><p>Los temas discutidos incluyen la terminaci\u00f3n de la doble calzada hasta Sogamoso con las obras complementarias necesarias, el avance en la ejecuci\u00f3n de los siete corredores del Pacto Bicentenario, la ejecuci\u00f3n de proyectos aprobados en el Plan Nacional de Desarrollo (PND) y la revisi\u00f3n de v\u00edas secundarias prioritarias para iniciar lo antes posible. Adem\u00e1s, se acord\u00f3 iniciar trabajos en la propuesta del tren de mediana velocidad que conectar\u00e1 Boyac\u00e1 con Bogot\u00e1.<\/p><p>La colaboraci\u00f3n entre el gobierno electo de Boyac\u00e1 y las entidades nacionales es crucial para el desarrollo de proyectos de infraestructura que beneficiar\u00e1n a la poblaci\u00f3n local. La continuaci\u00f3n de las reuniones en las pr\u00f3ximas semanas demuestra un compromiso continuo para trabajar en pro de la mejora del bienestar de los ciudadanos de Boyac\u00e1.<\/p>\t\t\t\t\t\t\t\t<\/div>\n\t\t\t\t<\/div>\n\t\t\t\t\t<\/div>\n\t\t<\/div>\n\t\t\t\t\t<\/div>\n\t\t<\/section>\n\t\t\t\t<\/div>\n\t\t","protected":false},"excerpt":{"rendered":"<p>Foto: ANI La reuni\u00f3n entre el gobernador electo de Boyac\u00e1, Carlos Amaya, y las m\u00e1s altas autoridades de<\/p>\n","protected":false},"author":1,"featured_media":14392,"comment_status":"open","ping_status":"open","sticky":false,"template":"","format":"image","meta":{"om_disable_all_campaigns":false,"_monsterinsights_skip_tracking":false,"_monsterinsights_sitenote_active":false,"_monsterinsights_sitenote_note":"","_monsterinsights_sitenote_category":0,"footnotes":""},"categories":[5],"tags":[10],"class_list":["post-14386","post","type-post","status-publish","format-image","has-post-thumbnail","hentry","category-boyaca","tag-noticias","post_format-post-format-image"],"aioseo_notices":[],"_links":{"self":[{"href":"https:\/\/www.boyacaleinforma.com\/index.php?rest_route=\/wp\/v2\/posts\/14386","targetHints":{"allow":["GET"]}}],"collection":[{"href":"https:\/\/www.boyacaleinforma.com\/index.php?rest_route=\/wp\/v2\/posts"}],"about":[{"href":"https:\/\/www.boyacaleinforma.com\/index.php?rest_route=\/wp\/v2\/types\/post"}],"author":[{"embeddable":true,"href":"https:\/\/www.boyacaleinforma.com\/index.php?rest_route=\/wp\/v2\/users\/1"}],"replies":[{"embeddable":true,"href":"https:\/\/www.boyacaleinforma.com\/index.php?rest_route=%2Fwp%2Fv2%2Fcomments&post=14386"}],"version-history":[{"count":0,"href":"https:\/\/www.boyacaleinforma.com\/index.php?rest_route=\/wp\/v2\/posts\/14386\/revisions"}],"wp:featuredmedia":[{"embeddable":true,"href":"https:\/\/www.boyacaleinforma.com\/index.php?rest_route=\/wp\/v2\/media\/14392"}],"wp:attachment":[{"href":"https:\/\/www.boyacaleinforma.com\/index.php?rest_route=%2Fwp%2Fv2%2Fmedia&parent=14386"}],"wp:term":[{"taxonomy":"category","embeddable":true,"href":"https:\/\/www.boyacaleinforma.com\/index.php?rest_route=%2Fwp%2Fv2%2Fcategories&post=14386"},{"taxonomy":"post_tag","embeddable":true,"href":"https:\/\/www.boyacaleinforma.com\/index.php?rest_route=%2Fwp%2Fv2%2Ftags&post=14386"}],"curies":[{"name":"wp","href":"https:\/\/api.w.org\/{rel}","templated":true}]}}