{"id":14388,"date":"2024-01-09T11:05:01","date_gmt":"2024-01-09T16:05:01","guid":{"rendered":"https:\/\/www.boyacaleinforma.com\/?p=14388"},"modified":"2024-01-09T11:34:37","modified_gmt":"2024-01-09T16:34:37","slug":"primer-tragedia-minera-en-boyaca-copy-copy-copy-copy-copy","status":"publish","type":"post","link":"https:\/\/www.boyacaleinforma.com\/?p=14388","title":{"rendered":"Exenciones para el mundial de f\u00fatbol"},"content":{"rendered":"\t\t<div data-elementor-type=\"wp-post\" data-elementor-id=\"14388\" class=\"elementor elementor-14388\" data-elementor-post-type=\"post\">\n\t\t\t\t\t\t<section class=\"elementor-section elementor-top-section elementor-element elementor-element-62b311ee elementor-section-boxed elementor-section-height-default elementor-section-height-default\" data-id=\"62b311ee\" data-element_type=\"section\" data-e-type=\"section\">\n\t\t\t\t\t\t<div class=\"elementor-container elementor-column-gap-default\">\n\t\t\t\t\t<div class=\"elementor-column elementor-col-100 elementor-top-column elementor-element elementor-element-22e424c5\" data-id=\"22e424c5\" data-element_type=\"column\" data-e-type=\"column\">\n\t\t\t<div class=\"elementor-widget-wrap elementor-element-populated\">\n\t\t\t\t\t\t<div class=\"elementor-element elementor-element-7799c32 elementor-widget elementor-widget-image\" data-id=\"7799c32\" data-element_type=\"widget\" data-e-type=\"widget\" data-widget_type=\"image.default\">\n\t\t\t\t<div class=\"elementor-widget-container\">\n\t\t\t\t\t\t\t\t\t\t\t\t<figure class=\"wp-caption\">\n\t\t\t\t\t\t\t\t\t\t<img loading=\"lazy\" width=\"640\" height=\"360\" src=\"https:\/\/www.boyacaleinforma.com\/wp-content\/uploads\/2024\/01\/france-24-768x432.jpg\" class=\"attachment-medium_large size-medium_large wp-image-14395\" alt=\"france 24\" srcset=\"https:\/\/www.boyacaleinforma.com\/wp-content\/uploads\/2024\/01\/france-24-768x432.jpg 768w, https:\/\/www.boyacaleinforma.com\/wp-content\/uploads\/2024\/01\/france-24-300x169.jpg 300w, https:\/\/www.boyacaleinforma.com\/wp-content\/uploads\/2024\/01\/france-24.jpg 980w\" sizes=\"auto, (max-width: 640px) 100vw, 640px\" loading=\"lazy\" decoding=\"async\" \/>\t\t\t\t\t\t\t\t\t\t\t<figcaption class=\"widget-image-caption wp-caption-text\">Foto: France 24<\/figcaption>\n\t\t\t\t\t\t\t\t\t\t<\/figure>\n\t\t\t\t\t\t\t\t\t<\/div>\n\t\t\t\t<\/div>\n\t\t\t\t<div class=\"elementor-element elementor-element-16316330 elementor-widget elementor-widget-text-editor\" data-id=\"16316330\" data-element_type=\"widget\" data-e-type=\"widget\" data-widget_type=\"text-editor.default\">\n\t\t\t\t<div class=\"elementor-widget-container\">\n\t\t\t\t\t\t\t\t\t<p>La sanci\u00f3n por parte del presidente Gustavo Petro de la Ley 2344 de 2023, que establece exenciones tributarias para la realizaci\u00f3n de la Copa Mundial Femenina Sub-20 de la FIFA en Colombia en 2024, es un paso significativo para promover y facilitar la organizaci\u00f3n de este evento deportivo de gran relevancia.<\/p><p>La iniciativa legislativa, radicada por la ministra del Deporte, Astrid Bibiana Rodr\u00edguez, en colaboraci\u00f3n con los ministerios del Interior, Hacienda y Cr\u00e9dito P\u00fablico, as\u00ed como Comercio, Industria y Turismo, recibi\u00f3 un respaldo un\u00e1nime en el Congreso desde el inicio de su tr\u00e1mite. Este respaldo refleja el reconocimiento de la importancia de eventos deportivos que promueven la igualdad de g\u00e9nero y resaltan el talento de las mujeres en el pa\u00eds.<\/p><p>La ley incluye disposiciones clave, como beneficios tributarios a nivel nacional, exoneraci\u00f3n de impuestos sobre la renta, retenci\u00f3n en la fuente, ganancias ocasionales, IVA, entre otros, que no ser\u00e1n aplicados a la FIFA, sus filiales, delegaciones, funcionarios de juego y asociaciones miembros. Tambi\u00e9n se contemplan beneficios para las importaciones, exoneraci\u00f3n del equipaje del viajero, reglamentaci\u00f3n de condiciones y requisitos, tributaci\u00f3n territorial y aplicaci\u00f3n temporal de la ley.<\/p><p>Estas medidas buscan fomentar la realizaci\u00f3n exitosa de la Copa Mundial Femenina Sub-20 en Colombia, destacando el compromiso del gobierno en apoyar eventos deportivos de importancia internacional y promover la igualdad de g\u00e9nero en el \u00e1mbito deportivo.<\/p>\t\t\t\t\t\t\t\t<\/div>\n\t\t\t\t<\/div>\n\t\t\t\t\t<\/div>\n\t\t<\/div>\n\t\t\t\t\t<\/div>\n\t\t<\/section>\n\t\t\t\t<\/div>\n\t\t","protected":false},"excerpt":{"rendered":"<p>Foto: France 24 La sanci\u00f3n por parte del presidente Gustavo Petro de la Ley 2344 de 2023, que<\/p>\n","protected":false},"author":1,"featured_media":14395,"comment_status":"open","ping_status":"open","sticky":false,"template":"","format":"image","meta":{"om_disable_all_campaigns":false,"_monsterinsights_skip_tracking":false,"_monsterinsights_sitenote_active":false,"_monsterinsights_sitenote_note":"","_monsterinsights_sitenote_category":0,"footnotes":""},"categories":[7],"tags":[10],"class_list":["post-14388","post","type-post","status-publish","format-image","has-post-thumbnail","hentry","category-deportes","tag-noticias","post_format-post-format-image"],"aioseo_notices":[],"_links":{"self":[{"href":"https:\/\/www.boyacaleinforma.com\/index.php?rest_route=\/wp\/v2\/posts\/14388","targetHints":{"allow":["GET"]}}],"collection":[{"href":"https:\/\/www.boyacaleinforma.com\/index.php?rest_route=\/wp\/v2\/posts"}],"about":[{"href":"https:\/\/www.boyacaleinforma.com\/index.php?rest_route=\/wp\/v2\/types\/post"}],"author":[{"embeddable":true,"href":"https:\/\/www.boyacaleinforma.com\/index.php?rest_route=\/wp\/v2\/users\/1"}],"replies":[{"embeddable":true,"href":"https:\/\/www.boyacaleinforma.com\/index.php?rest_route=%2Fwp%2Fv2%2Fcomments&post=14388"}],"version-history":[{"count":0,"href":"https:\/\/www.boyacaleinforma.com\/index.php?rest_route=\/wp\/v2\/posts\/14388\/revisions"}],"wp:featuredmedia":[{"embeddable":true,"href":"https:\/\/www.boyacaleinforma.com\/index.php?rest_route=\/wp\/v2\/media\/14395"}],"wp:attachment":[{"href":"https:\/\/www.boyacaleinforma.com\/index.php?rest_route=%2Fwp%2Fv2%2Fmedia&parent=14388"}],"wp:term":[{"taxonomy":"category","embeddable":true,"href":"https:\/\/www.boyacaleinforma.com\/index.php?rest_route=%2Fwp%2Fv2%2Fcategories&post=14388"},{"taxonomy":"post_tag","embeddable":true,"href":"https:\/\/www.boyacaleinforma.com\/index.php?rest_route=%2Fwp%2Fv2%2Ftags&post=14388"}],"curies":[{"name":"wp","href":"https:\/\/api.w.org\/{rel}","templated":true}]}}