{"id":14437,"date":"2024-01-10T11:18:52","date_gmt":"2024-01-10T16:18:52","guid":{"rendered":"https:\/\/www.boyacaleinforma.com\/?p=14437"},"modified":"2024-01-10T11:48:30","modified_gmt":"2024-01-10T16:48:30","slug":"maltrato-animal-cachorras-enterradas-copy-copy-copy","status":"publish","type":"post","link":"https:\/\/www.boyacaleinforma.com\/?p=14437","title":{"rendered":"Informe revela 181 asesinatos en un a\u00f1o en Colombia"},"content":{"rendered":"\t\t<div data-elementor-type=\"wp-post\" data-elementor-id=\"14437\" class=\"elementor elementor-14437\" data-elementor-post-type=\"post\">\n\t\t\t\t\t\t<section class=\"elementor-section elementor-top-section elementor-element elementor-element-62b311ee elementor-section-boxed elementor-section-height-default elementor-section-height-default\" data-id=\"62b311ee\" data-element_type=\"section\" data-e-type=\"section\">\n\t\t\t\t\t\t<div class=\"elementor-container elementor-column-gap-default\">\n\t\t\t\t\t<div class=\"elementor-column elementor-col-100 elementor-top-column elementor-element elementor-element-22e424c5\" data-id=\"22e424c5\" data-element_type=\"column\" data-e-type=\"column\">\n\t\t\t<div class=\"elementor-widget-wrap elementor-element-populated\">\n\t\t\t\t\t\t<div class=\"elementor-element elementor-element-7799c32 elementor-widget elementor-widget-image\" data-id=\"7799c32\" data-element_type=\"widget\" data-e-type=\"widget\" data-widget_type=\"image.default\">\n\t\t\t\t<div class=\"elementor-widget-container\">\n\t\t\t\t\t\t\t\t\t\t\t\t<figure class=\"wp-caption\">\n\t\t\t\t\t\t\t\t\t\t<img loading=\"lazy\" width=\"640\" height=\"360\" src=\"https:\/\/www.boyacaleinforma.com\/wp-content\/uploads\/2024\/01\/anadolu-768x432.jpg\" class=\"attachment-medium_large size-medium_large wp-image-14442\" alt=\"anadolu\" srcset=\"https:\/\/www.boyacaleinforma.com\/wp-content\/uploads\/2024\/01\/anadolu-768x432.jpg 768w, https:\/\/www.boyacaleinforma.com\/wp-content\/uploads\/2024\/01\/anadolu-300x169.jpg 300w, https:\/\/www.boyacaleinforma.com\/wp-content\/uploads\/2024\/01\/anadolu.jpg 864w\" sizes=\"auto, (max-width: 640px) 100vw, 640px\" loading=\"lazy\" decoding=\"async\" \/>\t\t\t\t\t\t\t\t\t\t\t<figcaption class=\"widget-image-caption wp-caption-text\">Foto: Anadolu<\/figcaption>\n\t\t\t\t\t\t\t\t\t\t<\/figure>\n\t\t\t\t\t\t\t\t\t<\/div>\n\t\t\t\t<\/div>\n\t\t\t\t<div class=\"elementor-element elementor-element-16316330 elementor-widget elementor-widget-text-editor\" data-id=\"16316330\" data-element_type=\"widget\" data-e-type=\"widget\" data-widget_type=\"text-editor.default\">\n\t\t\t\t<div class=\"elementor-widget-container\">\n\t\t\t\t\t\t\t\t\t<p>El informe revela que durante el a\u00f1o 2023, en Colombia, fueron asesinados 181 l\u00edderes sociales y defensores de derechos humanos, seg\u00fan datos de la Defensor\u00eda del Pueblo. Aunque se considera una disminuci\u00f3n del 16% en comparaci\u00f3n con el a\u00f1o anterior (2022), la cifra refleja una tr\u00e1gica realidad para quienes se dedican a defender los derechos de las comunidades en un pa\u00eds marcado por el conflicto armado interno.<\/p><p>El Defensor del Pueblo califica estos asesinatos como una tragedia para el pa\u00eds y hace un llamado a la institucionalidad, a los mandatarios locales, a la Polic\u00eda, a las Fuerzas Militares y otros actores a trabajar conjuntamente para proteger a los defensores de derechos. Tambi\u00e9n insta a la implementaci\u00f3n de planes y pol\u00edticas p\u00fablicas que garanticen el leg\u00edtimo derecho de los l\u00edderes a ejercer sus actividades.<\/p><p>El informe detalla que los sectores sociales m\u00e1s afectados fueron el comunal, ind\u00edgena, comunitario, campesino, afrodescendiente, v\u00edctima, OSIGD-LGBTIQ+ y activistas de derechos humanos. Se destaca la preocupaci\u00f3n por la concentraci\u00f3n de estos cr\u00edmenes en \u00e1reas de conflicto armado interno.<\/p><p>Los departamentos m\u00e1s afectados fueron Cauca, Antioquia y Nari\u00f1o, con el 41% de los homicidios totales. La Defensor\u00eda del Pueblo hace un llamado a aumentar los esfuerzos para garantizar la protecci\u00f3n de quienes defienden los derechos humanos, especialmente en \u00e1reas de alta vulnerabilidad y en municipios con mayores \u00edndices de homicidios.<\/p><p>Al sumar los \u00faltimos ocho a\u00f1os, la Defensor\u00eda registra un total de 1294 l\u00edderes asesinados en el pa\u00eds, lo que destaca la persistencia y gravedad de esta problem\u00e1tica en Colombia.<\/p>\t\t\t\t\t\t\t\t<\/div>\n\t\t\t\t<\/div>\n\t\t\t\t<div class=\"elementor-element elementor-element-ff35a59 elementor-widget elementor-widget-video\" data-id=\"ff35a59\" data-element_type=\"widget\" data-e-type=\"widget\" data-settings=\"{&quot;youtube_url&quot;:&quot;https:\\\/\\\/youtu.be\\\/9v25teiJFOw&quot;,&quot;video_type&quot;:&quot;youtube&quot;,&quot;controls&quot;:&quot;yes&quot;}\" data-widget_type=\"video.default\">\n\t\t\t\t<div class=\"elementor-widget-container\">\n\t\t\t\t\t\t\t<div class=\"elementor-wrapper elementor-open-inline\">\n\t\t\t<div class=\"elementor-video\"><\/div>\t\t<\/div>\n\t\t\t\t\t\t<\/div>\n\t\t\t\t<\/div>\n\t\t\t\t\t<\/div>\n\t\t<\/div>\n\t\t\t\t\t<\/div>\n\t\t<\/section>\n\t\t\t\t<\/div>\n\t\t","protected":false},"excerpt":{"rendered":"<p>Foto: Anadolu El informe revela que durante el a\u00f1o 2023, en Colombia, fueron asesinados 181 l\u00edderes sociales y<\/p>\n","protected":false},"author":1,"featured_media":14442,"comment_status":"open","ping_status":"open","sticky":false,"template":"","format":"image","meta":{"om_disable_all_campaigns":false,"_monsterinsights_skip_tracking":false,"_monsterinsights_sitenote_active":false,"_monsterinsights_sitenote_note":"","_monsterinsights_sitenote_category":0,"footnotes":""},"categories":[9],"tags":[10],"class_list":["post-14437","post","type-post","status-publish","format-image","has-post-thumbnail","hentry","category-colombia","tag-noticias","post_format-post-format-image"],"aioseo_notices":[],"_links":{"self":[{"href":"https:\/\/www.boyacaleinforma.com\/index.php?rest_route=\/wp\/v2\/posts\/14437","targetHints":{"allow":["GET"]}}],"collection":[{"href":"https:\/\/www.boyacaleinforma.com\/index.php?rest_route=\/wp\/v2\/posts"}],"about":[{"href":"https:\/\/www.boyacaleinforma.com\/index.php?rest_route=\/wp\/v2\/types\/post"}],"author":[{"embeddable":true,"href":"https:\/\/www.boyacaleinforma.com\/index.php?rest_route=\/wp\/v2\/users\/1"}],"replies":[{"embeddable":true,"href":"https:\/\/www.boyacaleinforma.com\/index.php?rest_route=%2Fwp%2Fv2%2Fcomments&post=14437"}],"version-history":[{"count":0,"href":"https:\/\/www.boyacaleinforma.com\/index.php?rest_route=\/wp\/v2\/posts\/14437\/revisions"}],"wp:featuredmedia":[{"embeddable":true,"href":"https:\/\/www.boyacaleinforma.com\/index.php?rest_route=\/wp\/v2\/media\/14442"}],"wp:attachment":[{"href":"https:\/\/www.boyacaleinforma.com\/index.php?rest_route=%2Fwp%2Fv2%2Fmedia&parent=14437"}],"wp:term":[{"taxonomy":"category","embeddable":true,"href":"https:\/\/www.boyacaleinforma.com\/index.php?rest_route=%2Fwp%2Fv2%2Fcategories&post=14437"},{"taxonomy":"post_tag","embeddable":true,"href":"https:\/\/www.boyacaleinforma.com\/index.php?rest_route=%2Fwp%2Fv2%2Ftags&post=14437"}],"curies":[{"name":"wp","href":"https:\/\/api.w.org\/{rel}","templated":true}]}}