{"id":14441,"date":"2024-01-10T11:19:42","date_gmt":"2024-01-10T16:19:42","guid":{"rendered":"https:\/\/www.boyacaleinforma.com\/?p=14441"},"modified":"2024-01-10T11:38:58","modified_gmt":"2024-01-10T16:38:58","slug":"maltrato-animal-cachorras-enterradas-copy-copy-copy-copy-copy-copy-copy","status":"publish","type":"post","link":"https:\/\/www.boyacaleinforma.com\/?p=14441","title":{"rendered":"V\u00eda cerrada en Boyac\u00e1"},"content":{"rendered":"\t\t<div data-elementor-type=\"wp-post\" data-elementor-id=\"14441\" class=\"elementor elementor-14441\" data-elementor-post-type=\"post\">\n\t\t\t\t\t\t<section class=\"elementor-section elementor-top-section elementor-element elementor-element-62b311ee elementor-section-boxed elementor-section-height-default elementor-section-height-default\" data-id=\"62b311ee\" data-element_type=\"section\" data-e-type=\"section\">\n\t\t\t\t\t\t<div class=\"elementor-container elementor-column-gap-default\">\n\t\t\t\t\t<div class=\"elementor-column elementor-col-100 elementor-top-column elementor-element elementor-element-22e424c5\" data-id=\"22e424c5\" data-element_type=\"column\" data-e-type=\"column\">\n\t\t\t<div class=\"elementor-widget-wrap elementor-element-populated\">\n\t\t\t\t\t\t<div class=\"elementor-element elementor-element-7799c32 elementor-widget elementor-widget-image\" data-id=\"7799c32\" data-element_type=\"widget\" data-e-type=\"widget\" data-widget_type=\"image.default\">\n\t\t\t\t<div class=\"elementor-widget-container\">\n\t\t\t\t\t\t\t\t\t\t\t\t<figure class=\"wp-caption\">\n\t\t\t\t\t\t\t\t\t\t<img loading=\"lazy\" width=\"640\" height=\"480\" src=\"https:\/\/www.boyacaleinforma.com\/wp-content\/uploads\/2024\/01\/pinterest-768x576.jpg\" class=\"attachment-medium_large size-medium_large wp-image-14448\" alt=\"pinterest\" srcset=\"https:\/\/www.boyacaleinforma.com\/wp-content\/uploads\/2024\/01\/pinterest-768x576.jpg 768w, https:\/\/www.boyacaleinforma.com\/wp-content\/uploads\/2024\/01\/pinterest-300x225.jpg 300w, https:\/\/www.boyacaleinforma.com\/wp-content\/uploads\/2024\/01\/pinterest-1024x768.jpg 1024w, https:\/\/www.boyacaleinforma.com\/wp-content\/uploads\/2024\/01\/pinterest-1536x1152.jpg 1536w, https:\/\/www.boyacaleinforma.com\/wp-content\/uploads\/2024\/01\/pinterest-2048x1536.jpg 2048w\" sizes=\"auto, (max-width: 640px) 100vw, 640px\" loading=\"lazy\" decoding=\"async\" \/>\t\t\t\t\t\t\t\t\t\t\t<figcaption class=\"widget-image-caption wp-caption-text\">Foto: Pinterest<\/figcaption>\n\t\t\t\t\t\t\t\t\t\t<\/figure>\n\t\t\t\t\t\t\t\t\t<\/div>\n\t\t\t\t<\/div>\n\t\t\t\t<div class=\"elementor-element elementor-element-16316330 elementor-widget elementor-widget-text-editor\" data-id=\"16316330\" data-element_type=\"widget\" data-e-type=\"widget\" data-widget_type=\"text-editor.default\">\n\t\t\t\t<div class=\"elementor-widget-container\">\n\t\t\t\t\t\t\t\t\t<p>Cierre temporal de una v\u00eda en Boyac\u00e1, entre el municipio de Coper y Ubat\u00e9, a la altura de la escuela de Guayabal. El cierre se debe a la construcci\u00f3n de una placa huella de aproximadamente 200 metros, realizada a finales del a\u00f1o anterior por la exalcaldesa de Coper, Aurora del Carmen Nieto. La v\u00eda permanecer\u00e1 cerrada hasta la pr\u00f3xima semana, seg\u00fan las declaraciones del alcalde de Coper, Felkin Castellanos.<\/p><p>El alcalde se\u00f1ala que han buscado obtener un concepto t\u00e9cnico de los contratistas e interventores para permitir el paso de veh\u00edculos, pero debido a la fecha de finalizaci\u00f3n de la obra (13 de enero), se espera que el concepto se emita despu\u00e9s del 3 de febrero para veh\u00edculos de m\u00e1s de 10 toneladas.<\/p><p>Adem\u00e1s, el alcalde menciona la importancia de pavimentar esta v\u00eda, ya que podr\u00eda reducir significativamente el tiempo de viaje entre Bogot\u00e1 y los municipios de Coper, Muzo, Qu\u00edpama y La Victoria. Tambi\u00e9n destaca la posibilidad de convertir la v\u00eda en un corredor vial importante, conectando los departamentos de Boyac\u00e1 y Cundinamarca. Se menciona que se han iniciado acercamientos con los gobernadores de Boyac\u00e1 y Cundinamarca para presentar el proyecto, que tendr\u00eda un costo aproximado de $100 mil millones.<\/p><p>Cierre temporal de una v\u00eda, la importancia de la obra para la regi\u00f3n y los planes de desarrollo a futuro relacionados con la conexi\u00f3n vial entre Boyac\u00e1 y Cundinamarca.<\/p>\t\t\t\t\t\t\t\t<\/div>\n\t\t\t\t<\/div>\n\t\t\t\t\t<\/div>\n\t\t<\/div>\n\t\t\t\t\t<\/div>\n\t\t<\/section>\n\t\t\t\t<\/div>\n\t\t","protected":false},"excerpt":{"rendered":"<p>Foto: Pinterest Cierre temporal de una v\u00eda en Boyac\u00e1, entre el municipio de Coper y Ubat\u00e9, a la<\/p>\n","protected":false},"author":1,"featured_media":14448,"comment_status":"open","ping_status":"open","sticky":false,"template":"","format":"image","meta":{"om_disable_all_campaigns":false,"_monsterinsights_skip_tracking":false,"_monsterinsights_sitenote_active":false,"_monsterinsights_sitenote_note":"","_monsterinsights_sitenote_category":0,"footnotes":""},"categories":[5],"tags":[10],"class_list":["post-14441","post","type-post","status-publish","format-image","has-post-thumbnail","hentry","category-boyaca","tag-noticias","post_format-post-format-image"],"aioseo_notices":[],"_links":{"self":[{"href":"https:\/\/www.boyacaleinforma.com\/index.php?rest_route=\/wp\/v2\/posts\/14441","targetHints":{"allow":["GET"]}}],"collection":[{"href":"https:\/\/www.boyacaleinforma.com\/index.php?rest_route=\/wp\/v2\/posts"}],"about":[{"href":"https:\/\/www.boyacaleinforma.com\/index.php?rest_route=\/wp\/v2\/types\/post"}],"author":[{"embeddable":true,"href":"https:\/\/www.boyacaleinforma.com\/index.php?rest_route=\/wp\/v2\/users\/1"}],"replies":[{"embeddable":true,"href":"https:\/\/www.boyacaleinforma.com\/index.php?rest_route=%2Fwp%2Fv2%2Fcomments&post=14441"}],"version-history":[{"count":0,"href":"https:\/\/www.boyacaleinforma.com\/index.php?rest_route=\/wp\/v2\/posts\/14441\/revisions"}],"wp:featuredmedia":[{"embeddable":true,"href":"https:\/\/www.boyacaleinforma.com\/index.php?rest_route=\/wp\/v2\/media\/14448"}],"wp:attachment":[{"href":"https:\/\/www.boyacaleinforma.com\/index.php?rest_route=%2Fwp%2Fv2%2Fmedia&parent=14441"}],"wp:term":[{"taxonomy":"category","embeddable":true,"href":"https:\/\/www.boyacaleinforma.com\/index.php?rest_route=%2Fwp%2Fv2%2Fcategories&post=14441"},{"taxonomy":"post_tag","embeddable":true,"href":"https:\/\/www.boyacaleinforma.com\/index.php?rest_route=%2Fwp%2Fv2%2Ftags&post=14441"}],"curies":[{"name":"wp","href":"https:\/\/api.w.org\/{rel}","templated":true}]}}