{"id":14616,"date":"2024-01-14T21:06:40","date_gmt":"2024-01-15T02:06:40","guid":{"rendered":"https:\/\/www.boyacaleinforma.com\/?p=14616"},"modified":"2024-01-14T21:31:46","modified_gmt":"2024-01-15T02:31:46","slug":"restablecimiento-pico-y-placa-copy-copy-copy-copy-copy-copy","status":"publish","type":"post","link":"https:\/\/www.boyacaleinforma.com\/?p=14616","title":{"rendered":"Procuradur\u00eda urge a la UNGRD a tomar acciones inmediatas frente a la emergencia en la v\u00eda al llano"},"content":{"rendered":"\t\t<div data-elementor-type=\"wp-post\" data-elementor-id=\"14616\" class=\"elementor elementor-14616\" data-elementor-post-type=\"post\">\n\t\t\t\t\t\t<section class=\"elementor-section elementor-top-section elementor-element elementor-element-62b311ee elementor-section-boxed elementor-section-height-default elementor-section-height-default\" data-id=\"62b311ee\" data-element_type=\"section\" data-e-type=\"section\">\n\t\t\t\t\t\t<div class=\"elementor-container elementor-column-gap-default\">\n\t\t\t\t\t<div class=\"elementor-column elementor-col-100 elementor-top-column elementor-element elementor-element-22e424c5\" data-id=\"22e424c5\" data-element_type=\"column\" data-e-type=\"column\">\n\t\t\t<div class=\"elementor-widget-wrap elementor-element-populated\">\n\t\t\t\t\t\t<div class=\"elementor-element elementor-element-7799c32 elementor-widget elementor-widget-image\" data-id=\"7799c32\" data-element_type=\"widget\" data-e-type=\"widget\" data-widget_type=\"image.default\">\n\t\t\t\t<div class=\"elementor-widget-container\">\n\t\t\t\t\t\t\t\t\t\t\t\t<figure class=\"wp-caption\">\n\t\t\t\t\t\t\t\t\t\t<img loading=\"lazy\" width=\"640\" height=\"426\" src=\"https:\/\/www.boyacaleinforma.com\/wp-content\/uploads\/2024\/01\/vanguardia.jpg\" class=\"attachment-medium_large size-medium_large wp-image-14626\" alt=\"vanguardia\" srcset=\"https:\/\/www.boyacaleinforma.com\/wp-content\/uploads\/2024\/01\/vanguardia.jpg 716w, https:\/\/www.boyacaleinforma.com\/wp-content\/uploads\/2024\/01\/vanguardia-300x200.jpg 300w\" sizes=\"auto, (max-width: 640px) 100vw, 640px\" loading=\"lazy\" decoding=\"async\" \/>\t\t\t\t\t\t\t\t\t\t\t<figcaption class=\"widget-image-caption wp-caption-text\">Foto: Vanguardia<\/figcaption>\n\t\t\t\t\t\t\t\t\t\t<\/figure>\n\t\t\t\t\t\t\t\t\t<\/div>\n\t\t\t\t<\/div>\n\t\t\t\t<div class=\"elementor-element elementor-element-16316330 elementor-widget elementor-widget-text-editor\" data-id=\"16316330\" data-element_type=\"widget\" data-e-type=\"widget\" data-widget_type=\"text-editor.default\">\n\t\t\t\t<div class=\"elementor-widget-container\">\n\t\t\t\t\t\t\t\t\t<p>La Procuradur\u00eda General de la Naci\u00f3n ha enviado una carta al director general (e) de la Unidad Nacional para la Gesti\u00f3n del Riesgo de Desastres (UNGRD), V\u00edctor Andr\u00e9s Meza Galv\u00e1n, inst\u00e1ndolo a abordar de inmediato las recomendaciones y alertas planteadas en reiteradas ocasiones en relaci\u00f3n con la situaci\u00f3n de emergencia en la v\u00eda al Llano.<\/p><p>La entidad de control requiere, de manera urgente, la publicaci\u00f3n del Plan de Acci\u00f3n Espec\u00edfico para la recuperaci\u00f3n de la mencionada v\u00eda y la atenci\u00f3n de las dem\u00e1s afectaciones en la zona declarada en estado de desastre. Asimismo, insta a la UNGRD a ejecutar sin demora las acciones necesarias para garantizar los recursos indispensables en el sector transporte y abordar los puntos cr\u00edticos de este importante corredor vial.<\/p><p>La carta, fechada el 14 de enero de 2024, resalta que los compromisos asumidos por el subdirector de conocimiento de la UNGRD, Luis Carlos Barreto, desde octubre de 2023, han sido incumplidos. Ante esta situaci\u00f3n, la Procuradur\u00eda hace un llamado a la acci\u00f3n inmediata y efectiva por parte de la UNGRD.<\/p><p>En el documento, se detalla que la Delegada para la Gesti\u00f3n y la Gobernanza Territorial envi\u00f3 un oficio el 26 de octubre de 2023, insistiendo en la necesidad de respuesta y prioridad en la asignaci\u00f3n de recursos para atender los puntos cr\u00edticos informados por el ministro de Transporte el 4 de octubre de 2023.<\/p><p>La Procuradur\u00eda tambi\u00e9n expone sus consideraciones en un oficio fechado el 22 de diciembre de 2023, donde aborda las respuestas proporcionadas por la UNGRD a diferentes sectores e instituciones afectadas por las amenazas naturales. Estas amenazas llevaron a la promulgaci\u00f3n del Decreto 2113 de 2022 y su extensi\u00f3n por un a\u00f1o m\u00e1s, requiriendo con urgencia la asignaci\u00f3n de recursos para restablecer las condiciones normales y seguras en la regi\u00f3n.<\/p><p>La informaci\u00f3n solicitada, junto con los soportes de las gestiones adelantadas por la UNGRD, debe ser enviada al \u00f3rgano de control a m\u00e1s tardar el jueves 18 de enero de 2024, seg\u00fan lo establece la Procuradur\u00eda.<\/p><p>Finalmente, la entidad reitera que el incumplimiento de las funciones relacionadas con la Gesti\u00f3n del Riesgo de Desastres, en los t\u00e9rminos establecidos en la Ley, constituye una falta grav\u00edsima, seg\u00fan el art\u00edculo 59 de la Ley 1952 de 2019, modificado por la Ley 2094 de 2021. Omitir, retardar o no suministrar debida y oportunamente respuestas a las solicitudes de las autoridades constituye una falta disciplinaria, de acuerdo con el C\u00f3digo General Disciplinario.<\/p>\t\t\t\t\t\t\t\t<\/div>\n\t\t\t\t<\/div>\n\t\t\t\t\t<\/div>\n\t\t<\/div>\n\t\t\t\t\t<\/div>\n\t\t<\/section>\n\t\t\t\t<\/div>\n\t\t","protected":false},"excerpt":{"rendered":"<p>Foto: Vanguardia La Procuradur\u00eda General de la Naci\u00f3n ha enviado una carta al director general (e) de la<\/p>\n","protected":false},"author":1,"featured_media":14626,"comment_status":"open","ping_status":"open","sticky":false,"template":"","format":"image","meta":{"om_disable_all_campaigns":false,"_monsterinsights_skip_tracking":false,"_monsterinsights_sitenote_active":false,"_monsterinsights_sitenote_note":"","_monsterinsights_sitenote_category":0,"footnotes":""},"categories":[8],"tags":[10],"class_list":["post-14616","post","type-post","status-publish","format-image","has-post-thumbnail","hentry","category-judicial","tag-noticias","post_format-post-format-image"],"aioseo_notices":[],"_links":{"self":[{"href":"https:\/\/www.boyacaleinforma.com\/index.php?rest_route=\/wp\/v2\/posts\/14616","targetHints":{"allow":["GET"]}}],"collection":[{"href":"https:\/\/www.boyacaleinforma.com\/index.php?rest_route=\/wp\/v2\/posts"}],"about":[{"href":"https:\/\/www.boyacaleinforma.com\/index.php?rest_route=\/wp\/v2\/types\/post"}],"author":[{"embeddable":true,"href":"https:\/\/www.boyacaleinforma.com\/index.php?rest_route=\/wp\/v2\/users\/1"}],"replies":[{"embeddable":true,"href":"https:\/\/www.boyacaleinforma.com\/index.php?rest_route=%2Fwp%2Fv2%2Fcomments&post=14616"}],"version-history":[{"count":0,"href":"https:\/\/www.boyacaleinforma.com\/index.php?rest_route=\/wp\/v2\/posts\/14616\/revisions"}],"wp:featuredmedia":[{"embeddable":true,"href":"https:\/\/www.boyacaleinforma.com\/index.php?rest_route=\/wp\/v2\/media\/14626"}],"wp:attachment":[{"href":"https:\/\/www.boyacaleinforma.com\/index.php?rest_route=%2Fwp%2Fv2%2Fmedia&parent=14616"}],"wp:term":[{"taxonomy":"category","embeddable":true,"href":"https:\/\/www.boyacaleinforma.com\/index.php?rest_route=%2Fwp%2Fv2%2Fcategories&post=14616"},{"taxonomy":"post_tag","embeddable":true,"href":"https:\/\/www.boyacaleinforma.com\/index.php?rest_route=%2Fwp%2Fv2%2Ftags&post=14616"}],"curies":[{"name":"wp","href":"https:\/\/api.w.org\/{rel}","templated":true}]}}