{"id":14676,"date":"2024-01-15T20:54:56","date_gmt":"2024-01-16T01:54:56","guid":{"rendered":"https:\/\/www.boyacaleinforma.com\/?p=14676"},"modified":"2024-01-15T21:30:39","modified_gmt":"2024-01-16T02:30:39","slug":"ambiciones-personales-en-el-uae-team-emirates-copy-copy-copy-copy","status":"publish","type":"post","link":"https:\/\/www.boyacaleinforma.com\/?p=14676","title":{"rendered":"Compromiso educativo"},"content":{"rendered":"\t\t<div data-elementor-type=\"wp-post\" data-elementor-id=\"14676\" class=\"elementor elementor-14676\" data-elementor-post-type=\"post\">\n\t\t\t\t\t\t<section class=\"elementor-section elementor-top-section elementor-element elementor-element-62b311ee elementor-section-boxed elementor-section-height-default elementor-section-height-default\" data-id=\"62b311ee\" data-element_type=\"section\" data-e-type=\"section\">\n\t\t\t\t\t\t<div class=\"elementor-container elementor-column-gap-default\">\n\t\t\t\t\t<div class=\"elementor-column elementor-col-100 elementor-top-column elementor-element elementor-element-22e424c5\" data-id=\"22e424c5\" data-element_type=\"column\" data-e-type=\"column\">\n\t\t\t<div class=\"elementor-widget-wrap elementor-element-populated\">\n\t\t\t\t\t\t<div class=\"elementor-element elementor-element-7799c32 elementor-widget elementor-widget-image\" data-id=\"7799c32\" data-element_type=\"widget\" data-e-type=\"widget\" data-widget_type=\"image.default\">\n\t\t\t\t<div class=\"elementor-widget-container\">\n\t\t\t\t\t\t\t\t\t\t\t\t<figure class=\"wp-caption\">\n\t\t\t\t\t\t\t\t\t\t<img loading=\"lazy\" width=\"640\" height=\"427\" src=\"https:\/\/www.boyacaleinforma.com\/wp-content\/uploads\/2024\/01\/gober-768x512.jpeg\" class=\"attachment-medium_large size-medium_large wp-image-14687\" alt=\"gober\" srcset=\"https:\/\/www.boyacaleinforma.com\/wp-content\/uploads\/2024\/01\/gober-768x512.jpeg 768w, https:\/\/www.boyacaleinforma.com\/wp-content\/uploads\/2024\/01\/gober-300x200.jpeg 300w, https:\/\/www.boyacaleinforma.com\/wp-content\/uploads\/2024\/01\/gober.jpeg 1024w\" sizes=\"auto, (max-width: 640px) 100vw, 640px\" loading=\"lazy\" decoding=\"async\" \/>\t\t\t\t\t\t\t\t\t\t\t<figcaption class=\"widget-image-caption wp-caption-text\">Foto: Gobernaci\u00f3n de Boyac\u00e1<\/figcaption>\n\t\t\t\t\t\t\t\t\t\t<\/figure>\n\t\t\t\t\t\t\t\t\t<\/div>\n\t\t\t\t<\/div>\n\t\t\t\t<div class=\"elementor-element elementor-element-16316330 elementor-widget elementor-widget-text-editor\" data-id=\"16316330\" data-element_type=\"widget\" data-e-type=\"widget\" data-widget_type=\"text-editor.default\">\n\t\t\t\t<div class=\"elementor-widget-container\">\n\t\t\t\t\t\t\t\t\t<p>En una sesi\u00f3n descentralizada de la Comisi\u00f3n Sexta de la C\u00e1mara de Representantes de Colombia, el entonces gobernador de Boyac\u00e1, Ramiro Barrag\u00e1n, lider\u00f3 un llamado urgente para fortalecer la infraestructura vial, mejorar la atenci\u00f3n en salud y consolidar el sistema educativo en la regi\u00f3n. En este contexto, el Ministerio de Educaci\u00f3n Nacional se ha comprometido con Boyac\u00e1 para asegurar la continuidad del Programa de Alimentaci\u00f3n Escolar (PAE) en los 123 municipios y reactivar las obras de infraestructura escolar que adelanta el Fondo de Financiamiento de Infraestructura Educativa (FFIE), adem\u00e1s de impulsar el crecimiento de la educaci\u00f3n superior en el departamento.<\/p><p>La viceministra de Educaci\u00f3n, Ana Carolina Quijano Valencia, se reuni\u00f3 en una mesa de trabajo con la entonces secretaria de Educaci\u00f3n, Elided Ofelia Paipa, y otros funcionarios clave de la \u00e9poca, como John Jairo Vargas (jefe de Planeaci\u00f3n), Marcela Blanco (subdirectora de Infraestructura Educativa) y Edilson Ni\u00f1o (subdirector del PAE). Durante la reuni\u00f3n, se abordaron temas cruciales relacionados con la continuidad del PAE y las obras inconclusas de infraestructura educativa.<\/p><p>Quijano Valencia destac\u00f3 la importancia de resolver situaciones jur\u00eddicas pendientes y present\u00f3 dos escenarios de trabajo. El primero implica un Decreto Reglamentario de Extensi\u00f3n, que ser\u00e1 abordado con el equipo de DNP (Departamento Nacional de Planeaci\u00f3n). El segundo implica revisar la reglamentaci\u00f3n de un Decreto que debe ser firmado por los Ministerios de Hacienda y Minas, ya que involucra recursos de regal\u00edas, el DNP y la aprobaci\u00f3n del Presidente de la Rep\u00fablica.<\/p><p>En cuanto al Fondo de Financiamiento de Infraestructura Educativa (FFIE), se reconocieron los retos que el Gobierno ha asumido en t\u00e9rminos de ejecuciones pasadas y las profundas afectaciones en los territorios. Se destac\u00f3 la importancia de superar estos desaf\u00edos para garantizar la calidad y accesibilidad de la infraestructura educativa.<\/p><p>Adem\u00e1s, se llev\u00f3 a cabo una reuni\u00f3n con el rector de la Universidad Pedag\u00f3gica y Tecnol\u00f3gica de Colombia (UPTC) para revisar la apuesta estrat\u00e9gica de la educaci\u00f3n superior en el departamento. Se espera mantener la posibilidad de incrementar al menos 5,000 cupos en diferentes territorios, fortaleciendo as\u00ed la oferta educativa en la regi\u00f3n.<\/p><p>La viceministra recalc\u00f3 que estos compromisos surgen como resultado de la jornada y expres\u00f3 su agradecimiento a los congresistas por la invitaci\u00f3n, destacando la importancia de visibilizar y fortalecer los esfuerzos territoriales. Tambi\u00e9n agradeci\u00f3 a la Gobernaci\u00f3n por acoger la apuesta estrat\u00e9gica del Presidente de la Rep\u00fablica para que la educaci\u00f3n superior se consolide como un derecho fundamental en Boyac\u00e1. La colaboraci\u00f3n entre el Ministerio de Educaci\u00f3n y el departamento marca un paso significativo hacia el fortalecimiento del sistema educativo y el bienestar de los estudiantes en la regi\u00f3n.<\/p>\t\t\t\t\t\t\t\t<\/div>\n\t\t\t\t<\/div>\n\t\t\t\t\t<\/div>\n\t\t<\/div>\n\t\t\t\t\t<\/div>\n\t\t<\/section>\n\t\t\t\t<\/div>\n\t\t","protected":false},"excerpt":{"rendered":"<p>Foto: Gobernaci\u00f3n de Boyac\u00e1 En una sesi\u00f3n descentralizada de la Comisi\u00f3n Sexta de la C\u00e1mara de Representantes de<\/p>\n","protected":false},"author":1,"featured_media":14687,"comment_status":"open","ping_status":"open","sticky":false,"template":"","format":"image","meta":{"om_disable_all_campaigns":false,"_monsterinsights_skip_tracking":false,"_monsterinsights_sitenote_active":false,"_monsterinsights_sitenote_note":"","_monsterinsights_sitenote_category":0,"footnotes":""},"categories":[5],"tags":[10],"class_list":["post-14676","post","type-post","status-publish","format-image","has-post-thumbnail","hentry","category-boyaca","tag-noticias","post_format-post-format-image"],"aioseo_notices":[],"_links":{"self":[{"href":"https:\/\/www.boyacaleinforma.com\/index.php?rest_route=\/wp\/v2\/posts\/14676","targetHints":{"allow":["GET"]}}],"collection":[{"href":"https:\/\/www.boyacaleinforma.com\/index.php?rest_route=\/wp\/v2\/posts"}],"about":[{"href":"https:\/\/www.boyacaleinforma.com\/index.php?rest_route=\/wp\/v2\/types\/post"}],"author":[{"embeddable":true,"href":"https:\/\/www.boyacaleinforma.com\/index.php?rest_route=\/wp\/v2\/users\/1"}],"replies":[{"embeddable":true,"href":"https:\/\/www.boyacaleinforma.com\/index.php?rest_route=%2Fwp%2Fv2%2Fcomments&post=14676"}],"version-history":[{"count":0,"href":"https:\/\/www.boyacaleinforma.com\/index.php?rest_route=\/wp\/v2\/posts\/14676\/revisions"}],"wp:featuredmedia":[{"embeddable":true,"href":"https:\/\/www.boyacaleinforma.com\/index.php?rest_route=\/wp\/v2\/media\/14687"}],"wp:attachment":[{"href":"https:\/\/www.boyacaleinforma.com\/index.php?rest_route=%2Fwp%2Fv2%2Fmedia&parent=14676"}],"wp:term":[{"taxonomy":"category","embeddable":true,"href":"https:\/\/www.boyacaleinforma.com\/index.php?rest_route=%2Fwp%2Fv2%2Fcategories&post=14676"},{"taxonomy":"post_tag","embeddable":true,"href":"https:\/\/www.boyacaleinforma.com\/index.php?rest_route=%2Fwp%2Fv2%2Ftags&post=14676"}],"curies":[{"name":"wp","href":"https:\/\/api.w.org\/{rel}","templated":true}]}}