{"id":14677,"date":"2024-01-15T20:55:05","date_gmt":"2024-01-16T01:55:05","guid":{"rendered":"https:\/\/www.boyacaleinforma.com\/?p=14677"},"modified":"2024-01-15T21:28:43","modified_gmt":"2024-01-16T02:28:43","slug":"ambiciones-personales-en-el-uae-team-emirates-copy-copy-copy-copy-copy","status":"publish","type":"post","link":"https:\/\/www.boyacaleinforma.com\/?p=14677","title":{"rendered":"Gobernador Carlos Amaya lidera respuesta urgente al impacto del Fen\u00f3meno de El Ni\u00f1o en Boyac\u00e1"},"content":{"rendered":"\t\t<div data-elementor-type=\"wp-post\" data-elementor-id=\"14677\" class=\"elementor elementor-14677\" data-elementor-post-type=\"post\">\n\t\t\t\t\t\t<section class=\"elementor-section elementor-top-section elementor-element elementor-element-62b311ee elementor-section-boxed elementor-section-height-default elementor-section-height-default\" data-id=\"62b311ee\" data-element_type=\"section\" data-e-type=\"section\">\n\t\t\t\t\t\t<div class=\"elementor-container elementor-column-gap-default\">\n\t\t\t\t\t<div class=\"elementor-column elementor-col-100 elementor-top-column elementor-element elementor-element-22e424c5\" data-id=\"22e424c5\" data-element_type=\"column\" data-e-type=\"column\">\n\t\t\t<div class=\"elementor-widget-wrap elementor-element-populated\">\n\t\t\t\t\t\t<div class=\"elementor-element elementor-element-7799c32 elementor-widget elementor-widget-image\" data-id=\"7799c32\" data-element_type=\"widget\" data-e-type=\"widget\" data-widget_type=\"image.default\">\n\t\t\t\t<div class=\"elementor-widget-container\">\n\t\t\t\t\t\t\t\t\t\t\t\t<figure class=\"wp-caption\">\n\t\t\t\t\t\t\t\t\t\t<img loading=\"lazy\" width=\"194\" height=\"259\" src=\"https:\/\/www.boyacaleinforma.com\/wp-content\/uploads\/2024\/01\/infobae.jpg\" class=\"attachment-medium_large size-medium_large wp-image-14688\" alt=\"infobae\" loading=\"lazy\" decoding=\"async\" \/>\t\t\t\t\t\t\t\t\t\t\t<figcaption class=\"widget-image-caption wp-caption-text\">Foto: Infobae<\/figcaption>\n\t\t\t\t\t\t\t\t\t\t<\/figure>\n\t\t\t\t\t\t\t\t\t<\/div>\n\t\t\t\t<\/div>\n\t\t\t\t<div class=\"elementor-element elementor-element-16316330 elementor-widget elementor-widget-text-editor\" data-id=\"16316330\" data-element_type=\"widget\" data-e-type=\"widget\" data-widget_type=\"text-editor.default\">\n\t\t\t\t<div class=\"elementor-widget-container\">\n\t\t\t\t\t\t\t\t\t<p>En una acci\u00f3n decisiva, el gobernador de Boyac\u00e1, Carlos Amaya, ha establecido un Puesto de Mando Unificado Departamental (PMU) con el objetivo de coordinar esfuerzos y enfrentar de manera efectiva el impacto del Fen\u00f3meno de El Ni\u00f1o en la regi\u00f3n. Con un enfoque en la gesti\u00f3n del riesgo de desastres y la mitigaci\u00f3n de los da\u00f1os causados por la temporada seca, Amaya ha demostrado un firme compromiso con la seguridad y el bienestar de los ciudadanos de Boyac\u00e1.<\/p><p>Desde el PMU, instalado esta ma\u00f1ana, se buscan articular procesos interadministrativos, planificar la atenci\u00f3n de emergencias y emprender acciones conjuntas para contrarrestar los efectos del fen\u00f3meno y prevenir mayores afectaciones. El gobernador ha destacado la importancia de fortalecer los bancos de maquinaria para la gesti\u00f3n del riesgo de desastres en el departamento y ha realizado una solicitud espec\u00edfica al Gobierno nacional para asegurar una l\u00ednea directa que permita coordinar el apoyo a\u00e9reo cuando sea necesario.<\/p><p>\u00abHay que avanzar en la construcci\u00f3n de reservorios. Invito a los alcaldes a priorizar este tema. Debemos trabajar muy duro para mitigar el fen\u00f3meno de El Ni\u00f1o y sus impactos. Tambi\u00e9n es urgente resolver los problemas estructurales de agua que tienen los municipios\u00bb, expres\u00f3 Amaya, subrayando la necesidad de una acci\u00f3n conjunta para superar los desaf\u00edos actuales.<\/p><p>El compromiso del gobernador es claro: estar dispuestos las 24 horas, los siete d\u00edas de la semana, para trabajar en la prevenci\u00f3n y atenci\u00f3n de emergencias. Jaisson Carre\u00f1o, director del Consejo Departamental para la Gesti\u00f3n del Riesgo de Desastres, inst\u00f3 a las autoridades municipales a acatar las circulares emitidas por la Gobernaci\u00f3n de Boyac\u00e1 y responderlas dentro de los t\u00e9rminos establecidos.<\/p><p>Durante la sesi\u00f3n en el PMU, se atendieron las solicitudes e inquietudes presentadas por alcaldes y secretarios municipales respecto al pr\u00e9stamo de maquinaria y carrotanques para abastecer de agua a comunidades urbanas y rurales afectadas por el desabastecimiento.<\/p><p>\u00abVamos a priorizar los puntos cr\u00edticos y las solicitudes que nos han allegado de manera oficial a trav\u00e9s de los correos institucionales\u00bb, anunci\u00f3 Carre\u00f1o, quien tambi\u00e9n llam\u00f3 a las alcald\u00edas a adelantar convenios con los cuerpos de bomberos de su jurisdicci\u00f3n a trav\u00e9s de la Federaci\u00f3n Departamental de Bomberos de Boyac\u00e1.<\/p><p>Marta Cecilia Cadena, funcionaria del Ideam, subray\u00f3 la importancia de planificar y tomar medidas ante la situaci\u00f3n clim\u00e1tica actual. Seg\u00fan el \u00faltimo informe del Ideam, 69 municipios de Boyac\u00e1 se encuentran en alerta roja por probabilidad de incendios de cobertura vegetal, 14 en alerta naranja y 14 en alerta amarilla. Hasta el momento, se han consumido 255 hect\u00e1reas de vegetaci\u00f3n nativa, con el m\u00e1s reciente incendio en la vereda Guitarrilla en Panqueba, que est\u00e1 siendo atendido por los organismos de socorro de la zona.<\/p><p>Adicionalmente, se ha reportado desabastecimiento del recurso h\u00eddrico en varios sectores de 18 municipios. Toca Chita, Paipa, Chita y Sogamoso son los municipios donde se han registrado las temperaturas m\u00e1s bajas entre diciembre y enero, incluso por debajo de los cero grados cent\u00edgrados, lo que incrementa la posibilidad de la ocurrencia de heladas. La situaci\u00f3n clim\u00e1tica requiere una atenci\u00f3n cuidadosa y medidas urgentes para garantizar la seguridad y el bienestar de la poblaci\u00f3n de Boyac\u00e1.<\/p>\t\t\t\t\t\t\t\t<\/div>\n\t\t\t\t<\/div>\n\t\t\t\t\t<\/div>\n\t\t<\/div>\n\t\t\t\t\t<\/div>\n\t\t<\/section>\n\t\t\t\t<\/div>\n\t\t","protected":false},"excerpt":{"rendered":"<p>Foto: Infobae En una acci\u00f3n decisiva, el gobernador de Boyac\u00e1, Carlos Amaya, ha establecido un Puesto de Mando<\/p>\n","protected":false},"author":1,"featured_media":14688,"comment_status":"open","ping_status":"open","sticky":false,"template":"","format":"image","meta":{"om_disable_all_campaigns":false,"_monsterinsights_skip_tracking":false,"_monsterinsights_sitenote_active":false,"_monsterinsights_sitenote_note":"","_monsterinsights_sitenote_category":0,"footnotes":""},"categories":[5],"tags":[10],"class_list":["post-14677","post","type-post","status-publish","format-image","has-post-thumbnail","hentry","category-boyaca","tag-noticias","post_format-post-format-image"],"aioseo_notices":[],"_links":{"self":[{"href":"https:\/\/www.boyacaleinforma.com\/index.php?rest_route=\/wp\/v2\/posts\/14677","targetHints":{"allow":["GET"]}}],"collection":[{"href":"https:\/\/www.boyacaleinforma.com\/index.php?rest_route=\/wp\/v2\/posts"}],"about":[{"href":"https:\/\/www.boyacaleinforma.com\/index.php?rest_route=\/wp\/v2\/types\/post"}],"author":[{"embeddable":true,"href":"https:\/\/www.boyacaleinforma.com\/index.php?rest_route=\/wp\/v2\/users\/1"}],"replies":[{"embeddable":true,"href":"https:\/\/www.boyacaleinforma.com\/index.php?rest_route=%2Fwp%2Fv2%2Fcomments&post=14677"}],"version-history":[{"count":0,"href":"https:\/\/www.boyacaleinforma.com\/index.php?rest_route=\/wp\/v2\/posts\/14677\/revisions"}],"wp:featuredmedia":[{"embeddable":true,"href":"https:\/\/www.boyacaleinforma.com\/index.php?rest_route=\/wp\/v2\/media\/14688"}],"wp:attachment":[{"href":"https:\/\/www.boyacaleinforma.com\/index.php?rest_route=%2Fwp%2Fv2%2Fmedia&parent=14677"}],"wp:term":[{"taxonomy":"category","embeddable":true,"href":"https:\/\/www.boyacaleinforma.com\/index.php?rest_route=%2Fwp%2Fv2%2Fcategories&post=14677"},{"taxonomy":"post_tag","embeddable":true,"href":"https:\/\/www.boyacaleinforma.com\/index.php?rest_route=%2Fwp%2Fv2%2Ftags&post=14677"}],"curies":[{"name":"wp","href":"https:\/\/api.w.org\/{rel}","templated":true}]}}