{"id":14857,"date":"2024-01-18T23:28:02","date_gmt":"2024-01-19T04:28:02","guid":{"rendered":"https:\/\/www.boyacaleinforma.com\/?p=14857"},"modified":"2024-01-19T00:01:44","modified_gmt":"2024-01-19T05:01:44","slug":"aumento-alarmante-de-casos-de-secuestro-y-extorsion-en-boyaca-desafios-para-las-autoridades-en-2024-copy-copy-copy","status":"publish","type":"post","link":"https:\/\/www.boyacaleinforma.com\/?p=14857","title":{"rendered":"M\u00e1s de mil estudiantes sin matricular a pocos d\u00edas del inicio de clases"},"content":{"rendered":"\t\t<div data-elementor-type=\"wp-post\" data-elementor-id=\"14857\" class=\"elementor elementor-14857\" data-elementor-post-type=\"post\">\n\t\t\t\t\t\t<section class=\"elementor-section elementor-top-section elementor-element elementor-element-62b311ee elementor-section-boxed elementor-section-height-default elementor-section-height-default\" data-id=\"62b311ee\" data-element_type=\"section\" data-e-type=\"section\">\n\t\t\t\t\t\t<div class=\"elementor-container elementor-column-gap-default\">\n\t\t\t\t\t<div class=\"elementor-column elementor-col-100 elementor-top-column elementor-element elementor-element-22e424c5\" data-id=\"22e424c5\" data-element_type=\"column\" data-e-type=\"column\">\n\t\t\t<div class=\"elementor-widget-wrap elementor-element-populated\">\n\t\t\t\t\t\t<div class=\"elementor-element elementor-element-7799c32 elementor-widget elementor-widget-image\" data-id=\"7799c32\" data-element_type=\"widget\" data-e-type=\"widget\" data-widget_type=\"image.default\">\n\t\t\t\t<div class=\"elementor-widget-container\">\n\t\t\t\t\t\t\t\t\t\t\t\t<figure class=\"wp-caption\">\n\t\t\t\t\t\t\t\t\t\t<img loading=\"lazy\" width=\"640\" height=\"384\" src=\"https:\/\/www.boyacaleinforma.com\/wp-content\/uploads\/2024\/01\/el-tiempo-5-768x461.jpeg\" class=\"attachment-medium_large size-medium_large wp-image-14874\" alt=\"el tiempo\" srcset=\"https:\/\/www.boyacaleinforma.com\/wp-content\/uploads\/2024\/01\/el-tiempo-5-768x461.jpeg 768w, https:\/\/www.boyacaleinforma.com\/wp-content\/uploads\/2024\/01\/el-tiempo-5-300x180.jpeg 300w, https:\/\/www.boyacaleinforma.com\/wp-content\/uploads\/2024\/01\/el-tiempo-5-1024x614.jpeg 1024w, https:\/\/www.boyacaleinforma.com\/wp-content\/uploads\/2024\/01\/el-tiempo-5.jpeg 1200w\" sizes=\"auto, (max-width: 640px) 100vw, 640px\" loading=\"lazy\" decoding=\"async\" \/>\t\t\t\t\t\t\t\t\t\t\t<figcaption class=\"widget-image-caption wp-caption-text\">Foto: El Tiempo<\/figcaption>\n\t\t\t\t\t\t\t\t\t\t<\/figure>\n\t\t\t\t\t\t\t\t\t<\/div>\n\t\t\t\t<\/div>\n\t\t\t\t<div class=\"elementor-element elementor-element-16316330 elementor-widget elementor-widget-text-editor\" data-id=\"16316330\" data-element_type=\"widget\" data-e-type=\"widget\" data-widget_type=\"text-editor.default\">\n\t\t\t\t<div class=\"elementor-widget-container\">\n\t\t\t\t\t\t\t\t\t<p>El pr\u00f3ximo lunes 22 de enero marca el inicio del nuevo a\u00f1o escolar en las Instituciones Educativas P\u00fablicas de Tunja, pero la preocupaci\u00f3n surge ante la noticia de que m\u00e1s de mil estudiantes de nueve instituciones no han sido matriculados. La Secretar\u00eda de Educaci\u00f3n Territorial de la capital boyacense hace un llamado urgente a los padres de familia o acudientes para que se acerquen a los colegios correspondientes y cumplan con el proceso de matr\u00edcula antes de la fecha l\u00edmite.<\/p><p>Seg\u00fan el secretario de Educaci\u00f3n de Tunja, Alfonso Rinc\u00f3n P\u00e9rez, en nueve instituciones educativas de la ciudad, los padres o acudientes no han completado el proceso de matr\u00edcula, el cual debe formalizarse antes del pr\u00f3ximo lunes 22 de enero para ser registrado en el Ministerio de Educaci\u00f3n. La falta de esta documentaci\u00f3n es un obst\u00e1culo significativo que puede afectar el acceso a la educaci\u00f3n de estos mil estudiantes.<\/p><p>Las instituciones educativas en las que se requiere la pronta legalizaci\u00f3n del proceso de matr\u00edcula son:<\/p><p>IE Jos\u00e9 Sandoval<\/p><p>IE Gimnasio Gran Colombiano<\/p><p>IE Julios Sieber<\/p><p>Inem Carlos Arturo Torres<\/p><p>IE Libertador Sim\u00f3n Bol\u00edvar<\/p><p>IE Rural del Sur<\/p><p>IE Silvino Rodr\u00edguez<\/p><p>Normal Superior Leonor \u00c1lvarez Pinz\u00f3n<\/p><p>T\u00e9cnico Gonzalo Su\u00e1rez Rend\u00f3n<\/p><p>La falta de matriculaci\u00f3n no solo afecta a los estudiantes, sino que tambi\u00e9n genera inconvenientes log\u00edsticos para la planificaci\u00f3n del nuevo a\u00f1o acad\u00e9mico. El llamado de la Secretar\u00eda de Educaci\u00f3n es claro: es fundamental que los padres de familia o acudientes se acerquen de manera inmediata a las instituciones educativas mencionadas para completar el proceso de matr\u00edcula y asegurar el acceso a la educaci\u00f3n para sus hijos.<\/p><p>La importancia de cumplir con los plazos establecidos radica en la necesidad de contar con la informaci\u00f3n actualizada y completa para la organizaci\u00f3n eficiente de los recursos y la asignaci\u00f3n de aulas y profesores. El Ministerio de Educaci\u00f3n requiere estos datos para garantizar el funcionamiento adecuado del sistema educativo a nivel nacional.<\/p><p>El llamado es claro y urgente. La colaboraci\u00f3n de los padres de familia es crucial para evitar interrupciones en la educaci\u00f3n de sus hijos. La Secretar\u00eda de Educaci\u00f3n de Tunja est\u00e1 dispuesta a brindar el apoyo necesario y resolver cualquier inquietud que los padres puedan tener durante este proceso vital para el desarrollo educativo de los estudiantes de la ciudad.<\/p>\t\t\t\t\t\t\t\t<\/div>\n\t\t\t\t<\/div>\n\t\t\t\t\t<\/div>\n\t\t<\/div>\n\t\t\t\t\t<\/div>\n\t\t<\/section>\n\t\t\t\t<\/div>\n\t\t","protected":false},"excerpt":{"rendered":"<p>Foto: El Tiempo El pr\u00f3ximo lunes 22 de enero marca el inicio del nuevo a\u00f1o escolar en las<\/p>\n","protected":false},"author":1,"featured_media":14874,"comment_status":"open","ping_status":"open","sticky":false,"template":"","format":"image","meta":{"om_disable_all_campaigns":false,"_monsterinsights_skip_tracking":false,"_monsterinsights_sitenote_active":false,"_monsterinsights_sitenote_note":"","_monsterinsights_sitenote_category":0,"footnotes":""},"categories":[6],"tags":[10],"class_list":["post-14857","post","type-post","status-publish","format-image","has-post-thumbnail","hentry","category-tunja","tag-noticias","post_format-post-format-image"],"aioseo_notices":[],"_links":{"self":[{"href":"https:\/\/www.boyacaleinforma.com\/index.php?rest_route=\/wp\/v2\/posts\/14857","targetHints":{"allow":["GET"]}}],"collection":[{"href":"https:\/\/www.boyacaleinforma.com\/index.php?rest_route=\/wp\/v2\/posts"}],"about":[{"href":"https:\/\/www.boyacaleinforma.com\/index.php?rest_route=\/wp\/v2\/types\/post"}],"author":[{"embeddable":true,"href":"https:\/\/www.boyacaleinforma.com\/index.php?rest_route=\/wp\/v2\/users\/1"}],"replies":[{"embeddable":true,"href":"https:\/\/www.boyacaleinforma.com\/index.php?rest_route=%2Fwp%2Fv2%2Fcomments&post=14857"}],"version-history":[{"count":0,"href":"https:\/\/www.boyacaleinforma.com\/index.php?rest_route=\/wp\/v2\/posts\/14857\/revisions"}],"wp:featuredmedia":[{"embeddable":true,"href":"https:\/\/www.boyacaleinforma.com\/index.php?rest_route=\/wp\/v2\/media\/14874"}],"wp:attachment":[{"href":"https:\/\/www.boyacaleinforma.com\/index.php?rest_route=%2Fwp%2Fv2%2Fmedia&parent=14857"}],"wp:term":[{"taxonomy":"category","embeddable":true,"href":"https:\/\/www.boyacaleinforma.com\/index.php?rest_route=%2Fwp%2Fv2%2Fcategories&post=14857"},{"taxonomy":"post_tag","embeddable":true,"href":"https:\/\/www.boyacaleinforma.com\/index.php?rest_route=%2Fwp%2Fv2%2Ftags&post=14857"}],"curies":[{"name":"wp","href":"https:\/\/api.w.org\/{rel}","templated":true}]}}