{"id":14860,"date":"2024-01-18T23:30:41","date_gmt":"2024-01-19T04:30:41","guid":{"rendered":"https:\/\/www.boyacaleinforma.com\/?p=14860"},"modified":"2024-01-18T23:56:37","modified_gmt":"2024-01-19T04:56:37","slug":"aumento-alarmante-de-casos-de-secuestro-y-extorsion-en-boyaca-desafios-para-las-autoridades-en-2024-copy-copy-copy-copy-copy-copy","status":"publish","type":"post","link":"https:\/\/www.boyacaleinforma.com\/?p=14860","title":{"rendered":"Medida urgente para enfrentar los estragos del Fen\u00f3meno de El Ni\u00f1o"},"content":{"rendered":"\t\t<div data-elementor-type=\"wp-post\" data-elementor-id=\"14860\" class=\"elementor elementor-14860\" data-elementor-post-type=\"post\">\n\t\t\t\t\t\t<section class=\"elementor-section elementor-top-section elementor-element elementor-element-62b311ee elementor-section-boxed elementor-section-height-default elementor-section-height-default\" data-id=\"62b311ee\" data-element_type=\"section\" data-e-type=\"section\">\n\t\t\t\t\t\t<div class=\"elementor-container elementor-column-gap-default\">\n\t\t\t\t\t<div class=\"elementor-column elementor-col-100 elementor-top-column elementor-element elementor-element-22e424c5\" data-id=\"22e424c5\" data-element_type=\"column\" data-e-type=\"column\">\n\t\t\t<div class=\"elementor-widget-wrap elementor-element-populated\">\n\t\t\t\t\t\t<div class=\"elementor-element elementor-element-7799c32 elementor-widget elementor-widget-image\" data-id=\"7799c32\" data-element_type=\"widget\" data-e-type=\"widget\" data-widget_type=\"image.default\">\n\t\t\t\t<div class=\"elementor-widget-container\">\n\t\t\t\t\t\t\t\t\t\t\t\t<figure class=\"wp-caption\">\n\t\t\t\t\t\t\t\t\t\t<img loading=\"lazy\" width=\"601\" height=\"331\" src=\"https:\/\/www.boyacaleinforma.com\/wp-content\/uploads\/2024\/01\/bancolombia.jpg\" class=\"attachment-medium_large size-medium_large wp-image-14872\" alt=\"bancolombia\" srcset=\"https:\/\/www.boyacaleinforma.com\/wp-content\/uploads\/2024\/01\/bancolombia.jpg 601w, https:\/\/www.boyacaleinforma.com\/wp-content\/uploads\/2024\/01\/bancolombia-300x165.jpg 300w\" sizes=\"auto, (max-width: 601px) 100vw, 601px\" loading=\"lazy\" decoding=\"async\" \/>\t\t\t\t\t\t\t\t\t\t\t<figcaption class=\"widget-image-caption wp-caption-text\">Foto: Bancolombia<\/figcaption>\n\t\t\t\t\t\t\t\t\t\t<\/figure>\n\t\t\t\t\t\t\t\t\t<\/div>\n\t\t\t\t<\/div>\n\t\t\t\t<div class=\"elementor-element elementor-element-16316330 elementor-widget elementor-widget-text-editor\" data-id=\"16316330\" data-element_type=\"widget\" data-e-type=\"widget\" data-widget_type=\"text-editor.default\">\n\t\t\t\t<div class=\"elementor-widget-container\">\n\t\t\t\t\t\t\t\t\t<p>Ante los graves impactos ambientales y socioecon\u00f3micos provocados por la temporada seca en Boyac\u00e1, el Consejo Departamental para la Gesti\u00f3n del Riesgo de Desastres ha emitido un concepto favorable para declarar la calamidad p\u00fablica en el departamento. Esta medida, que ahora ser\u00e1 sometida a estudio por el equipo del gobernador Carlos Amaya, busca contrarrestar los nocivos efectos del Fen\u00f3meno de El Ni\u00f1o que ha afectado a la mayor\u00eda de los municipios.<\/p><p>La situaci\u00f3n actual es cr\u00edtica, con m\u00e1s de 38 municipios en alerta roja debido a la ocurrencia de incendios forestales, mientras que 35 poblaciones registran desabastecimiento de agua. A estos desaf\u00edos se suman las millonarias p\u00e9rdidas econ\u00f3micas que experimentan los campesinos y ganaderos de la regi\u00f3n debido a las heladas.<\/p><p>El gobernador Carlos Amaya ha expresado su preocupaci\u00f3n por los impactos que la temporada seca est\u00e1 generando en Boyac\u00e1, destacando la necesidad de tomar medidas inmediatas para mitigar los efectos adversos en la poblaci\u00f3n y el entorno natural. El concepto favorable para declarar la calamidad p\u00fablica proporciona la base legal para implementar acciones m\u00e1s efectivas y coordinadas en respuesta a la crisis.<\/p><p>En este contexto, el mandatario ha anunciado su intenci\u00f3n de solicitar ayuda al Gobierno nacional para la creaci\u00f3n de un Centro Log\u00edstico Humanitario. Este centro tendr\u00e1 como objetivo principal atender a las comunidades afectadas no solo en Boyac\u00e1, sino tambi\u00e9n en los departamentos vecinos de Santander, Cundinamarca y Casanare, que tambi\u00e9n enfrentan desaf\u00edos similares debido al Fen\u00f3meno de El Ni\u00f1o.<\/p><p>El Centro Log\u00edstico Humanitario se convertir\u00eda en un punto clave para coordinar la entrega de ayuda humanitaria, suministros esenciales y asistencia a las comunidades m\u00e1s afectadas. La colaboraci\u00f3n entre el gobierno departamental y nacional se vuelve fundamental para brindar apoyo a los habitantes y agricultores que luchan contra los estragos de la sequ\u00eda, los incendios y las heladas.<\/p><p>La declaraci\u00f3n de calamidad p\u00fablica y la solicitud de ayuda reflejan la urgencia de la situaci\u00f3n y la determinaci\u00f3n de las autoridades de Boyac\u00e1 para enfrentar los retos planteados por el Fen\u00f3meno de El Ni\u00f1o. La solidaridad y la acci\u00f3n coordinada ser\u00e1n cruciales para superar esta crisis y avanzar hacia la recuperaci\u00f3n sostenible de la regi\u00f3n.<\/p>\t\t\t\t\t\t\t\t<\/div>\n\t\t\t\t<\/div>\n\t\t\t\t\t<\/div>\n\t\t<\/div>\n\t\t\t\t\t<\/div>\n\t\t<\/section>\n\t\t\t\t<\/div>\n\t\t","protected":false},"excerpt":{"rendered":"<p>Foto: Bancolombia Ante los graves impactos ambientales y socioecon\u00f3micos provocados por la temporada seca en Boyac\u00e1, el Consejo<\/p>\n","protected":false},"author":1,"featured_media":14872,"comment_status":"open","ping_status":"open","sticky":false,"template":"","format":"image","meta":{"om_disable_all_campaigns":false,"_monsterinsights_skip_tracking":false,"_monsterinsights_sitenote_active":false,"_monsterinsights_sitenote_note":"","_monsterinsights_sitenote_category":0,"footnotes":""},"categories":[5],"tags":[10],"class_list":["post-14860","post","type-post","status-publish","format-image","has-post-thumbnail","hentry","category-boyaca","tag-noticias","post_format-post-format-image"],"aioseo_notices":[],"_links":{"self":[{"href":"https:\/\/www.boyacaleinforma.com\/index.php?rest_route=\/wp\/v2\/posts\/14860","targetHints":{"allow":["GET"]}}],"collection":[{"href":"https:\/\/www.boyacaleinforma.com\/index.php?rest_route=\/wp\/v2\/posts"}],"about":[{"href":"https:\/\/www.boyacaleinforma.com\/index.php?rest_route=\/wp\/v2\/types\/post"}],"author":[{"embeddable":true,"href":"https:\/\/www.boyacaleinforma.com\/index.php?rest_route=\/wp\/v2\/users\/1"}],"replies":[{"embeddable":true,"href":"https:\/\/www.boyacaleinforma.com\/index.php?rest_route=%2Fwp%2Fv2%2Fcomments&post=14860"}],"version-history":[{"count":0,"href":"https:\/\/www.boyacaleinforma.com\/index.php?rest_route=\/wp\/v2\/posts\/14860\/revisions"}],"wp:featuredmedia":[{"embeddable":true,"href":"https:\/\/www.boyacaleinforma.com\/index.php?rest_route=\/wp\/v2\/media\/14872"}],"wp:attachment":[{"href":"https:\/\/www.boyacaleinforma.com\/index.php?rest_route=%2Fwp%2Fv2%2Fmedia&parent=14860"}],"wp:term":[{"taxonomy":"category","embeddable":true,"href":"https:\/\/www.boyacaleinforma.com\/index.php?rest_route=%2Fwp%2Fv2%2Fcategories&post=14860"},{"taxonomy":"post_tag","embeddable":true,"href":"https:\/\/www.boyacaleinforma.com\/index.php?rest_route=%2Fwp%2Fv2%2Ftags&post=14860"}],"curies":[{"name":"wp","href":"https:\/\/api.w.org\/{rel}","templated":true}]}}