{"id":14861,"date":"2024-01-18T23:32:24","date_gmt":"2024-01-19T04:32:24","guid":{"rendered":"https:\/\/www.boyacaleinforma.com\/?p=14861"},"modified":"2024-01-18T23:52:44","modified_gmt":"2024-01-19T04:52:44","slug":"aumento-alarmante-de-casos-de-secuestro-y-extorsion-en-boyaca-desafios-para-las-autoridades-en-2024-copy-copy-copy-copy-copy-copy-copy","status":"publish","type":"post","link":"https:\/\/www.boyacaleinforma.com\/?p=14861","title":{"rendered":"Bora desmiente rumores sobre la lLlegada de Van Aert: m\u00e1s all\u00e1 de Red Bull"},"content":{"rendered":"\t\t<div data-elementor-type=\"wp-post\" data-elementor-id=\"14861\" class=\"elementor elementor-14861\" data-elementor-post-type=\"post\">\n\t\t\t\t\t\t<section class=\"elementor-section elementor-top-section elementor-element elementor-element-62b311ee elementor-section-boxed elementor-section-height-default elementor-section-height-default\" data-id=\"62b311ee\" data-element_type=\"section\" data-e-type=\"section\">\n\t\t\t\t\t\t<div class=\"elementor-container elementor-column-gap-default\">\n\t\t\t\t\t<div class=\"elementor-column elementor-col-100 elementor-top-column elementor-element elementor-element-22e424c5\" data-id=\"22e424c5\" data-element_type=\"column\" data-e-type=\"column\">\n\t\t\t<div class=\"elementor-widget-wrap elementor-element-populated\">\n\t\t\t\t\t\t<div class=\"elementor-element elementor-element-7799c32 elementor-widget elementor-widget-image\" data-id=\"7799c32\" data-element_type=\"widget\" data-e-type=\"widget\" data-widget_type=\"image.default\">\n\t\t\t\t<div class=\"elementor-widget-container\">\n\t\t\t\t\t\t\t\t\t\t\t\t<figure class=\"wp-caption\">\n\t\t\t\t\t\t\t\t\t\t<img loading=\"lazy\" width=\"620\" height=\"400\" src=\"https:\/\/www.boyacaleinforma.com\/wp-content\/uploads\/2024\/01\/nrujula-nicke.jpg\" class=\"attachment-medium_large size-medium_large wp-image-14877\" alt=\"nrujula nicke\" srcset=\"https:\/\/www.boyacaleinforma.com\/wp-content\/uploads\/2024\/01\/nrujula-nicke.jpg 620w, https:\/\/www.boyacaleinforma.com\/wp-content\/uploads\/2024\/01\/nrujula-nicke-300x194.jpg 300w\" sizes=\"auto, (max-width: 620px) 100vw, 620px\" loading=\"lazy\" decoding=\"async\" \/>\t\t\t\t\t\t\t\t\t\t\t<figcaption class=\"widget-image-caption wp-caption-text\">Foto: Br\u00fajula Bike<\/figcaption>\n\t\t\t\t\t\t\t\t\t\t<\/figure>\n\t\t\t\t\t\t\t\t\t<\/div>\n\t\t\t\t<\/div>\n\t\t\t\t<div class=\"elementor-element elementor-element-16316330 elementor-widget elementor-widget-text-editor\" data-id=\"16316330\" data-element_type=\"widget\" data-e-type=\"widget\" data-widget_type=\"text-editor.default\">\n\t\t\t\t<div class=\"elementor-widget-container\">\n\t\t\t\t\t\t\t\t\t<p>Desde la entrada de Red Bull como due\u00f1o mayoritario en el equipo Bora, han circulado persistentes rumores acerca de la posible contrataci\u00f3n de Wout Van Aert, un ciclista estrechamente vinculado a la marca de la bebida energ\u00e9tica. Sin embargo, en la escuadra alemana, la postura es de cautela y niegan categ\u00f3ricamente cualquier contacto con el ciclista belga.<\/p><p>En declaraciones exclusivas a Velo, Bernhard Eisel, uno de los directores del equipo, abord\u00f3 la cuesti\u00f3n. \u201cEs un gran paso para el ciclismo que una marca tan grande se sume. No tengo nada contra los patrocinadores que hoy nos acompa\u00f1an, pero este es EL nombre, algo as\u00ed como Coca Cola\u201d, expres\u00f3 Eisel, destacando la magnitud de la incorporaci\u00f3n de Red Bull al mundo del ciclismo.<\/p><p>Eisel tambi\u00e9n reflexion\u00f3 sobre el impacto positivo que la llegada de marcas de renombre puede tener en el ciclismo en general. \u00abQuiz\u00e1s esto haga que otras grandes empresas se sumen al ciclismo. Es el camino correcto; est\u00e1n en la televisi\u00f3n todo el tiempo, todos usan sus bicicletas\u2026\u201d, a\u00f1adi\u00f3, resaltando el potencial de estas colaboraciones para impulsar a\u00fan m\u00e1s la visibilidad y popularidad del deporte.<\/p><p>Sin embargo, respecto a los rumores de posibles fichajes, Eisel fue claro: \u201cEstoy bastante seguro de que no hemos hablado con nadie\u201d. La negaci\u00f3n contundente busca disipar las especulaciones que han estado circulando sobre la posible incorporaci\u00f3n de Wout Van Aert al equipo Bora.<\/p><p>La relaci\u00f3n de Van Aert con Red Bull ha sido un factor importante en las conjeturas, pero el equipo alem\u00e1n parece querer separar los lazos publicitarios de las decisiones deportivas. La cautela expresada por Eisel sugiere que, aunque la colaboraci\u00f3n con Red Bull es significativa, las negociaciones y acercamientos con ciclistas de renombre como Van Aert no son tan inminentes como algunos medios han sugerido.<\/p><p>A medida que se desarrolla la temporada ciclista, la incertidumbre sobre los posibles movimientos en los equipos de \u00e9lite a\u00f1ade emoci\u00f3n al deporte, y solo el tiempo dir\u00e1 si Bora se suma a la lista de equipos que incorporan estrellas destacadas a sus filas.<\/p>\t\t\t\t\t\t\t\t<\/div>\n\t\t\t\t<\/div>\n\t\t\t\t\t<\/div>\n\t\t<\/div>\n\t\t\t\t\t<\/div>\n\t\t<\/section>\n\t\t\t\t<\/div>\n\t\t","protected":false},"excerpt":{"rendered":"<p>Foto: Br\u00fajula Bike Desde la entrada de Red Bull como due\u00f1o mayoritario en el equipo Bora, han circulado<\/p>\n","protected":false},"author":1,"featured_media":14877,"comment_status":"open","ping_status":"open","sticky":false,"template":"","format":"image","meta":{"om_disable_all_campaigns":false,"_monsterinsights_skip_tracking":false,"_monsterinsights_sitenote_active":false,"_monsterinsights_sitenote_note":"","_monsterinsights_sitenote_category":0,"footnotes":""},"categories":[7],"tags":[10],"class_list":["post-14861","post","type-post","status-publish","format-image","has-post-thumbnail","hentry","category-deportes","tag-noticias","post_format-post-format-image"],"aioseo_notices":[],"_links":{"self":[{"href":"https:\/\/www.boyacaleinforma.com\/index.php?rest_route=\/wp\/v2\/posts\/14861","targetHints":{"allow":["GET"]}}],"collection":[{"href":"https:\/\/www.boyacaleinforma.com\/index.php?rest_route=\/wp\/v2\/posts"}],"about":[{"href":"https:\/\/www.boyacaleinforma.com\/index.php?rest_route=\/wp\/v2\/types\/post"}],"author":[{"embeddable":true,"href":"https:\/\/www.boyacaleinforma.com\/index.php?rest_route=\/wp\/v2\/users\/1"}],"replies":[{"embeddable":true,"href":"https:\/\/www.boyacaleinforma.com\/index.php?rest_route=%2Fwp%2Fv2%2Fcomments&post=14861"}],"version-history":[{"count":0,"href":"https:\/\/www.boyacaleinforma.com\/index.php?rest_route=\/wp\/v2\/posts\/14861\/revisions"}],"wp:featuredmedia":[{"embeddable":true,"href":"https:\/\/www.boyacaleinforma.com\/index.php?rest_route=\/wp\/v2\/media\/14877"}],"wp:attachment":[{"href":"https:\/\/www.boyacaleinforma.com\/index.php?rest_route=%2Fwp%2Fv2%2Fmedia&parent=14861"}],"wp:term":[{"taxonomy":"category","embeddable":true,"href":"https:\/\/www.boyacaleinforma.com\/index.php?rest_route=%2Fwp%2Fv2%2Fcategories&post=14861"},{"taxonomy":"post_tag","embeddable":true,"href":"https:\/\/www.boyacaleinforma.com\/index.php?rest_route=%2Fwp%2Fv2%2Ftags&post=14861"}],"curies":[{"name":"wp","href":"https:\/\/api.w.org\/{rel}","templated":true}]}}