{"id":14862,"date":"2024-01-18T23:33:09","date_gmt":"2024-01-19T04:33:09","guid":{"rendered":"https:\/\/www.boyacaleinforma.com\/?p=14862"},"modified":"2024-01-18T23:51:01","modified_gmt":"2024-01-19T04:51:01","slug":"aumento-alarmante-de-casos-de-secuestro-y-extorsion-en-boyaca-desafios-para-las-autoridades-en-2024-copy-copy-copy-copy-copy-copy-copy-copy","status":"publish","type":"post","link":"https:\/\/www.boyacaleinforma.com\/?p=14862","title":{"rendered":"Boyac\u00e1 Chic\u00f3 se prepara para brillar"},"content":{"rendered":"\t\t<div data-elementor-type=\"wp-post\" data-elementor-id=\"14862\" class=\"elementor elementor-14862\" data-elementor-post-type=\"post\">\n\t\t\t\t\t\t<section class=\"elementor-section elementor-top-section elementor-element elementor-element-62b311ee elementor-section-boxed elementor-section-height-default elementor-section-height-default\" data-id=\"62b311ee\" data-element_type=\"section\" data-e-type=\"section\">\n\t\t\t\t\t\t<div class=\"elementor-container elementor-column-gap-default\">\n\t\t\t\t\t<div class=\"elementor-column elementor-col-100 elementor-top-column elementor-element elementor-element-22e424c5\" data-id=\"22e424c5\" data-element_type=\"column\" data-e-type=\"column\">\n\t\t\t<div class=\"elementor-widget-wrap elementor-element-populated\">\n\t\t\t\t\t\t<div class=\"elementor-element elementor-element-7799c32 elementor-widget elementor-widget-image\" data-id=\"7799c32\" data-element_type=\"widget\" data-e-type=\"widget\" data-widget_type=\"image.default\">\n\t\t\t\t<div class=\"elementor-widget-container\">\n\t\t\t\t\t\t\t\t\t\t\t\t<figure class=\"wp-caption\">\n\t\t\t\t\t\t\t\t\t\t<img loading=\"lazy\" width=\"640\" height=\"360\" src=\"https:\/\/www.boyacaleinforma.com\/wp-content\/uploads\/2024\/01\/gol-caracol-768x432.jpg\" class=\"attachment-medium_large size-medium_large wp-image-14876\" alt=\"gol caracol\" srcset=\"https:\/\/www.boyacaleinforma.com\/wp-content\/uploads\/2024\/01\/gol-caracol-768x432.jpg 768w, https:\/\/www.boyacaleinforma.com\/wp-content\/uploads\/2024\/01\/gol-caracol-300x169.jpg 300w, https:\/\/www.boyacaleinforma.com\/wp-content\/uploads\/2024\/01\/gol-caracol-1024x576.jpg 1024w, https:\/\/www.boyacaleinforma.com\/wp-content\/uploads\/2024\/01\/gol-caracol.jpg 1200w\" sizes=\"auto, (max-width: 640px) 100vw, 640px\" loading=\"lazy\" decoding=\"async\" \/>\t\t\t\t\t\t\t\t\t\t\t<figcaption class=\"widget-image-caption wp-caption-text\">Foto: Gol Caracol<\/figcaption>\n\t\t\t\t\t\t\t\t\t\t<\/figure>\n\t\t\t\t\t\t\t\t\t<\/div>\n\t\t\t\t<\/div>\n\t\t\t\t<div class=\"elementor-element elementor-element-16316330 elementor-widget elementor-widget-text-editor\" data-id=\"16316330\" data-element_type=\"widget\" data-e-type=\"widget\" data-widget_type=\"text-editor.default\">\n\t\t\t\t<div class=\"elementor-widget-container\">\n\t\t\t\t\t\t\t\t\t<p>En una entrevista exclusiva con Pel\u00e1ez y De Francisco, el director t\u00e9cnico del Boyac\u00e1 Chic\u00f3, Miguel Caneo, comparti\u00f3 sus planes y estrategias para potenciar al equipo en la temporada futbol\u00edstica del 2024. Con entusiasmo y confianza, el entrenador argentino expres\u00f3 su satisfacci\u00f3n con el plantel actual, pero tambi\u00e9n adelant\u00f3 la llegada de nuevos refuerzos, incluyendo un jugador extranjero.<\/p><p>Caneo elogi\u00f3 el desempe\u00f1o y la dedicaci\u00f3n del equipo hasta el momento. \u00abEstamos muy contentos con el plantel y el trabajo que venimos haciendo; tenemos una buena base\u00bb, afirm\u00f3 el director t\u00e9cnico. Sin embargo, consciente de la competitividad del f\u00fatbol actual, anunci\u00f3 planes para incorporar nuevos talentos que fortalezcan a\u00fan m\u00e1s la plantilla.<\/p><p>\u00abTraeremos unos refuerzos para potenciar lo que tenemos\u00bb, adelant\u00f3 Caneo, destacando la importancia de mantener un equilibrio entre la experiencia y la energ\u00eda fresca en el equipo. En los \u00faltimos d\u00edas, el Boyac\u00e1 Chic\u00f3 ha recibido a algunos jugadores que, seg\u00fan el director t\u00e9cnico, llegan con una gran motivaci\u00f3n para contribuir al \u00e9xito del equipo.<\/p><p>El anuncio de la posible inclusi\u00f3n de un jugador extranjero en el equipo a\u00f1ade un componente internacional al Boyac\u00e1 Chic\u00f3, lo que podr\u00eda brindar una perspectiva \u00fanica y una nueva din\u00e1mica al juego del equipo.<\/p><p>Caneo concluy\u00f3 la entrevista compartiendo sus expectativas para la temporada. \u00abDefiniremos el equipo en los pr\u00f3ximos d\u00edas\u00bb, asegur\u00f3, subrayando la importancia de seleccionar cuidadosamente la alineaci\u00f3n para lograr un rendimiento \u00f3ptimo en los desaf\u00edos venideros. Con determinaci\u00f3n, expres\u00f3 su deseo de que el Boyac\u00e1 Chic\u00f3 se consolide como un equipo altamente competitivo, capaz de enfrentar con \u00e9xito los retos que se presenten en la temporada 2024.<\/p><p>La afici\u00f3n del Boyac\u00e1 Chic\u00f3 aguarda con entusiasmo el inicio de la temporada, con la esperanza de ver a su equipo brillar en el campo de juego y alcanzar nuevos logros bajo la direcci\u00f3n de Miguel Caneo.<\/p>\t\t\t\t\t\t\t\t<\/div>\n\t\t\t\t<\/div>\n\t\t\t\t\t<\/div>\n\t\t<\/div>\n\t\t\t\t\t<\/div>\n\t\t<\/section>\n\t\t\t\t<\/div>\n\t\t","protected":false},"excerpt":{"rendered":"<p>Foto: Gol Caracol En una entrevista exclusiva con Pel\u00e1ez y De Francisco, el director t\u00e9cnico del Boyac\u00e1 Chic\u00f3,<\/p>\n","protected":false},"author":1,"featured_media":14876,"comment_status":"open","ping_status":"open","sticky":false,"template":"","format":"image","meta":{"om_disable_all_campaigns":false,"_monsterinsights_skip_tracking":false,"_monsterinsights_sitenote_active":false,"_monsterinsights_sitenote_note":"","_monsterinsights_sitenote_category":0,"footnotes":""},"categories":[7],"tags":[10],"class_list":["post-14862","post","type-post","status-publish","format-image","has-post-thumbnail","hentry","category-deportes","tag-noticias","post_format-post-format-image"],"aioseo_notices":[],"_links":{"self":[{"href":"https:\/\/www.boyacaleinforma.com\/index.php?rest_route=\/wp\/v2\/posts\/14862","targetHints":{"allow":["GET"]}}],"collection":[{"href":"https:\/\/www.boyacaleinforma.com\/index.php?rest_route=\/wp\/v2\/posts"}],"about":[{"href":"https:\/\/www.boyacaleinforma.com\/index.php?rest_route=\/wp\/v2\/types\/post"}],"author":[{"embeddable":true,"href":"https:\/\/www.boyacaleinforma.com\/index.php?rest_route=\/wp\/v2\/users\/1"}],"replies":[{"embeddable":true,"href":"https:\/\/www.boyacaleinforma.com\/index.php?rest_route=%2Fwp%2Fv2%2Fcomments&post=14862"}],"version-history":[{"count":0,"href":"https:\/\/www.boyacaleinforma.com\/index.php?rest_route=\/wp\/v2\/posts\/14862\/revisions"}],"wp:featuredmedia":[{"embeddable":true,"href":"https:\/\/www.boyacaleinforma.com\/index.php?rest_route=\/wp\/v2\/media\/14876"}],"wp:attachment":[{"href":"https:\/\/www.boyacaleinforma.com\/index.php?rest_route=%2Fwp%2Fv2%2Fmedia&parent=14862"}],"wp:term":[{"taxonomy":"category","embeddable":true,"href":"https:\/\/www.boyacaleinforma.com\/index.php?rest_route=%2Fwp%2Fv2%2Fcategories&post=14862"},{"taxonomy":"post_tag","embeddable":true,"href":"https:\/\/www.boyacaleinforma.com\/index.php?rest_route=%2Fwp%2Fv2%2Ftags&post=14862"}],"curies":[{"name":"wp","href":"https:\/\/api.w.org\/{rel}","templated":true}]}}