{"id":14916,"date":"2024-01-21T23:12:10","date_gmt":"2024-01-22T04:12:10","guid":{"rendered":"https:\/\/www.boyacaleinforma.com\/?p=14916"},"modified":"2024-01-22T00:39:37","modified_gmt":"2024-01-22T05:39:37","slug":"boyaca-chico-se-prepara-para-brillar-copy","status":"publish","type":"post","link":"https:\/\/www.boyacaleinforma.com\/?p=14916","title":{"rendered":"Presunto agresor de violencia intrafamiliar en Zetaquira"},"content":{"rendered":"\t\t<div data-elementor-type=\"wp-post\" data-elementor-id=\"14916\" class=\"elementor elementor-14916\" data-elementor-post-type=\"post\">\n\t\t\t\t\t\t<section class=\"elementor-section elementor-top-section elementor-element elementor-element-62b311ee elementor-section-boxed elementor-section-height-default elementor-section-height-default\" data-id=\"62b311ee\" data-element_type=\"section\" data-e-type=\"section\">\n\t\t\t\t\t\t<div class=\"elementor-container elementor-column-gap-default\">\n\t\t\t\t\t<div class=\"elementor-column elementor-col-100 elementor-top-column elementor-element elementor-element-22e424c5\" data-id=\"22e424c5\" data-element_type=\"column\" data-e-type=\"column\">\n\t\t\t<div class=\"elementor-widget-wrap elementor-element-populated\">\n\t\t\t\t\t\t<div class=\"elementor-element elementor-element-7799c32 elementor-widget elementor-widget-image\" data-id=\"7799c32\" data-element_type=\"widget\" data-e-type=\"widget\" data-widget_type=\"image.default\">\n\t\t\t\t<div class=\"elementor-widget-container\">\n\t\t\t\t\t\t\t\t\t\t\t\t<figure class=\"wp-caption\">\n\t\t\t\t\t\t\t\t\t\t<img loading=\"lazy\" width=\"640\" height=\"478\" src=\"https:\/\/www.boyacaleinforma.com\/wp-content\/uploads\/2024\/01\/judiciale-sy-denuncias-768x574.jpg\" class=\"attachment-medium_large size-medium_large wp-image-14940\" alt=\"judiciale sy denuncias\" srcset=\"https:\/\/www.boyacaleinforma.com\/wp-content\/uploads\/2024\/01\/judiciale-sy-denuncias-768x574.jpg 768w, https:\/\/www.boyacaleinforma.com\/wp-content\/uploads\/2024\/01\/judiciale-sy-denuncias-300x224.jpg 300w, https:\/\/www.boyacaleinforma.com\/wp-content\/uploads\/2024\/01\/judiciale-sy-denuncias-1024x765.jpg 1024w, https:\/\/www.boyacaleinforma.com\/wp-content\/uploads\/2024\/01\/judiciale-sy-denuncias-1536x1148.jpg 1536w, https:\/\/www.boyacaleinforma.com\/wp-content\/uploads\/2024\/01\/judiciale-sy-denuncias.jpg 1600w\" sizes=\"auto, (max-width: 640px) 100vw, 640px\" loading=\"lazy\" decoding=\"async\" \/>\t\t\t\t\t\t\t\t\t\t\t<figcaption class=\"widget-image-caption wp-caption-text\">Foto: Judiciales y denuncias<\/figcaption>\n\t\t\t\t\t\t\t\t\t\t<\/figure>\n\t\t\t\t\t\t\t\t\t<\/div>\n\t\t\t\t<\/div>\n\t\t\t\t<div class=\"elementor-element elementor-element-16316330 elementor-widget elementor-widget-text-editor\" data-id=\"16316330\" data-element_type=\"widget\" data-e-type=\"widget\" data-widget_type=\"text-editor.default\">\n\t\t\t\t<div class=\"elementor-widget-container\">\n\t\t\t\t\t\t\t\t\t<p>Las labores investigativas lideradas por un fiscal de la Seccional Boyac\u00e1, con el respaldo del Cuerpo T\u00e9cnico de Investigaci\u00f3n (CTI), han llevado a la judicializaci\u00f3n y prisi\u00f3n de Rolfe Soler Caro, quien enfrenta cargos como presunto autor del delito de violencia intrafamiliar. Se le acusa de agredir f\u00edsica, verbal y psicol\u00f3gicamente a su pareja sentimental en la vereda Patanoa, Zetaquira (Boyac\u00e1), durante el periodo comprendido entre mayo y noviembre de 2023.<\/p><p>Las acciones delictivas del imputado, seg\u00fan la investigaci\u00f3n, incluyeron episodios repetidos de violencia f\u00edsica, verbal y psicol\u00f3gica dirigida hacia su pareja. Los hechos, que han conmocionado a la comunidad, llevaron al presunto agresor a amenazar de muerte y golpear a la v\u00edctima en varias ocasiones, llegando incluso al extremo de utilizar una botella como arma.<\/p><p>El Cuerpo T\u00e9cnico de Investigaciones (CTI) de Boyac\u00e1 logr\u00f3 la captura de Rolfe Soler Caro, quien fue presentado ante un juez con funci\u00f3n de control de garant\u00edas. Tras avalar el escrito de acusaci\u00f3n presentado por la Fiscal\u00eda, el juez determin\u00f3 que el imputado debe permanecer privado de la libertad en un establecimiento carcelario.<\/p><p>Este caso resalta la importancia de la acci\u00f3n coordinada entre la Fiscal\u00eda y el CTI para abordar situaciones de violencia intrafamiliar. La decisi\u00f3n del juez subraya la gravedad de los cargos y la necesidad de asegurar que el presunto agresor responda ante la justicia por sus acciones.<\/p><p>La comunidad de Zetaquira sigue de cerca este caso, recordando la importancia de denunciar cualquier forma de violencia y reafirmando el compromiso de las autoridades en la protecci\u00f3n de quienes puedan ser v\u00edctimas de situaciones similares.<\/p>\t\t\t\t\t\t\t\t<\/div>\n\t\t\t\t<\/div>\n\t\t\t\t<div class=\"elementor-element elementor-element-818f5b5 elementor-widget elementor-widget-video\" data-id=\"818f5b5\" data-element_type=\"widget\" data-e-type=\"widget\" data-settings=\"{&quot;youtube_url&quot;:&quot;https:\\\/\\\/youtu.be\\\/39IgyORrv6I&quot;,&quot;video_type&quot;:&quot;youtube&quot;,&quot;controls&quot;:&quot;yes&quot;}\" data-widget_type=\"video.default\">\n\t\t\t\t<div class=\"elementor-widget-container\">\n\t\t\t\t\t\t\t<div class=\"elementor-wrapper elementor-open-inline\">\n\t\t\t<div class=\"elementor-video\"><\/div>\t\t<\/div>\n\t\t\t\t\t\t<\/div>\n\t\t\t\t<\/div>\n\t\t\t\t\t<\/div>\n\t\t<\/div>\n\t\t\t\t\t<\/div>\n\t\t<\/section>\n\t\t\t\t<\/div>\n\t\t","protected":false},"excerpt":{"rendered":"<p>Foto: Judiciales y denuncias Las labores investigativas lideradas por un fiscal de la Seccional Boyac\u00e1, con el respaldo<\/p>\n","protected":false},"author":1,"featured_media":14940,"comment_status":"open","ping_status":"open","sticky":false,"template":"","format":"image","meta":{"om_disable_all_campaigns":false,"_monsterinsights_skip_tracking":false,"_monsterinsights_sitenote_active":false,"_monsterinsights_sitenote_note":"","_monsterinsights_sitenote_category":0,"footnotes":""},"categories":[8],"tags":[10],"class_list":["post-14916","post","type-post","status-publish","format-image","has-post-thumbnail","hentry","category-judicial","tag-noticias","post_format-post-format-image"],"aioseo_notices":[],"_links":{"self":[{"href":"https:\/\/www.boyacaleinforma.com\/index.php?rest_route=\/wp\/v2\/posts\/14916","targetHints":{"allow":["GET"]}}],"collection":[{"href":"https:\/\/www.boyacaleinforma.com\/index.php?rest_route=\/wp\/v2\/posts"}],"about":[{"href":"https:\/\/www.boyacaleinforma.com\/index.php?rest_route=\/wp\/v2\/types\/post"}],"author":[{"embeddable":true,"href":"https:\/\/www.boyacaleinforma.com\/index.php?rest_route=\/wp\/v2\/users\/1"}],"replies":[{"embeddable":true,"href":"https:\/\/www.boyacaleinforma.com\/index.php?rest_route=%2Fwp%2Fv2%2Fcomments&post=14916"}],"version-history":[{"count":0,"href":"https:\/\/www.boyacaleinforma.com\/index.php?rest_route=\/wp\/v2\/posts\/14916\/revisions"}],"wp:featuredmedia":[{"embeddable":true,"href":"https:\/\/www.boyacaleinforma.com\/index.php?rest_route=\/wp\/v2\/media\/14940"}],"wp:attachment":[{"href":"https:\/\/www.boyacaleinforma.com\/index.php?rest_route=%2Fwp%2Fv2%2Fmedia&parent=14916"}],"wp:term":[{"taxonomy":"category","embeddable":true,"href":"https:\/\/www.boyacaleinforma.com\/index.php?rest_route=%2Fwp%2Fv2%2Fcategories&post=14916"},{"taxonomy":"post_tag","embeddable":true,"href":"https:\/\/www.boyacaleinforma.com\/index.php?rest_route=%2Fwp%2Fv2%2Ftags&post=14916"}],"curies":[{"name":"wp","href":"https:\/\/api.w.org\/{rel}","templated":true}]}}