{"id":14920,"date":"2024-01-21T23:36:42","date_gmt":"2024-01-22T04:36:42","guid":{"rendered":"https:\/\/www.boyacaleinforma.com\/?p=14920"},"modified":"2024-01-22T00:22:18","modified_gmt":"2024-01-22T05:22:18","slug":"boyaca-chico-se-prepara-para-brillar-copy-copy-copy-copy-copy","status":"publish","type":"post","link":"https:\/\/www.boyacaleinforma.com\/?p=14920","title":{"rendered":"Procuradur\u00eda ratifica suspensi\u00f3n del Gerente de la Terminal de Transportes de Sogamoso por irregularidades en contrataci\u00f3n"},"content":{"rendered":"\t\t<div data-elementor-type=\"wp-post\" data-elementor-id=\"14920\" class=\"elementor elementor-14920\" data-elementor-post-type=\"post\">\n\t\t\t\t\t\t<section class=\"elementor-section elementor-top-section elementor-element elementor-element-62b311ee elementor-section-boxed elementor-section-height-default elementor-section-height-default\" data-id=\"62b311ee\" data-element_type=\"section\" data-e-type=\"section\">\n\t\t\t\t\t\t<div class=\"elementor-container elementor-column-gap-default\">\n\t\t\t\t\t<div class=\"elementor-column elementor-col-100 elementor-top-column elementor-element elementor-element-22e424c5\" data-id=\"22e424c5\" data-element_type=\"column\" data-e-type=\"column\">\n\t\t\t<div class=\"elementor-widget-wrap elementor-element-populated\">\n\t\t\t\t\t\t<div class=\"elementor-element elementor-element-7799c32 elementor-widget elementor-widget-image\" data-id=\"7799c32\" data-element_type=\"widget\" data-e-type=\"widget\" data-widget_type=\"image.default\">\n\t\t\t\t<div class=\"elementor-widget-container\">\n\t\t\t\t\t\t\t\t\t\t\t\t<figure class=\"wp-caption\">\n\t\t\t\t\t\t\t\t\t\t<img loading=\"lazy\" width=\"640\" height=\"434\" src=\"https:\/\/www.boyacaleinforma.com\/wp-content\/uploads\/2024\/01\/procuraduria-ok-768x521.jpeg\" class=\"attachment-medium_large size-medium_large wp-image-14942\" alt=\"procuraduria ok\" srcset=\"https:\/\/www.boyacaleinforma.com\/wp-content\/uploads\/2024\/01\/procuraduria-ok-768x521.jpeg 768w, https:\/\/www.boyacaleinforma.com\/wp-content\/uploads\/2024\/01\/procuraduria-ok-300x204.jpeg 300w, https:\/\/www.boyacaleinforma.com\/wp-content\/uploads\/2024\/01\/procuraduria-ok-1024x695.jpeg 1024w, https:\/\/www.boyacaleinforma.com\/wp-content\/uploads\/2024\/01\/procuraduria-ok-1536x1042.jpeg 1536w, https:\/\/www.boyacaleinforma.com\/wp-content\/uploads\/2024\/01\/procuraduria-ok.jpeg 1592w\" sizes=\"auto, (max-width: 640px) 100vw, 640px\" loading=\"lazy\" decoding=\"async\" \/>\t\t\t\t\t\t\t\t\t\t\t<figcaption class=\"widget-image-caption wp-caption-text\">Foto: Procuradur\u00eda<\/figcaption>\n\t\t\t\t\t\t\t\t\t\t<\/figure>\n\t\t\t\t\t\t\t\t\t<\/div>\n\t\t\t\t<\/div>\n\t\t\t\t<div class=\"elementor-element elementor-element-16316330 elementor-widget elementor-widget-text-editor\" data-id=\"16316330\" data-element_type=\"widget\" data-e-type=\"widget\" data-widget_type=\"text-editor.default\">\n\t\t\t\t<div class=\"elementor-widget-container\">\n\t\t\t\t\t\t\t\t\t<p>La Procuradur\u00eda General de la Naci\u00f3n ha confirmado la suspensi\u00f3n por tres meses del gerente de la Terminal de Transportes de Sogamoso, Leonardo Rojas Vargas, decretada previamente por la Personer\u00eda de Sogamoso, Boyac\u00e1. La medida tiene como objetivo evitar interferencias en la investigaci\u00f3n que adelanta el Ministerio P\u00fablico sobre presuntas irregularidades en el proceso de contrataci\u00f3n para la construcci\u00f3n de una nueva terminal de transportes por valor de $86.4 millones.<\/p><p>La decisi\u00f3n de la Personer\u00eda de Sogamoso de suspender a Leonardo Rojas Vargas se basa en las presuntas acciones del gerente al haber adelantado el proceso contractual de manera individual, sin la colaboraci\u00f3n y asesor\u00eda de la oficina jur\u00eddica de la entidad. Adem\u00e1s, se alega que Rojas Vargas desobedeci\u00f3 la orden del Juzgado Segundo Administrativo de congelar temporalmente el proceso de contrataci\u00f3n hasta aclarar los t\u00e9rminos de la adjudicaci\u00f3n.<\/p><p>La Procuradur\u00eda respalda esta medida argumentando que la presencia del se\u00f1or Fredy Leonardo Rojas Vargas en su cargo podr\u00eda resultar en interferencias en la investigaci\u00f3n en curso. Hasta el momento, la Personer\u00eda Municipal ha enfrentado obst\u00e1culos para recopilar pruebas debido a las evasivas del gerente Rojas Vargas y la falta de documentos jur\u00eddicos que justifiquen la continuaci\u00f3n del proceso de contrataci\u00f3n, a pesar de la decisi\u00f3n judicial.<\/p><p>En su comunicado, la Procuradur\u00eda destaca la posibilidad de que Rojas Vargas, de mantenerse en su cargo, pueda incurrir en futuras irregularidades que agravar\u00edan las presuntas anomal\u00edas ya investigadas. La medida de suspensi\u00f3n se presenta como una salvaguarda necesaria para proteger la funci\u00f3n administrativa y garantizar la transparencia en los procesos de contrataci\u00f3n p\u00fablica.<\/p><p>La situaci\u00f3n destaca la importancia de seguir los procedimientos legales y \u00e9ticos en la administraci\u00f3n p\u00fablica, especialmente en procesos de contrataci\u00f3n que involucran fondos significativos. La Procuradur\u00eda subraya la necesidad de adoptar medidas protectoras para preservar la integridad de la funci\u00f3n administrativa y evitar cualquier actuaci\u00f3n en detrimento de los principios y fines que rigen la contrataci\u00f3n p\u00fablica.<\/p>\t\t\t\t\t\t\t\t<\/div>\n\t\t\t\t<\/div>\n\t\t\t\t\t<\/div>\n\t\t<\/div>\n\t\t\t\t\t<\/div>\n\t\t<\/section>\n\t\t\t\t<\/div>\n\t\t","protected":false},"excerpt":{"rendered":"<p>Foto: Procuradur\u00eda La Procuradur\u00eda General de la Naci\u00f3n ha confirmado la suspensi\u00f3n por tres meses del gerente de<\/p>\n","protected":false},"author":1,"featured_media":14942,"comment_status":"open","ping_status":"open","sticky":false,"template":"","format":"image","meta":{"om_disable_all_campaigns":false,"_monsterinsights_skip_tracking":false,"_monsterinsights_sitenote_active":false,"_monsterinsights_sitenote_note":"","_monsterinsights_sitenote_category":0,"footnotes":""},"categories":[8],"tags":[10],"class_list":["post-14920","post","type-post","status-publish","format-image","has-post-thumbnail","hentry","category-judicial","tag-noticias","post_format-post-format-image"],"aioseo_notices":[],"_links":{"self":[{"href":"https:\/\/www.boyacaleinforma.com\/index.php?rest_route=\/wp\/v2\/posts\/14920","targetHints":{"allow":["GET"]}}],"collection":[{"href":"https:\/\/www.boyacaleinforma.com\/index.php?rest_route=\/wp\/v2\/posts"}],"about":[{"href":"https:\/\/www.boyacaleinforma.com\/index.php?rest_route=\/wp\/v2\/types\/post"}],"author":[{"embeddable":true,"href":"https:\/\/www.boyacaleinforma.com\/index.php?rest_route=\/wp\/v2\/users\/1"}],"replies":[{"embeddable":true,"href":"https:\/\/www.boyacaleinforma.com\/index.php?rest_route=%2Fwp%2Fv2%2Fcomments&post=14920"}],"version-history":[{"count":0,"href":"https:\/\/www.boyacaleinforma.com\/index.php?rest_route=\/wp\/v2\/posts\/14920\/revisions"}],"wp:featuredmedia":[{"embeddable":true,"href":"https:\/\/www.boyacaleinforma.com\/index.php?rest_route=\/wp\/v2\/media\/14942"}],"wp:attachment":[{"href":"https:\/\/www.boyacaleinforma.com\/index.php?rest_route=%2Fwp%2Fv2%2Fmedia&parent=14920"}],"wp:term":[{"taxonomy":"category","embeddable":true,"href":"https:\/\/www.boyacaleinforma.com\/index.php?rest_route=%2Fwp%2Fv2%2Fcategories&post=14920"},{"taxonomy":"post_tag","embeddable":true,"href":"https:\/\/www.boyacaleinforma.com\/index.php?rest_route=%2Fwp%2Fv2%2Ftags&post=14920"}],"curies":[{"name":"wp","href":"https:\/\/api.w.org\/{rel}","templated":true}]}}