{"id":14923,"date":"2024-01-21T23:40:38","date_gmt":"2024-01-22T04:40:38","guid":{"rendered":"https:\/\/www.boyacaleinforma.com\/?p=14923"},"modified":"2024-01-22T00:15:31","modified_gmt":"2024-01-22T05:15:31","slug":"boyaca-chico-se-prepara-para-brillar-copy-copy-copy-copy-copy-copy-copy-copy","status":"publish","type":"post","link":"https:\/\/www.boyacaleinforma.com\/?p=14923","title":{"rendered":"Desabastecimiento y crisis: Director de la UNGRD en Boyac\u00e1 expresa preocupaci\u00f3n"},"content":{"rendered":"\t\t<div data-elementor-type=\"wp-post\" data-elementor-id=\"14923\" class=\"elementor elementor-14923\" data-elementor-post-type=\"post\">\n\t\t\t\t\t\t<section class=\"elementor-section elementor-top-section elementor-element elementor-element-62b311ee elementor-section-boxed elementor-section-height-default elementor-section-height-default\" data-id=\"62b311ee\" data-element_type=\"section\" data-e-type=\"section\">\n\t\t\t\t\t\t<div class=\"elementor-container elementor-column-gap-default\">\n\t\t\t\t\t<div class=\"elementor-column elementor-col-100 elementor-top-column elementor-element elementor-element-22e424c5\" data-id=\"22e424c5\" data-element_type=\"column\" data-e-type=\"column\">\n\t\t\t<div class=\"elementor-widget-wrap elementor-element-populated\">\n\t\t\t\t\t\t<div class=\"elementor-element elementor-element-7799c32 elementor-widget elementor-widget-image\" data-id=\"7799c32\" data-element_type=\"widget\" data-e-type=\"widget\" data-widget_type=\"image.default\">\n\t\t\t\t<div class=\"elementor-widget-container\">\n\t\t\t\t\t\t\t\t\t\t\t\t<figure class=\"wp-caption\">\n\t\t\t\t\t\t\t\t\t\t<img loading=\"lazy\" width=\"640\" height=\"480\" src=\"https:\/\/www.boyacaleinforma.com\/wp-content\/uploads\/2024\/01\/caracol-3.jpg\" class=\"attachment-medium_large size-medium_large wp-image-14939\" alt=\"caracol\" srcset=\"https:\/\/www.boyacaleinforma.com\/wp-content\/uploads\/2024\/01\/caracol-3.jpg 768w, https:\/\/www.boyacaleinforma.com\/wp-content\/uploads\/2024\/01\/caracol-3-300x225.jpg 300w\" sizes=\"auto, (max-width: 640px) 100vw, 640px\" loading=\"lazy\" decoding=\"async\" \/>\t\t\t\t\t\t\t\t\t\t\t<figcaption class=\"widget-image-caption wp-caption-text\">Foto: Gol Caracol<\/figcaption>\n\t\t\t\t\t\t\t\t\t\t<\/figure>\n\t\t\t\t\t\t\t\t\t<\/div>\n\t\t\t\t<\/div>\n\t\t\t\t<div class=\"elementor-element elementor-element-16316330 elementor-widget elementor-widget-text-editor\" data-id=\"16316330\" data-element_type=\"widget\" data-e-type=\"widget\" data-widget_type=\"text-editor.default\">\n\t\t\t\t<div class=\"elementor-widget-container\">\n\t\t\t\t\t\t\t\t\t<p>En una reciente entrevista en el programa \u00ab6AM Hoy por Hoy\u00bb de Caracol Radio, Jaisson Carre\u00f1o, director de la Unidad de Gesti\u00f3n del Riesgo de Boyac\u00e1 (UNGRD), comparti\u00f3 su preocupaci\u00f3n acerca de la creciente crisis de desabastecimiento que afecta al departamento.<\/p><p>En el di\u00e1logo con los periodistas de Caracol Radio, Carre\u00f1o describi\u00f3 la situaci\u00f3n como \u00abcr\u00edtica\u00bb, destacando que varios municipios de Boyac\u00e1 enfrentan un serio problema de desabastecimiento que ha persistido durante varios d\u00edas, generando preocupaci\u00f3n y dificultades para la comunidad local.<\/p><p>El director de la UNGRD atribuy\u00f3 la crisis a un fen\u00f3meno del Ni\u00f1o que ha afectado significativamente a la regi\u00f3n. Carre\u00f1o se\u00f1al\u00f3 que en los \u00faltimos d\u00edas, el departamento ha experimentado una combinaci\u00f3n de factores adversos, incluyendo incendios, desabastecimiento de agua y heladas, todos los cuales han contribuido a la dif\u00edcil situaci\u00f3n que enfrenta la poblaci\u00f3n este a\u00f1o.<\/p><p>\u00abEstamos experimentando un fen\u00f3meno del Ni\u00f1o bastante complicado. Los incendios, el desabastecimiento del agua y las heladas han sido fen\u00f3menos que nos han atacado este a\u00f1o\u00bb, coment\u00f3 Carre\u00f1o durante la entrevista.<\/p><p>La escasez de recursos b\u00e1sicos, como el agua, ha generado un impacto significativo en la vida diaria de los habitantes de Boyac\u00e1. Ante esta situaci\u00f3n cr\u00edtica, las autoridades locales y la UNGRD se encuentran trabajando arduamente para abordar y mitigar los efectos del desabastecimiento.<\/p><p>En un esfuerzo conjunto con las autoridades locales y la comunidad, se est\u00e1n implementando medidas para enfrentar la crisis, que incluyen la distribuci\u00f3n de suministros de emergencia, la b\u00fasqueda de soluciones a corto plazo y la planificaci\u00f3n de estrategias a largo plazo para hacer frente a fen\u00f3menos clim\u00e1ticos extremos.<\/p><p>La situaci\u00f3n en Boyac\u00e1 requiere una acci\u00f3n inmediata y coordinada para garantizar la seguridad y el bienestar de la poblaci\u00f3n. La UNGRD y otras entidades relevantes est\u00e1n trabajando en conjunto para abordar la crisis de desabastecimiento y encontrar soluciones efectivas que mitiguen los impactos negativos en la vida cotidiana de los habitantes de este departamento colombiano.<\/p>\t\t\t\t\t\t\t\t<\/div>\n\t\t\t\t<\/div>\n\t\t\t\t\t<\/div>\n\t\t<\/div>\n\t\t\t\t\t<\/div>\n\t\t<\/section>\n\t\t\t\t<\/div>\n\t\t","protected":false},"excerpt":{"rendered":"<p>Foto: Gol Caracol En una reciente entrevista en el programa \u00ab6AM Hoy por Hoy\u00bb de Caracol Radio, Jaisson<\/p>\n","protected":false},"author":1,"featured_media":14939,"comment_status":"open","ping_status":"open","sticky":false,"template":"","format":"image","meta":{"om_disable_all_campaigns":false,"_monsterinsights_skip_tracking":false,"_monsterinsights_sitenote_active":false,"_monsterinsights_sitenote_note":"","_monsterinsights_sitenote_category":0,"footnotes":""},"categories":[5],"tags":[10],"class_list":["post-14923","post","type-post","status-publish","format-image","has-post-thumbnail","hentry","category-boyaca","tag-noticias","post_format-post-format-image"],"aioseo_notices":[],"_links":{"self":[{"href":"https:\/\/www.boyacaleinforma.com\/index.php?rest_route=\/wp\/v2\/posts\/14923","targetHints":{"allow":["GET"]}}],"collection":[{"href":"https:\/\/www.boyacaleinforma.com\/index.php?rest_route=\/wp\/v2\/posts"}],"about":[{"href":"https:\/\/www.boyacaleinforma.com\/index.php?rest_route=\/wp\/v2\/types\/post"}],"author":[{"embeddable":true,"href":"https:\/\/www.boyacaleinforma.com\/index.php?rest_route=\/wp\/v2\/users\/1"}],"replies":[{"embeddable":true,"href":"https:\/\/www.boyacaleinforma.com\/index.php?rest_route=%2Fwp%2Fv2%2Fcomments&post=14923"}],"version-history":[{"count":0,"href":"https:\/\/www.boyacaleinforma.com\/index.php?rest_route=\/wp\/v2\/posts\/14923\/revisions"}],"wp:featuredmedia":[{"embeddable":true,"href":"https:\/\/www.boyacaleinforma.com\/index.php?rest_route=\/wp\/v2\/media\/14939"}],"wp:attachment":[{"href":"https:\/\/www.boyacaleinforma.com\/index.php?rest_route=%2Fwp%2Fv2%2Fmedia&parent=14923"}],"wp:term":[{"taxonomy":"category","embeddable":true,"href":"https:\/\/www.boyacaleinforma.com\/index.php?rest_route=%2Fwp%2Fv2%2Fcategories&post=14923"},{"taxonomy":"post_tag","embeddable":true,"href":"https:\/\/www.boyacaleinforma.com\/index.php?rest_route=%2Fwp%2Fv2%2Ftags&post=14923"}],"curies":[{"name":"wp","href":"https:\/\/api.w.org\/{rel}","templated":true}]}}