{"id":15048,"date":"2024-01-24T09:44:16","date_gmt":"2024-01-24T14:44:16","guid":{"rendered":"https:\/\/www.boyacaleinforma.com\/?p=15048"},"modified":"2024-01-24T11:40:44","modified_gmt":"2024-01-24T16:40:44","slug":"emocionantes-desafios-aguardan-en-los-campeonatos-nacionales-de-ruta-para-el-ciclismo-colombiano-copy","status":"publish","type":"post","link":"https:\/\/www.boyacaleinforma.com\/?p=15048","title":{"rendered":"El Gobierno del Cambio anunciar\u00e1 ambicioso paquete de reformas a la justicia en febrero"},"content":{"rendered":"\t\t<div data-elementor-type=\"wp-post\" data-elementor-id=\"15048\" class=\"elementor elementor-15048\" data-elementor-post-type=\"post\">\n\t\t\t\t\t\t<section class=\"elementor-section elementor-top-section elementor-element elementor-element-62b311ee elementor-section-boxed elementor-section-height-default elementor-section-height-default\" data-id=\"62b311ee\" data-element_type=\"section\" data-e-type=\"section\">\n\t\t\t\t\t\t<div class=\"elementor-container elementor-column-gap-default\">\n\t\t\t\t\t<div class=\"elementor-column elementor-col-100 elementor-top-column elementor-element elementor-element-22e424c5\" data-id=\"22e424c5\" data-element_type=\"column\" data-e-type=\"column\">\n\t\t\t<div class=\"elementor-widget-wrap elementor-element-populated\">\n\t\t\t\t\t\t<div class=\"elementor-element elementor-element-7799c32 elementor-widget elementor-widget-image\" data-id=\"7799c32\" data-element_type=\"widget\" data-e-type=\"widget\" data-widget_type=\"image.default\">\n\t\t\t\t<div class=\"elementor-widget-container\">\n\t\t\t\t\t\t\t\t\t\t\t\t<figure class=\"wp-caption\">\n\t\t\t\t\t\t\t\t\t\t<img decoding=\"async\" src=\"https:\/\/www.boyacaleinforma.com\/wp-content\/uploads\/2024\/01\/el-nuevo-siglo-1.jpg\" title=\"\" alt=\"\" loading=\"lazy\" \/>\t\t\t\t\t\t\t\t\t\t\t<figcaption class=\"widget-image-caption wp-caption-text\">Foto: El Nuevo Siglo<\/figcaption>\n\t\t\t\t\t\t\t\t\t\t<\/figure>\n\t\t\t\t\t\t\t\t\t<\/div>\n\t\t\t\t<\/div>\n\t\t\t\t<div class=\"elementor-element elementor-element-16316330 elementor-widget elementor-widget-text-editor\" data-id=\"16316330\" data-element_type=\"widget\" data-e-type=\"widget\" data-widget_type=\"text-editor.default\">\n\t\t\t\t<div class=\"elementor-widget-container\">\n\t\t\t\t\t\t\t\t\t<p>El ministro de Justicia, N\u00e9stor Iv\u00e1n Osuna, revel\u00f3 en una entrevista exclusiva con EntreVistas con Alma de Pa\u00eds que el Gobierno del Cambio tiene previsto presentar al Congreso de la Rep\u00fablica, durante el pr\u00f3ximo mes de febrero, el primer paquete de proyectos de reforma a la Justicia. La iniciativa tiene como objetivo principal fortalecer la lucha contra la corrupci\u00f3n y agilizar los procedimientos del sistema judicial.<\/p><p>Osuna destac\u00f3 la necesidad de contar con \u00abm\u00e1s jueces, mejores equipos judiciales y m\u00e1s funcionarios\u00bb, lo cual implica una mayor asignaci\u00f3n presupuestaria. Afirm\u00f3 que el aparato de justicia del pa\u00eds se ha quedado peque\u00f1o ante la creciente demanda en los \u00faltimos 30 a\u00f1os, con un aumento del 400%, mientras que el crecimiento del sistema judicial ha sido solo del 33%.<\/p><p>La reforma busca, en palabras del ministro, lograr que \u00abla justicia sea realmente eficaz en la lucha contra la corrupci\u00f3n\u00bb, considerando que los niveles actuales de corrupci\u00f3n son intolerables para la sociedad. Se enfocar\u00e1 en hacer m\u00e1s eficiente el sistema judicial y abordar la creciente demanda, permitiendo que la justicia cumpla su papel de manera m\u00e1s efectiva.<\/p><p>Osuna tambi\u00e9n abord\u00f3 la estrategia del Gobierno para enfrentar las extorsiones carcelarias. Se refiri\u00f3 a un enfoque llamado \u00abdomin\u00f3\u00bb, donde las personas implicadas en actos de extorsi\u00f3n desde la c\u00e1rcel son trasladadas con frecuencia a diferentes centros penitenciarios. Un ejemplo destacado fue el traslado de alias &#8216;Satan\u00e1s&#8217;, cabecilla de la banda criminal Tren de Aragua, de la c\u00e1rcel de Gir\u00f3n a La Tramac\u00faa, un centro penitenciario de m\u00e1xima seguridad en Valledupar.<\/p><p>Adem\u00e1s, el ministro mencion\u00f3 la posible implementaci\u00f3n de tecnolog\u00eda para bloquear se\u00f1ales de celular en lugares espec\u00edficos, con el objetivo de prevenir la comunicaci\u00f3n de reclusos involucrados en actividades delictivas. Este enfoque integral refleja el compromiso del Gobierno con la seguridad, la eficiencia judicial y la lucha contra la corrupci\u00f3n. La iniciativa ser\u00e1 detallada en el paquete de reformas que se presentar\u00e1 al Congreso el pr\u00f3ximo mes.<\/p>\t\t\t\t\t\t\t\t<\/div>\n\t\t\t\t<\/div>\n\t\t\t\t\t<\/div>\n\t\t<\/div>\n\t\t\t\t\t<\/div>\n\t\t<\/section>\n\t\t\t\t<\/div>\n\t\t","protected":false},"excerpt":{"rendered":"<p>Foto: El Nuevo Siglo El ministro de Justicia, N\u00e9stor Iv\u00e1n Osuna, revel\u00f3 en una entrevista exclusiva con EntreVistas<\/p>\n","protected":false},"author":1,"featured_media":0,"comment_status":"open","ping_status":"open","sticky":false,"template":"","format":"image","meta":{"om_disable_all_campaigns":false,"_monsterinsights_skip_tracking":false,"_monsterinsights_sitenote_active":false,"_monsterinsights_sitenote_note":"","_monsterinsights_sitenote_category":0,"footnotes":""},"categories":[9],"tags":[10],"class_list":["post-15048","post","type-post","status-publish","format-image","hentry","category-colombia","tag-noticias","post_format-post-format-image"],"aioseo_notices":[],"_links":{"self":[{"href":"https:\/\/www.boyacaleinforma.com\/index.php?rest_route=\/wp\/v2\/posts\/15048","targetHints":{"allow":["GET"]}}],"collection":[{"href":"https:\/\/www.boyacaleinforma.com\/index.php?rest_route=\/wp\/v2\/posts"}],"about":[{"href":"https:\/\/www.boyacaleinforma.com\/index.php?rest_route=\/wp\/v2\/types\/post"}],"author":[{"embeddable":true,"href":"https:\/\/www.boyacaleinforma.com\/index.php?rest_route=\/wp\/v2\/users\/1"}],"replies":[{"embeddable":true,"href":"https:\/\/www.boyacaleinforma.com\/index.php?rest_route=%2Fwp%2Fv2%2Fcomments&post=15048"}],"version-history":[{"count":0,"href":"https:\/\/www.boyacaleinforma.com\/index.php?rest_route=\/wp\/v2\/posts\/15048\/revisions"}],"wp:attachment":[{"href":"https:\/\/www.boyacaleinforma.com\/index.php?rest_route=%2Fwp%2Fv2%2Fmedia&parent=15048"}],"wp:term":[{"taxonomy":"category","embeddable":true,"href":"https:\/\/www.boyacaleinforma.com\/index.php?rest_route=%2Fwp%2Fv2%2Fcategories&post=15048"},{"taxonomy":"post_tag","embeddable":true,"href":"https:\/\/www.boyacaleinforma.com\/index.php?rest_route=%2Fwp%2Fv2%2Ftags&post=15048"}],"curies":[{"name":"wp","href":"https:\/\/api.w.org\/{rel}","templated":true}]}}