{"id":15226,"date":"2024-01-29T11:30:15","date_gmt":"2024-01-29T16:30:15","guid":{"rendered":"https:\/\/www.boyacaleinforma.com\/?p=15226"},"modified":"2024-01-29T11:38:10","modified_gmt":"2024-01-29T16:38:10","slug":"guillaume-martin-el-filosofo-del-ciclismo-se-lanza-a-nuevos-desafios-en-2024-copy-copy-copy-copy-copy","status":"publish","type":"post","link":"https:\/\/www.boyacaleinforma.com\/?p=15226","title":{"rendered":"M\u00e1s de 8.700 incendios forestales azotan la regi\u00f3n central de Colombia"},"content":{"rendered":"\t\t<div data-elementor-type=\"wp-post\" data-elementor-id=\"15226\" class=\"elementor elementor-15226\" data-elementor-post-type=\"post\">\n\t\t\t\t\t\t<section class=\"elementor-section elementor-top-section elementor-element elementor-element-62b311ee elementor-section-boxed elementor-section-height-default elementor-section-height-default\" data-id=\"62b311ee\" data-element_type=\"section\" data-e-type=\"section\">\n\t\t\t\t\t\t<div class=\"elementor-container elementor-column-gap-default\">\n\t\t\t\t\t<div class=\"elementor-column elementor-col-100 elementor-top-column elementor-element elementor-element-22e424c5\" data-id=\"22e424c5\" data-element_type=\"column\" data-e-type=\"column\">\n\t\t\t<div class=\"elementor-widget-wrap elementor-element-populated\">\n\t\t\t\t\t\t<div class=\"elementor-element elementor-element-7799c32 elementor-widget elementor-widget-image\" data-id=\"7799c32\" data-element_type=\"widget\" data-e-type=\"widget\" data-widget_type=\"image.default\">\n\t\t\t\t<div class=\"elementor-widget-container\">\n\t\t\t\t\t\t\t\t\t\t\t\t<figure class=\"wp-caption\">\n\t\t\t\t\t\t\t\t\t\t<img loading=\"lazy\" width=\"640\" height=\"463\" src=\"https:\/\/www.boyacaleinforma.com\/wp-content\/uploads\/2024\/01\/la-razon-768x556.jpeg\" class=\"attachment-medium_large size-medium_large wp-image-15234\" alt=\"la razon\" srcset=\"https:\/\/www.boyacaleinforma.com\/wp-content\/uploads\/2024\/01\/la-razon-768x556.jpeg 768w, https:\/\/www.boyacaleinforma.com\/wp-content\/uploads\/2024\/01\/la-razon-300x217.jpeg 300w, https:\/\/www.boyacaleinforma.com\/wp-content\/uploads\/2024\/01\/la-razon.jpeg 780w\" sizes=\"auto, (max-width: 640px) 100vw, 640px\" loading=\"lazy\" decoding=\"async\" \/>\t\t\t\t\t\t\t\t\t\t\t<figcaption class=\"widget-image-caption wp-caption-text\">Foto: La Raz\u00f3n<\/figcaption>\n\t\t\t\t\t\t\t\t\t\t<\/figure>\n\t\t\t\t\t\t\t\t\t<\/div>\n\t\t\t\t<\/div>\n\t\t\t\t<div class=\"elementor-element elementor-element-16316330 elementor-widget elementor-widget-text-editor\" data-id=\"16316330\" data-element_type=\"widget\" data-e-type=\"widget\" data-widget_type=\"text-editor.default\">\n\t\t\t\t<div class=\"elementor-widget-container\">\n\t\t\t\t\t\t\t\t\t<p>La Regi\u00f3n Central de Colombia enfrenta una grave crisis ambiental con m\u00e1s de 8.700 incendios forestales registrados en lo que va de enero de 2024, generando alarma y llevando a 271 municipios a declarar alerta roja. Esta situaci\u00f3n, atribuida al impacto del Fen\u00f3meno de El Ni\u00f1o, ha llevado a los departamentos de Boyac\u00e1, Huila y Cundinamarca a declarar calamidad p\u00fablica.<\/p><p>La advertencia sobre este escenario se remonta a mediados de octubre de 2023, cuando la Regi\u00f3n Administrativa y de Planificaci\u00f3n Especial (RAP-E) emiti\u00f3 un Bolet\u00edn Preventivo Regional a trav\u00e9s de una herramienta digital de consulta interactiva. Este bolet\u00edn alert\u00f3 sobre la situaci\u00f3n que actualmente enfrentan los territorios de Boyac\u00e1, Cundinamarca, Huila, Meta, Tolima y el Distrito Capital.<\/p><p>Ricardo Agudelo Sedano, gerente de la RAP-E, expres\u00f3 su preocupaci\u00f3n y anticip\u00f3 mayores desaf\u00edos en la pr\u00f3xima edici\u00f3n del bolet\u00edn, programada para finales de febrero. \u00abSe detallar\u00e1n los riesgos de desabastecimiento de agua que podr\u00edan ocasionar efectos adversos en la continuidad de la prestaci\u00f3n del servicio de los acueductos. Tambi\u00e9n se ver\u00eda afectado el servicio h\u00eddrico para el riego necesario en la siembra y cosecha de alimentos, lo que demandar\u00e1 acciones contingentes para racionamiento y suministro de agua\u00bb, advirti\u00f3.<\/p><p>Hasta el momento, los territorios m\u00e1s golpeados por los incendios forestales son:<\/p><p>Cundinamarca: Guachet\u00e1, Lenguazaque, Nemoc\u00f3n, Sutatausa y Chocont\u00e1.<\/p><p>Boyac\u00e1: Samac\u00e1, Nobsa y G\u00fcic\u00e1n.<\/p><p>Huila: Campoalegre, San Luis y San Ezequiel.<\/p><p>Meta: Puerto Gait\u00e1n, Mapirip\u00e1n, San Mart\u00edn, Puerto Lleras, La Macarena, Vistahermosa y Puerto Concordia.<\/p><p>Tolima: El Espinal, Su\u00e1rez, Murillo, L\u00e9rida, Ambalema y Venadillo, Chorrillo, Alvarado.<\/p><p>Bogot\u00e1: Espec\u00edficamente, las localidades de Teusaquillo (cerros orientales) y Usme.<\/p><p>La magnitud de los incendios ha llevado a las autoridades locales a movilizar recursos y personal para combatir las llamas, mientras se implementan medidas de emergencia para proteger a la poblaci\u00f3n y minimizar los da\u00f1os ambientales. La colaboraci\u00f3n interinstitucional y la participaci\u00f3n ciudadana se perfilan como elementos cruciales para hacer frente a esta emergencia ambiental sin precedentes en la Regi\u00f3n Central de Colombia.<\/p>\t\t\t\t\t\t\t\t<\/div>\n\t\t\t\t<\/div>\n\t\t\t\t\t<\/div>\n\t\t<\/div>\n\t\t\t\t\t<\/div>\n\t\t<\/section>\n\t\t\t\t<\/div>\n\t\t","protected":false},"excerpt":{"rendered":"<p>Foto: La Raz\u00f3n La Regi\u00f3n Central de Colombia enfrenta una grave crisis ambiental con m\u00e1s de 8.700 incendios<\/p>\n","protected":false},"author":1,"featured_media":15234,"comment_status":"open","ping_status":"open","sticky":false,"template":"","format":"image","meta":{"om_disable_all_campaigns":false,"_monsterinsights_skip_tracking":false,"_monsterinsights_sitenote_active":false,"_monsterinsights_sitenote_note":"","_monsterinsights_sitenote_category":0,"footnotes":""},"categories":[9],"tags":[10],"class_list":["post-15226","post","type-post","status-publish","format-image","has-post-thumbnail","hentry","category-colombia","tag-noticias","post_format-post-format-image"],"aioseo_notices":[],"_links":{"self":[{"href":"https:\/\/www.boyacaleinforma.com\/index.php?rest_route=\/wp\/v2\/posts\/15226","targetHints":{"allow":["GET"]}}],"collection":[{"href":"https:\/\/www.boyacaleinforma.com\/index.php?rest_route=\/wp\/v2\/posts"}],"about":[{"href":"https:\/\/www.boyacaleinforma.com\/index.php?rest_route=\/wp\/v2\/types\/post"}],"author":[{"embeddable":true,"href":"https:\/\/www.boyacaleinforma.com\/index.php?rest_route=\/wp\/v2\/users\/1"}],"replies":[{"embeddable":true,"href":"https:\/\/www.boyacaleinforma.com\/index.php?rest_route=%2Fwp%2Fv2%2Fcomments&post=15226"}],"version-history":[{"count":0,"href":"https:\/\/www.boyacaleinforma.com\/index.php?rest_route=\/wp\/v2\/posts\/15226\/revisions"}],"wp:featuredmedia":[{"embeddable":true,"href":"https:\/\/www.boyacaleinforma.com\/index.php?rest_route=\/wp\/v2\/media\/15234"}],"wp:attachment":[{"href":"https:\/\/www.boyacaleinforma.com\/index.php?rest_route=%2Fwp%2Fv2%2Fmedia&parent=15226"}],"wp:term":[{"taxonomy":"category","embeddable":true,"href":"https:\/\/www.boyacaleinforma.com\/index.php?rest_route=%2Fwp%2Fv2%2Fcategories&post=15226"},{"taxonomy":"post_tag","embeddable":true,"href":"https:\/\/www.boyacaleinforma.com\/index.php?rest_route=%2Fwp%2Fv2%2Ftags&post=15226"}],"curies":[{"name":"wp","href":"https:\/\/api.w.org\/{rel}","templated":true}]}}