{"id":15227,"date":"2024-01-29T11:30:27","date_gmt":"2024-01-29T16:30:27","guid":{"rendered":"https:\/\/www.boyacaleinforma.com\/?p=15227"},"modified":"2024-01-29T11:36:41","modified_gmt":"2024-01-29T16:36:41","slug":"guillaume-martin-el-filosofo-del-ciclismo-se-lanza-a-nuevos-desafios-en-2024-copy-copy-copy-copy-copy-copy","status":"publish","type":"post","link":"https:\/\/www.boyacaleinforma.com\/?p=15227","title":{"rendered":"Aclaraci\u00f3n y compromiso en un sector de Tunja"},"content":{"rendered":"\t\t<div data-elementor-type=\"wp-post\" data-elementor-id=\"15227\" class=\"elementor elementor-15227\" data-elementor-post-type=\"post\">\n\t\t\t\t\t\t<section class=\"elementor-section elementor-top-section elementor-element elementor-element-62b311ee elementor-section-boxed elementor-section-height-default elementor-section-height-default\" data-id=\"62b311ee\" data-element_type=\"section\" data-e-type=\"section\">\n\t\t\t\t\t\t<div class=\"elementor-container elementor-column-gap-default\">\n\t\t\t\t\t<div class=\"elementor-column elementor-col-100 elementor-top-column elementor-element elementor-element-22e424c5\" data-id=\"22e424c5\" data-element_type=\"column\" data-e-type=\"column\">\n\t\t\t<div class=\"elementor-widget-wrap elementor-element-populated\">\n\t\t\t\t\t\t<div class=\"elementor-element elementor-element-7799c32 elementor-widget elementor-widget-image\" data-id=\"7799c32\" data-element_type=\"widget\" data-e-type=\"widget\" data-widget_type=\"image.default\">\n\t\t\t\t<div class=\"elementor-widget-container\">\n\t\t\t\t\t\t\t\t\t\t\t\t<figure class=\"wp-caption\">\n\t\t\t\t\t\t\t\t\t\t<img loading=\"lazy\" width=\"640\" height=\"427\" src=\"https:\/\/www.boyacaleinforma.com\/wp-content\/uploads\/2024\/01\/caracol-1-768x512.jpeg\" class=\"attachment-medium_large size-medium_large wp-image-15231\" alt=\"caracol\" srcset=\"https:\/\/www.boyacaleinforma.com\/wp-content\/uploads\/2024\/01\/caracol-1-768x512.jpeg 768w, https:\/\/www.boyacaleinforma.com\/wp-content\/uploads\/2024\/01\/caracol-1-300x200.jpeg 300w, https:\/\/www.boyacaleinforma.com\/wp-content\/uploads\/2024\/01\/caracol-1-1024x683.jpeg 1024w, https:\/\/www.boyacaleinforma.com\/wp-content\/uploads\/2024\/01\/caracol-1.jpeg 1440w\" sizes=\"auto, (max-width: 640px) 100vw, 640px\" loading=\"lazy\" decoding=\"async\" \/>\t\t\t\t\t\t\t\t\t\t\t<figcaption class=\"widget-image-caption wp-caption-text\">Foto: Caracol Radio<\/figcaption>\n\t\t\t\t\t\t\t\t\t\t<\/figure>\n\t\t\t\t\t\t\t\t\t<\/div>\n\t\t\t\t<\/div>\n\t\t\t\t<div class=\"elementor-element elementor-element-16316330 elementor-widget elementor-widget-text-editor\" data-id=\"16316330\" data-element_type=\"widget\" data-e-type=\"widget\" data-widget_type=\"text-editor.default\">\n\t\t\t\t<div class=\"elementor-widget-container\">\n\t\t\t\t\t\t\t\t\t<p>La Secretar\u00eda de Movilidad y Vida Territorial de Tunja emiti\u00f3 un comunicado oficial para abordar la pol\u00e9mica relacionada con el cierre de la Carrera 1F entre la Calle 40 y la Avenida Ol\u00edmpica, ubicada dentro del Centro Comercial \u201cBoulevar Shopping Center\u201d. A continuaci\u00f3n, se detallan los puntos clave de la informaci\u00f3n proporcionada:<\/p><p><strong>No es parte de la red vial p\u00fablica:<\/strong> La Secretar\u00eda informa que, de acuerdo con el Plan de Ordenamiento Territorial y el Decreto compilatorio No. 0241 de 2014, Mapa 11 Sistema Vial, la Carrera 1F entre Calle 40 y la Avenida Ol\u00edmpica NO forma parte de la red vial p\u00fablica del municipio de Tunja.<\/p><p><strong>V\u00eda interna privada autorizada:<\/strong> La Licencia de Construcci\u00f3n y Urbanismo No. C2LUC0003-2019 autoriz\u00f3 la construcci\u00f3n de una v\u00eda dentro del Centro Comercial \u201cBoulevar Shopping Center\u201d, confirmando que se trata de una v\u00eda interna de car\u00e1cter privado.<\/p><p><strong>Requerimientos a la constructora:<\/strong> La Secretar\u00eda de Movilidad ha realizado m\u00faltiples requerimientos a la firma constructora Proyecta Group S.A.S., propietaria y constructora del centro comercial, para cumplir con las observaciones en materia de movilidad, de acuerdo con disposiciones municipales y nacionales.<\/p><p><strong>Desactualizaci\u00f3n normativa:<\/strong> En relaci\u00f3n al cobro de tarifa por parqueo, se destac\u00f3 la desactualizaci\u00f3n del Decreto No. 000253 de 1997, que regula las tarifas y normas para parqueaderos p\u00fablicos. La Secretar\u00eda se compromete a coordinar con el Departamento Administrativo de Planeaci\u00f3n Territorial para actualizar y reglamentar los aspectos de planificaci\u00f3n, legales y t\u00e9cnicos relacionados con los parqueaderos p\u00fablicos en la ciudad.<\/p><p><strong>Compromiso de la Administraci\u00f3n Municipal:<\/strong> La actual Administraci\u00f3n Municipal 2024-2027 se compromete a coordinar con las entidades pertinentes para iniciar el proceso de actualizaci\u00f3n y reglamentaci\u00f3n de los aspectos de planificaci\u00f3n, legales y t\u00e9cnicos relacionados con los parqueaderos p\u00fablicos en Tunja.<\/p><p><strong>Desconocimiento del cierre:<\/strong> La Secretar\u00eda reitera que la V\u00eda Carrera 1F dentro del Boulevar Shopping Center es una v\u00eda interna de car\u00e1cter privado y desconoce las razones por las cuales la administraci\u00f3n del centro comercial dispuso su cierre y estableci\u00f3 el cobro por el parqueo.<\/p><p>Este comunicado busca esclarecer la situaci\u00f3n y reafirmar el compromiso de la administraci\u00f3n municipal en la actualizaci\u00f3n y regulaci\u00f3n de aspectos relacionados con la movilidad y los parqueaderos p\u00fablicos en Tunja.<\/p>\t\t\t\t\t\t\t\t<\/div>\n\t\t\t\t<\/div>\n\t\t\t\t\t<\/div>\n\t\t<\/div>\n\t\t\t\t\t<\/div>\n\t\t<\/section>\n\t\t\t\t<\/div>\n\t\t","protected":false},"excerpt":{"rendered":"<p>Foto: Caracol Radio La Secretar\u00eda de Movilidad y Vida Territorial de Tunja emiti\u00f3 un comunicado oficial para abordar<\/p>\n","protected":false},"author":1,"featured_media":15231,"comment_status":"open","ping_status":"open","sticky":false,"template":"","format":"image","meta":{"om_disable_all_campaigns":false,"_monsterinsights_skip_tracking":false,"_monsterinsights_sitenote_active":false,"_monsterinsights_sitenote_note":"","_monsterinsights_sitenote_category":0,"footnotes":""},"categories":[6],"tags":[10],"class_list":["post-15227","post","type-post","status-publish","format-image","has-post-thumbnail","hentry","category-tunja","tag-noticias","post_format-post-format-image"],"aioseo_notices":[],"_links":{"self":[{"href":"https:\/\/www.boyacaleinforma.com\/index.php?rest_route=\/wp\/v2\/posts\/15227","targetHints":{"allow":["GET"]}}],"collection":[{"href":"https:\/\/www.boyacaleinforma.com\/index.php?rest_route=\/wp\/v2\/posts"}],"about":[{"href":"https:\/\/www.boyacaleinforma.com\/index.php?rest_route=\/wp\/v2\/types\/post"}],"author":[{"embeddable":true,"href":"https:\/\/www.boyacaleinforma.com\/index.php?rest_route=\/wp\/v2\/users\/1"}],"replies":[{"embeddable":true,"href":"https:\/\/www.boyacaleinforma.com\/index.php?rest_route=%2Fwp%2Fv2%2Fcomments&post=15227"}],"version-history":[{"count":0,"href":"https:\/\/www.boyacaleinforma.com\/index.php?rest_route=\/wp\/v2\/posts\/15227\/revisions"}],"wp:featuredmedia":[{"embeddable":true,"href":"https:\/\/www.boyacaleinforma.com\/index.php?rest_route=\/wp\/v2\/media\/15231"}],"wp:attachment":[{"href":"https:\/\/www.boyacaleinforma.com\/index.php?rest_route=%2Fwp%2Fv2%2Fmedia&parent=15227"}],"wp:term":[{"taxonomy":"category","embeddable":true,"href":"https:\/\/www.boyacaleinforma.com\/index.php?rest_route=%2Fwp%2Fv2%2Fcategories&post=15227"},{"taxonomy":"post_tag","embeddable":true,"href":"https:\/\/www.boyacaleinforma.com\/index.php?rest_route=%2Fwp%2Fv2%2Ftags&post=15227"}],"curies":[{"name":"wp","href":"https:\/\/api.w.org\/{rel}","templated":true}]}}