{"id":15228,"date":"2024-01-29T11:30:42","date_gmt":"2024-01-29T16:30:42","guid":{"rendered":"https:\/\/www.boyacaleinforma.com\/?p=15228"},"modified":"2024-01-29T11:35:07","modified_gmt":"2024-01-29T16:35:07","slug":"guillaume-martin-el-filosofo-del-ciclismo-se-lanza-a-nuevos-desafios-en-2024-copy-copy-copy-copy-copy-copy-copy","status":"publish","type":"post","link":"https:\/\/www.boyacaleinforma.com\/?p=15228","title":{"rendered":"Sepp Kuss, el nuevo referente del Visma tras su victoria en La Vuelta a Espa\u00f1a"},"content":{"rendered":"\t\t<div data-elementor-type=\"wp-post\" data-elementor-id=\"15228\" class=\"elementor elementor-15228\" data-elementor-post-type=\"post\">\n\t\t\t\t\t\t<section class=\"elementor-section elementor-top-section elementor-element elementor-element-62b311ee elementor-section-boxed elementor-section-height-default elementor-section-height-default\" data-id=\"62b311ee\" data-element_type=\"section\" data-e-type=\"section\">\n\t\t\t\t\t\t<div class=\"elementor-container elementor-column-gap-default\">\n\t\t\t\t\t<div class=\"elementor-column elementor-col-100 elementor-top-column elementor-element elementor-element-22e424c5\" data-id=\"22e424c5\" data-element_type=\"column\" data-e-type=\"column\">\n\t\t\t<div class=\"elementor-widget-wrap elementor-element-populated\">\n\t\t\t\t\t\t<div class=\"elementor-element elementor-element-7799c32 elementor-widget elementor-widget-image\" data-id=\"7799c32\" data-element_type=\"widget\" data-e-type=\"widget\" data-widget_type=\"image.default\">\n\t\t\t\t<div class=\"elementor-widget-container\">\n\t\t\t\t\t\t\t\t\t\t\t\t<figure class=\"wp-caption\">\n\t\t\t\t\t\t\t\t\t\t<img loading=\"lazy\" width=\"275\" height=\"183\" src=\"https:\/\/www.boyacaleinforma.com\/wp-content\/uploads\/2024\/01\/revista-mundo-ciclistio.jpg\" class=\"attachment-medium_large size-medium_large wp-image-15235\" alt=\"revista mundo ciclistio\" loading=\"lazy\" decoding=\"async\" \/>\t\t\t\t\t\t\t\t\t\t\t<figcaption class=\"widget-image-caption wp-caption-text\">Foto: Revista Mundo Cicl\u00edstico<\/figcaption>\n\t\t\t\t\t\t\t\t\t\t<\/figure>\n\t\t\t\t\t\t\t\t\t<\/div>\n\t\t\t\t<\/div>\n\t\t\t\t<div class=\"elementor-element elementor-element-16316330 elementor-widget elementor-widget-text-editor\" data-id=\"16316330\" data-element_type=\"widget\" data-e-type=\"widget\" data-widget_type=\"text-editor.default\">\n\t\t\t\t<div class=\"elementor-widget-container\">\n\t\t\t\t\t\t\t\t\t<p>El ciclista estadounidense Sepp Kuss, de 29 a\u00f1os, ha dejado una huella imborrable en su carrera deportiva al conquistar el t\u00edtulo de La Vuelta a Espa\u00f1a, un logro que ha transformado su estatus dentro del equipo Visma \u2013 Lease a Bike y ha generado expectativas sobre su papel futuro en las grandes competiciones.<\/p><p>El entrenador del equipo, Addy Engels, no pudo ocultar su satisfacci\u00f3n por el triunfo de Kuss y destac\u00f3 el cambio significativo en la percepci\u00f3n que tendr\u00e1n los rivales ante el ciclista norteamericano. \u00abEstoy contento de que Sepp haya dado ese paso, y es una nueva carta que ahora podemos jugar. Con la salida de Primoz en las grandes vueltas, ten\u00edamos tres l\u00edderes, y ahora somos dos. Esa victoria en La Vuelta le ha dado mucha confianza. Creo y espero que haya activado el interruptor\u00bb, expres\u00f3 Engels.<\/p><p>La victoria en La Vuelta a Espa\u00f1a ha consolidado a Sepp Kuss como una pieza clave en el esquema del equipo Visma \u2013 Lease a Bike, otorg\u00e1ndole galones y mayor reconocimiento dentro de la escuadra ciclista. El entrenador Engels se muestra optimista respecto al impacto que este triunfo tendr\u00e1 en el desempe\u00f1o futuro de Kuss, confiando en que el ciclista ha alcanzado un nuevo nivel de motivaci\u00f3n y determinaci\u00f3n.<\/p><p>A pesar de la incertidumbre sobre el papel exacto de Kuss en futuras ediciones de La Vuelta a Espa\u00f1a, Engels elogi\u00f3 la dedicaci\u00f3n y el compromiso continuo del ciclista con los objetivos del equipo. \u00abEl a\u00f1o pasado fue a La Vuelta con el gran objetivo del equipo, y fue \u00e9l quien lo logr\u00f3\u00bb, se\u00f1al\u00f3 Engels con orgullo.<\/p><p>Sepp Kuss, conocido por su estilo de escalada impresionante, ha demostrado que es una fuerza a tener en cuenta en el mundo del ciclismo, y su reciente victoria en La Vuelta a Espa\u00f1a solo refuerza su posici\u00f3n como uno de los ciclistas m\u00e1s destacados del equipo Visma \u2013 Lease a Bike. Los aficionados y seguidores esperan con entusiasmo ver el pr\u00f3ximo cap\u00edtulo de la carrera de Kuss y el impacto que tendr\u00e1 en las futuras competiciones.<\/p>\t\t\t\t\t\t\t\t<\/div>\n\t\t\t\t<\/div>\n\t\t\t\t\t<\/div>\n\t\t<\/div>\n\t\t\t\t\t<\/div>\n\t\t<\/section>\n\t\t\t\t<\/div>\n\t\t","protected":false},"excerpt":{"rendered":"<p>Foto: Revista Mundo Cicl\u00edstico El ciclista estadounidense Sepp Kuss, de 29 a\u00f1os, ha dejado una huella imborrable en<\/p>\n","protected":false},"author":1,"featured_media":15235,"comment_status":"open","ping_status":"open","sticky":false,"template":"","format":"image","meta":{"om_disable_all_campaigns":false,"_monsterinsights_skip_tracking":false,"_monsterinsights_sitenote_active":false,"_monsterinsights_sitenote_note":"","_monsterinsights_sitenote_category":0,"footnotes":""},"categories":[7],"tags":[10],"class_list":["post-15228","post","type-post","status-publish","format-image","has-post-thumbnail","hentry","category-deportes","tag-noticias","post_format-post-format-image"],"aioseo_notices":[],"_links":{"self":[{"href":"https:\/\/www.boyacaleinforma.com\/index.php?rest_route=\/wp\/v2\/posts\/15228","targetHints":{"allow":["GET"]}}],"collection":[{"href":"https:\/\/www.boyacaleinforma.com\/index.php?rest_route=\/wp\/v2\/posts"}],"about":[{"href":"https:\/\/www.boyacaleinforma.com\/index.php?rest_route=\/wp\/v2\/types\/post"}],"author":[{"embeddable":true,"href":"https:\/\/www.boyacaleinforma.com\/index.php?rest_route=\/wp\/v2\/users\/1"}],"replies":[{"embeddable":true,"href":"https:\/\/www.boyacaleinforma.com\/index.php?rest_route=%2Fwp%2Fv2%2Fcomments&post=15228"}],"version-history":[{"count":0,"href":"https:\/\/www.boyacaleinforma.com\/index.php?rest_route=\/wp\/v2\/posts\/15228\/revisions"}],"wp:featuredmedia":[{"embeddable":true,"href":"https:\/\/www.boyacaleinforma.com\/index.php?rest_route=\/wp\/v2\/media\/15235"}],"wp:attachment":[{"href":"https:\/\/www.boyacaleinforma.com\/index.php?rest_route=%2Fwp%2Fv2%2Fmedia&parent=15228"}],"wp:term":[{"taxonomy":"category","embeddable":true,"href":"https:\/\/www.boyacaleinforma.com\/index.php?rest_route=%2Fwp%2Fv2%2Fcategories&post=15228"},{"taxonomy":"post_tag","embeddable":true,"href":"https:\/\/www.boyacaleinforma.com\/index.php?rest_route=%2Fwp%2Fv2%2Ftags&post=15228"}],"curies":[{"name":"wp","href":"https:\/\/api.w.org\/{rel}","templated":true}]}}