{"id":15348,"date":"2024-01-30T22:20:59","date_gmt":"2024-01-31T03:20:59","guid":{"rendered":"https:\/\/www.boyacaleinforma.com\/?p=15348"},"modified":"2024-01-30T22:38:17","modified_gmt":"2024-01-31T03:38:17","slug":"ayuda-internacional-llega-a-colombia-para-combatir-los-devastadores-incendios-copy-copy-copy-copy-copy-copy","status":"publish","type":"post","link":"https:\/\/www.boyacaleinforma.com\/?p=15348","title":{"rendered":"Alcalde toma acciones ante los estragos del Fen\u00f3meno de El Ni\u00f1o"},"content":{"rendered":"\t\t<div data-elementor-type=\"wp-post\" data-elementor-id=\"15348\" class=\"elementor elementor-15348\" data-elementor-post-type=\"post\">\n\t\t\t\t\t\t<section class=\"elementor-section elementor-top-section elementor-element elementor-element-62b311ee elementor-section-boxed elementor-section-height-default elementor-section-height-default\" data-id=\"62b311ee\" data-element_type=\"section\" data-e-type=\"section\">\n\t\t\t\t\t\t<div class=\"elementor-container elementor-column-gap-default\">\n\t\t\t\t\t<div class=\"elementor-column elementor-col-100 elementor-top-column elementor-element elementor-element-22e424c5\" data-id=\"22e424c5\" data-element_type=\"column\" data-e-type=\"column\">\n\t\t\t<div class=\"elementor-widget-wrap elementor-element-populated\">\n\t\t\t\t\t\t<div class=\"elementor-element elementor-element-7799c32 elementor-widget elementor-widget-image\" data-id=\"7799c32\" data-element_type=\"widget\" data-e-type=\"widget\" data-widget_type=\"image.default\">\n\t\t\t\t<div class=\"elementor-widget-container\">\n\t\t\t\t\t\t\t\t\t\t\t\t<figure class=\"wp-caption\">\n\t\t\t\t\t\t\t\t\t\t<img loading=\"lazy\" width=\"640\" height=\"640\" src=\"https:\/\/www.boyacaleinforma.com\/wp-content\/uploads\/2024\/01\/caracol-dos-768x768.jpeg\" class=\"attachment-medium_large size-medium_large wp-image-15352\" alt=\"caracol dos\" srcset=\"https:\/\/www.boyacaleinforma.com\/wp-content\/uploads\/2024\/01\/caracol-dos-768x768.jpeg 768w, https:\/\/www.boyacaleinforma.com\/wp-content\/uploads\/2024\/01\/caracol-dos-300x300.jpeg 300w, https:\/\/www.boyacaleinforma.com\/wp-content\/uploads\/2024\/01\/caracol-dos-1024x1024.jpeg 1024w, https:\/\/www.boyacaleinforma.com\/wp-content\/uploads\/2024\/01\/caracol-dos-150x150.jpeg 150w, https:\/\/www.boyacaleinforma.com\/wp-content\/uploads\/2024\/01\/caracol-dos-1536x1536.jpeg 1536w, https:\/\/www.boyacaleinforma.com\/wp-content\/uploads\/2024\/01\/caracol-dos.jpeg 1600w\" sizes=\"auto, (max-width: 640px) 100vw, 640px\" loading=\"lazy\" decoding=\"async\" \/>\t\t\t\t\t\t\t\t\t\t\t<figcaption class=\"widget-image-caption wp-caption-text\">Foto: Caracol<\/figcaption>\n\t\t\t\t\t\t\t\t\t\t<\/figure>\n\t\t\t\t\t\t\t\t\t<\/div>\n\t\t\t\t<\/div>\n\t\t\t\t<div class=\"elementor-element elementor-element-16316330 elementor-widget elementor-widget-text-editor\" data-id=\"16316330\" data-element_type=\"widget\" data-e-type=\"widget\" data-widget_type=\"text-editor.default\">\n\t\t\t\t<div class=\"elementor-widget-container\">\n\t\t\t\t\t\t\t\t\t<p>El municipio de Moniquir\u00e1 se encuentra en alerta roja debido a los impactos del Fen\u00f3meno de El Ni\u00f1o, que ha desencadenado altas temperaturas, incendios forestales y una significativa disminuci\u00f3n en los niveles de agua que abastecen a la comunidad. El alcalde, Fredy Iovanny Pardo Pinz\u00f3n, ha tomado medidas urgentes para enfrentar esta problem\u00e1tica que afecta diversos sectores de la localidad.<\/p><p>Varios sectores de Moniquir\u00e1 experimentan desabastecimiento de agua y enfrentan desaf\u00edos con incendios forestales, exacerbados por las condiciones clim\u00e1ticas extremas de los \u00faltimos d\u00edas. La alerta roja, decretada por el alcalde Pardo Pinz\u00f3n, tiene como objetivo mitigar los impactos de esta situaci\u00f3n en la poblaci\u00f3n.<\/p><p>El mandatario moniquire\u00f1o expres\u00f3 su preocupaci\u00f3n por las afectaciones causadas por la intensa condici\u00f3n clim\u00e1tica de enero, que ha llevado a una notable disminuci\u00f3n en los niveles de agua en el municipio. El decreto incluye sanciones para el mal uso o uso inadecuado del agua, as\u00ed como para aquellos que realizan quemas y lavan veh\u00edculos en v\u00eda p\u00fablica sin manejar el agua de manera racional.<\/p><p>\u201cEste es un tema de responsabilidad, por eso hacemos un llamado a la comunidad a trav\u00e9s de ustedes, de los medios de comunicaci\u00f3n, porque esta es una situaci\u00f3n bastante compleja y que esperemos que no sea tan larga en el tiempo, pero digamos que las condiciones que nos han manifestado las diferentes autoridades, sobre todo, Gesti\u00f3n de Riesgo nos hablan de que el Fen\u00f3meno de El Ni\u00f1o puede llegar a marzo o abril\u201d, advirti\u00f3 el alcalde Pardo Pinz\u00f3n.<\/p><p>Diversos sectores, incluyendo entidades de salud, el centro carcelario, y las instituciones educativas, ahora se ven abastecidos con agua cada dos d\u00edas debido a la escasez. Sin embargo, el alcalde alert\u00f3 que si las altas temperaturas persisten en los pr\u00f3ximos d\u00edas, la situaci\u00f3n en el suministro de agua potable podr\u00eda complicarse a\u00fan m\u00e1s.<\/p><p>Las autoridades locales se encuentran vigilantes y han instado a la comunidad a tomar medidas responsables en el uso del agua, evitando pr\u00e1cticas que puedan agravar la situaci\u00f3n. La colaboraci\u00f3n ciudadana se presenta como esencial para enfrentar los desaf\u00edos que plantea el Fen\u00f3meno de El Ni\u00f1o en Moniquir\u00e1.<\/p>\t\t\t\t\t\t\t\t<\/div>\n\t\t\t\t<\/div>\n\t\t\t\t\t<\/div>\n\t\t<\/div>\n\t\t\t\t\t<\/div>\n\t\t<\/section>\n\t\t\t\t<\/div>\n\t\t","protected":false},"excerpt":{"rendered":"<p>Foto: Caracol El municipio de Moniquir\u00e1 se encuentra en alerta roja debido a los impactos del Fen\u00f3meno de<\/p>\n","protected":false},"author":1,"featured_media":15352,"comment_status":"open","ping_status":"open","sticky":false,"template":"","format":"image","meta":{"om_disable_all_campaigns":false,"_monsterinsights_skip_tracking":false,"_monsterinsights_sitenote_active":false,"_monsterinsights_sitenote_note":"","_monsterinsights_sitenote_category":0,"footnotes":""},"categories":[5],"tags":[10],"class_list":["post-15348","post","type-post","status-publish","format-image","has-post-thumbnail","hentry","category-boyaca","tag-noticias","post_format-post-format-image"],"aioseo_notices":[],"_links":{"self":[{"href":"https:\/\/www.boyacaleinforma.com\/index.php?rest_route=\/wp\/v2\/posts\/15348","targetHints":{"allow":["GET"]}}],"collection":[{"href":"https:\/\/www.boyacaleinforma.com\/index.php?rest_route=\/wp\/v2\/posts"}],"about":[{"href":"https:\/\/www.boyacaleinforma.com\/index.php?rest_route=\/wp\/v2\/types\/post"}],"author":[{"embeddable":true,"href":"https:\/\/www.boyacaleinforma.com\/index.php?rest_route=\/wp\/v2\/users\/1"}],"replies":[{"embeddable":true,"href":"https:\/\/www.boyacaleinforma.com\/index.php?rest_route=%2Fwp%2Fv2%2Fcomments&post=15348"}],"version-history":[{"count":0,"href":"https:\/\/www.boyacaleinforma.com\/index.php?rest_route=\/wp\/v2\/posts\/15348\/revisions"}],"wp:featuredmedia":[{"embeddable":true,"href":"https:\/\/www.boyacaleinforma.com\/index.php?rest_route=\/wp\/v2\/media\/15352"}],"wp:attachment":[{"href":"https:\/\/www.boyacaleinforma.com\/index.php?rest_route=%2Fwp%2Fv2%2Fmedia&parent=15348"}],"wp:term":[{"taxonomy":"category","embeddable":true,"href":"https:\/\/www.boyacaleinforma.com\/index.php?rest_route=%2Fwp%2Fv2%2Fcategories&post=15348"},{"taxonomy":"post_tag","embeddable":true,"href":"https:\/\/www.boyacaleinforma.com\/index.php?rest_route=%2Fwp%2Fv2%2Ftags&post=15348"}],"curies":[{"name":"wp","href":"https:\/\/api.w.org\/{rel}","templated":true}]}}