{"id":15633,"date":"2024-02-06T21:33:43","date_gmt":"2024-02-07T02:33:43","guid":{"rendered":"https:\/\/www.boyacaleinforma.com\/?p=15633"},"modified":"2024-02-06T22:00:34","modified_gmt":"2024-02-07T03:00:34","slug":"nuevo-escandalo-de-dopaje-superman-lopez-habria-consumido-menotropina-en-el-giro-de-italia-2022-copy","status":"publish","type":"post","link":"https:\/\/www.boyacaleinforma.com\/?p=15633","title":{"rendered":"Alerta en la ganader\u00eda colombiana"},"content":{"rendered":"\t\t<div data-elementor-type=\"wp-post\" data-elementor-id=\"15633\" class=\"elementor elementor-15633\" data-elementor-post-type=\"post\">\n\t\t\t\t\t\t<section class=\"elementor-section elementor-top-section elementor-element elementor-element-62b311ee elementor-section-boxed elementor-section-height-default elementor-section-height-default\" data-id=\"62b311ee\" data-element_type=\"section\" data-e-type=\"section\">\n\t\t\t\t\t\t<div class=\"elementor-container elementor-column-gap-default\">\n\t\t\t\t\t<div class=\"elementor-column elementor-col-100 elementor-top-column elementor-element elementor-element-22e424c5\" data-id=\"22e424c5\" data-element_type=\"column\" data-e-type=\"column\">\n\t\t\t<div class=\"elementor-widget-wrap elementor-element-populated\">\n\t\t\t\t\t\t<div class=\"elementor-element elementor-element-7799c32 elementor-widget elementor-widget-image\" data-id=\"7799c32\" data-element_type=\"widget\" data-e-type=\"widget\" data-widget_type=\"image.default\">\n\t\t\t\t<div class=\"elementor-widget-container\">\n\t\t\t\t\t\t\t\t\t\t\t\t<figure class=\"wp-caption\">\n\t\t\t\t\t\t\t\t\t\t<img decoding=\"async\" src=\"https:\/\/www.boyacaleinforma.com\/wp-content\/uploads\/2024\/02\/alerta-santanderes.jpg\" title=\"\" alt=\"\" loading=\"lazy\" \/>\t\t\t\t\t\t\t\t\t\t\t<figcaption class=\"widget-image-caption wp-caption-text\">Foto: Alerta Santanderes<\/figcaption>\n\t\t\t\t\t\t\t\t\t\t<\/figure>\n\t\t\t\t\t\t\t\t\t<\/div>\n\t\t\t\t<\/div>\n\t\t\t\t<div class=\"elementor-element elementor-element-16316330 elementor-widget elementor-widget-text-editor\" data-id=\"16316330\" data-element_type=\"widget\" data-e-type=\"widget\" data-widget_type=\"text-editor.default\">\n\t\t\t\t<div class=\"elementor-widget-container\">\n\t\t\t\t\t\t\t\t\t<p class=\"western\" align=\"justify\"><span style=\"font-family: Arial, serif;\"><span style=\"font-size: medium;\"><span style=\"color: #000000;\">El presidente ejecutivo de la Federaci\u00f3n Colombiana de Ganaderos (FEDEG\u00c1N), Jos\u00e9 F\u00e9lix Lafaurie Rivera, ha enviado una carta urgente al Ministro de Comercio, Germ\u00e1n Uma\u00f1a Mendoza, advirtiendo sobre la inminente amenaza de una cat\u00e1strofe en el sector ganadero colombiano si no se toman medidas inmediatas para impulsar las exportaciones de carne, leche y productos derivados, as\u00ed como de animales vivos.<\/span><\/span><\/span><\/p><p class=\"western\" align=\"justify\"><span style=\"font-family: Arial, serif;\"><span style=\"font-size: medium;\"><span style=\"color: #000000;\">En la misiva, Lafaurie record\u00f3 que en 2022 el sector ganadero logr\u00f3 alcanzar un impresionante total de USD 524 millones en exportaciones de carne, animales y l\u00e1cteos. Sin embargo, para noviembre de 2023, esta cifra se redujo significativamente a USD 306 millones, con una estimaci\u00f3n de USD 345 millones para el a\u00f1o completo, lo que representa una preocupante ca\u00edda del 34%.<\/span><\/span><\/span><\/p><p class=\"western\" align=\"justify\"><span style=\"font-family: Arial, serif;\"><span style=\"font-size: medium;\"><span style=\"color: #000000;\">El dirigente gremial resalt\u00f3 la importancia de la ganader\u00eda como un sector con vocaci\u00f3n exportadora, lo cual se alinea con la propuesta gubernamental de acelerar la transici\u00f3n energ\u00e9tica y diversificar la canasta exportadora del pa\u00eds, reduciendo la dependencia del sector petrolero.<\/span><\/span><\/span><\/p><p class=\"western\" align=\"justify\"><span style=\"font-family: Arial, serif;\"><span style=\"font-size: medium;\"><span style=\"color: #000000;\">Lafaurie alert\u00f3 sobre las consecuencias de la persistente disminuci\u00f3n en las exportaciones, destacando el cierre temporal de las dos plantas de la multinacional Minerva, responsable del 90% de las exportaciones del sector. La continuaci\u00f3n de esta tendencia podr\u00eda llevar a la salida de Minerva del pa\u00eds, lo que representar\u00eda un colapso exportador y una verdadera cat\u00e1strofe para la ganader\u00eda colombiana.<\/span><\/span><\/span><\/p><p class=\"western\" align=\"justify\"><span style=\"font-family: Arial, serif;\"><span style=\"font-size: medium;\"><span style=\"color: #000000;\">Ante este escenario, el presidente ejecutivo de FEDEG\u00c1N inst\u00f3 al Ministro de Comercio a redoblar esfuerzos para diversificar los destinos exportadores, especialmente en el caso de la carne. Propuso una agenda diplom\u00e1tica, comercial y sanitaria que derribe las barreras no arancelarias impuestas por diferentes mercados.<\/span><\/span><\/span><\/p><p class=\"western\" align=\"justify\"><span style=\"font-family: Arial, serif;\"><span style=\"font-size: medium;\"><span style=\"color: #000000;\">Lafaurie destac\u00f3 la importancia de buscar nuevos mercados, sugiriendo la recuperaci\u00f3n del mercado natural de Venezuela y los pa\u00edses andinos, as\u00ed como una estrategia enfocada en Centroam\u00e9rica, incluyendo a Costa Rica, El Salvador, Guatemala, Honduras y M\u00e9xico.<\/span><\/span><\/span><\/p><p class=\"western\" align=\"justify\"><span style=\"font-family: Arial, serif;\"><span style=\"font-size: medium;\"><span style=\"color: #000000;\">En sus declaraciones, el presidente ejecutivo de FEDEG\u00c1N subray\u00f3 que, para la federaci\u00f3n, el tema va m\u00e1s all\u00e1 de la contribuci\u00f3n al proceso de diversificaci\u00f3n. Las exportaciones tienen un impacto directo en la modernizaci\u00f3n productiva, afectando los precios y la rentabilidad, lo que se traduce en bienestar para los ganaderos y mejora en la calidad de vida en las zonas rurales.<\/span><\/span><\/span><\/p><p class=\"western\" align=\"justify\"><span style=\"font-family: Arial, serif;\"><span style=\"font-size: medium;\"><span style=\"color: #000000;\">En conclusi\u00f3n, Lafaurie advirti\u00f3 que una disminuci\u00f3n en las exportaciones, especialmente de carne, representa una amenaza para la ganader\u00eda y el desarrollo social de las regiones rurales en Colombia. La carta enfatiza la necesidad de tomar medidas inmediatas para revertir la tendencia y asegurar la sostenibilidad y prosperidad del sector ganadero en el pa\u00eds.<\/span><\/span><\/span><\/p>\t\t\t\t\t\t\t\t<\/div>\n\t\t\t\t<\/div>\n\t\t\t\t\t<\/div>\n\t\t<\/div>\n\t\t\t\t\t<\/div>\n\t\t<\/section>\n\t\t\t\t<\/div>\n\t\t","protected":false},"excerpt":{"rendered":"<p>Foto: Alerta Santanderes El presidente ejecutivo de la Federaci\u00f3n Colombiana de Ganaderos (FEDEG\u00c1N), Jos\u00e9 F\u00e9lix Lafaurie Rivera, ha<\/p>\n","protected":false},"author":1,"featured_media":0,"comment_status":"open","ping_status":"open","sticky":false,"template":"","format":"image","meta":{"om_disable_all_campaigns":false,"_monsterinsights_skip_tracking":false,"_monsterinsights_sitenote_active":false,"_monsterinsights_sitenote_note":"","_monsterinsights_sitenote_category":0,"footnotes":""},"categories":[9],"tags":[10],"class_list":["post-15633","post","type-post","status-publish","format-image","hentry","category-colombia","tag-noticias","post_format-post-format-image"],"aioseo_notices":[],"_links":{"self":[{"href":"https:\/\/www.boyacaleinforma.com\/index.php?rest_route=\/wp\/v2\/posts\/15633","targetHints":{"allow":["GET"]}}],"collection":[{"href":"https:\/\/www.boyacaleinforma.com\/index.php?rest_route=\/wp\/v2\/posts"}],"about":[{"href":"https:\/\/www.boyacaleinforma.com\/index.php?rest_route=\/wp\/v2\/types\/post"}],"author":[{"embeddable":true,"href":"https:\/\/www.boyacaleinforma.com\/index.php?rest_route=\/wp\/v2\/users\/1"}],"replies":[{"embeddable":true,"href":"https:\/\/www.boyacaleinforma.com\/index.php?rest_route=%2Fwp%2Fv2%2Fcomments&post=15633"}],"version-history":[{"count":0,"href":"https:\/\/www.boyacaleinforma.com\/index.php?rest_route=\/wp\/v2\/posts\/15633\/revisions"}],"wp:attachment":[{"href":"https:\/\/www.boyacaleinforma.com\/index.php?rest_route=%2Fwp%2Fv2%2Fmedia&parent=15633"}],"wp:term":[{"taxonomy":"category","embeddable":true,"href":"https:\/\/www.boyacaleinforma.com\/index.php?rest_route=%2Fwp%2Fv2%2Fcategories&post=15633"},{"taxonomy":"post_tag","embeddable":true,"href":"https:\/\/www.boyacaleinforma.com\/index.php?rest_route=%2Fwp%2Fv2%2Ftags&post=15633"}],"curies":[{"name":"wp","href":"https:\/\/api.w.org\/{rel}","templated":true}]}}