{"id":15704,"date":"2024-02-08T13:31:38","date_gmt":"2024-02-08T18:31:38","guid":{"rendered":"https:\/\/www.boyacaleinforma.com\/?p=15704"},"modified":"2024-02-08T13:55:57","modified_gmt":"2024-02-08T18:55:57","slug":"la-uci-refuerza-protocolo-de-cambio-climatico-para-proteger-a-ciclistas-en-carreras-mundiales-copy-copy-copy-copy","status":"publish","type":"post","link":"https:\/\/www.boyacaleinforma.com\/?p=15704","title":{"rendered":"Aumento en facturaci\u00f3n por consumo excesivo"},"content":{"rendered":"\t\t<div data-elementor-type=\"wp-post\" data-elementor-id=\"15704\" class=\"elementor elementor-15704\" data-elementor-post-type=\"post\">\n\t\t\t\t\t\t<section class=\"elementor-section elementor-top-section elementor-element elementor-element-62b311ee elementor-section-boxed elementor-section-height-default elementor-section-height-default\" data-id=\"62b311ee\" data-element_type=\"section\" data-e-type=\"section\">\n\t\t\t\t\t\t<div class=\"elementor-container elementor-column-gap-default\">\n\t\t\t\t\t<div class=\"elementor-column elementor-col-100 elementor-top-column elementor-element elementor-element-22e424c5\" data-id=\"22e424c5\" data-element_type=\"column\" data-e-type=\"column\">\n\t\t\t<div class=\"elementor-widget-wrap elementor-element-populated\">\n\t\t\t\t\t\t<div class=\"elementor-element elementor-element-7799c32 elementor-widget elementor-widget-image\" data-id=\"7799c32\" data-element_type=\"widget\" data-e-type=\"widget\" data-widget_type=\"image.default\">\n\t\t\t\t<div class=\"elementor-widget-container\">\n\t\t\t\t\t\t\t\t\t\t\t\t<figure class=\"wp-caption\">\n\t\t\t\t\t\t\t\t\t\t<img loading=\"lazy\" width=\"640\" height=\"427\" src=\"https:\/\/www.boyacaleinforma.com\/wp-content\/uploads\/2024\/02\/mas-colombia-768x512.jpg\" class=\"attachment-medium_large size-medium_large wp-image-15713\" alt=\"mas colombia\" srcset=\"https:\/\/www.boyacaleinforma.com\/wp-content\/uploads\/2024\/02\/mas-colombia-768x512.jpg 768w, https:\/\/www.boyacaleinforma.com\/wp-content\/uploads\/2024\/02\/mas-colombia-300x200.jpg 300w, https:\/\/www.boyacaleinforma.com\/wp-content\/uploads\/2024\/02\/mas-colombia.jpg 1024w\" sizes=\"auto, (max-width: 640px) 100vw, 640px\" loading=\"lazy\" decoding=\"async\" \/>\t\t\t\t\t\t\t\t\t\t\t<figcaption class=\"widget-image-caption wp-caption-text\">Foto: M\u00e1s Colombia<\/figcaption>\n\t\t\t\t\t\t\t\t\t\t<\/figure>\n\t\t\t\t\t\t\t\t\t<\/div>\n\t\t\t\t<\/div>\n\t\t\t\t<div class=\"elementor-element elementor-element-16316330 elementor-widget elementor-widget-text-editor\" data-id=\"16316330\" data-element_type=\"widget\" data-e-type=\"widget\" data-widget_type=\"text-editor.default\">\n\t\t\t\t<div class=\"elementor-widget-container\">\n\t\t\t\t\t\t\t\t\t<p class=\"western\" align=\"justify\"><span style=\"font-family: Arial, sans-serif;\"><span style=\"font-size: medium;\"><span style=\"color: #000000;\"><span style=\"font-family: Arial, serif;\">A partir de este mes, los residentes de Boyac\u00e1 enfrentar\u00e1n una nueva medida para incentivar el uso racional del agua: un aumento en la factura para aquellos que superen los l\u00edmites establecidos de consumo. La iniciativa, respaldada por la Empresa Departamental de Servicios P\u00fablicos de Boyac\u00e1 (ESPB), busca no solo prevenir el desperdicio del recurso vital, sino tambi\u00e9n fomentar pr\u00e1cticas m\u00e1s sostenibles en la comunidad.<\/span><\/span><\/span><\/span><\/p><p class=\"western\" align=\"justify\"><span style=\"font-family: Arial, sans-serif;\"><span style=\"font-size: medium;\"><span style=\"color: #000000;\"><span style=\"font-family: Arial, serif;\">Robinson Larrotta, director de la ESPB, hizo hincapi\u00e9 en la importancia de esta medida, recordando que el Gobierno nacional ha emitido recientemente una resoluci\u00f3n con el objetivo de evitar el desperdicio del agua y fomentar el ahorro del mismo. La normativa, emitida por la Comisi\u00f3n de Regulaci\u00f3n de Agua Potable (CRA), establece un cobro adicional para los usuarios que excedan los consumos promedio, incentivando as\u00ed la conciencia sobre el uso responsable del agua.<\/span><\/span><\/span><\/span><\/p><p class=\"western\" align=\"justify\"><span style=\"font-family: Arial, sans-serif;\"><span style=\"font-size: medium;\"><span style=\"color: #000000;\"><span style=\"font-family: Arial, serif;\">Desde febrero, cada metro c\u00fabico adicional de agua consumido resultar\u00e1 en un costo mayor en la factura de servicios p\u00fablicos. Las empresas tomar\u00e1n como referencia el consumo promedio hist\u00f3rico de cada suscriptor para determinar estos l\u00edmites y aplicar las tarifas correspondientes.<\/span><\/span><\/span><\/span><\/p><p class=\"western\" align=\"justify\"><span style=\"font-family: Arial, sans-serif;\"><span style=\"font-size: medium;\"><span style=\"color: #000000;\"><span style=\"font-family: Arial, serif;\">Seg\u00fan la Resoluci\u00f3n 943 de 2021 emitida por la CRA, los l\u00edmites de consumo de agua var\u00edan de acuerdo con el piso t\u00e9rmico de cada regi\u00f3n en Colombia:<\/span><\/span><\/span><\/span><\/p><p class=\"western\" align=\"justify\"><span style=\"font-family: Arial, sans-serif;\"><span style=\"font-size: medium;\"><span style=\"color: #000000;\"><span style=\"font-family: Arial, serif;\">Para ciudades y municipios con altitud promedio por encima de 2.000 metros sobre el nivel del mar, el l\u00edmite de consumo es de 22 metros c\u00fabicos por suscriptor cada mes.<\/span><\/span><\/span><\/span><\/p><p class=\"western\" align=\"justify\"><span style=\"font-family: Arial, sans-serif;\"><span style=\"font-size: medium;\"><span style=\"color: #000000;\"><span style=\"font-family: Arial, serif;\">Ciudades y municipios con altitud promedio entre 1.000 y 2.000 metros sobre el nivel del mar registran un l\u00edmite de consumo de 26 metros c\u00fabicos por suscriptor al mes.<\/span><\/span><\/span><\/span><\/p><p class=\"western\" align=\"justify\"><span style=\"font-family: Arial, sans-serif;\"><span style=\"font-size: medium;\"><span style=\"color: #000000;\"><span style=\"font-family: Arial, serif;\">En ciudades y municipios con altitud promedio por debajo de 1.000 metros sobre el nivel del mar, el l\u00edmite de consumo de agua es de 32 metros c\u00fabicos mensuales por suscriptor.<\/span><\/span><\/span><\/span><\/p><p class=\"western\" align=\"justify\"><span style=\"font-family: Arial, sans-serif;\"><span style=\"font-size: medium;\"><span style=\"color: #000000;\"><span style=\"font-family: Arial, serif;\">Esta medida responde a la creciente preocupaci\u00f3n por la gesti\u00f3n sostenible del agua y busca concientizar a la poblaci\u00f3n sobre la importancia de cuidar este recurso natural vital. Boyac\u00e1 Grande conf\u00eda en que esta iniciativa contribuir\u00e1 no solo a la conservaci\u00f3n del agua, sino tambi\u00e9n a la promoci\u00f3n de pr\u00e1cticas responsables entre los ciudadanos.<\/span><\/span><\/span><\/span><\/p>\t\t\t\t\t\t\t\t<\/div>\n\t\t\t\t<\/div>\n\t\t\t\t\t<\/div>\n\t\t<\/div>\n\t\t\t\t\t<\/div>\n\t\t<\/section>\n\t\t\t\t<\/div>\n\t\t","protected":false},"excerpt":{"rendered":"<p>Foto: M\u00e1s Colombia A partir de este mes, los residentes de Boyac\u00e1 enfrentar\u00e1n una nueva medida para incentivar<\/p>\n","protected":false},"author":1,"featured_media":15713,"comment_status":"open","ping_status":"open","sticky":false,"template":"","format":"image","meta":{"om_disable_all_campaigns":false,"_monsterinsights_skip_tracking":false,"_monsterinsights_sitenote_active":false,"_monsterinsights_sitenote_note":"","_monsterinsights_sitenote_category":0,"footnotes":""},"categories":[5],"tags":[10],"class_list":["post-15704","post","type-post","status-publish","format-image","has-post-thumbnail","hentry","category-boyaca","tag-noticias","post_format-post-format-image"],"aioseo_notices":[],"_links":{"self":[{"href":"https:\/\/www.boyacaleinforma.com\/index.php?rest_route=\/wp\/v2\/posts\/15704","targetHints":{"allow":["GET"]}}],"collection":[{"href":"https:\/\/www.boyacaleinforma.com\/index.php?rest_route=\/wp\/v2\/posts"}],"about":[{"href":"https:\/\/www.boyacaleinforma.com\/index.php?rest_route=\/wp\/v2\/types\/post"}],"author":[{"embeddable":true,"href":"https:\/\/www.boyacaleinforma.com\/index.php?rest_route=\/wp\/v2\/users\/1"}],"replies":[{"embeddable":true,"href":"https:\/\/www.boyacaleinforma.com\/index.php?rest_route=%2Fwp%2Fv2%2Fcomments&post=15704"}],"version-history":[{"count":0,"href":"https:\/\/www.boyacaleinforma.com\/index.php?rest_route=\/wp\/v2\/posts\/15704\/revisions"}],"wp:featuredmedia":[{"embeddable":true,"href":"https:\/\/www.boyacaleinforma.com\/index.php?rest_route=\/wp\/v2\/media\/15713"}],"wp:attachment":[{"href":"https:\/\/www.boyacaleinforma.com\/index.php?rest_route=%2Fwp%2Fv2%2Fmedia&parent=15704"}],"wp:term":[{"taxonomy":"category","embeddable":true,"href":"https:\/\/www.boyacaleinforma.com\/index.php?rest_route=%2Fwp%2Fv2%2Fcategories&post=15704"},{"taxonomy":"post_tag","embeddable":true,"href":"https:\/\/www.boyacaleinforma.com\/index.php?rest_route=%2Fwp%2Fv2%2Ftags&post=15704"}],"curies":[{"name":"wp","href":"https:\/\/api.w.org\/{rel}","templated":true}]}}