{"id":15705,"date":"2024-02-08T13:33:27","date_gmt":"2024-02-08T18:33:27","guid":{"rendered":"https:\/\/www.boyacaleinforma.com\/?p=15705"},"modified":"2024-02-08T13:54:28","modified_gmt":"2024-02-08T18:54:28","slug":"la-uci-refuerza-protocolo-de-cambio-climatico-para-proteger-a-ciclistas-en-carreras-mundiales-copy-copy-copy-copy-copy","status":"publish","type":"post","link":"https:\/\/www.boyacaleinforma.com\/?p=15705","title":{"rendered":"Nuevas tarifas de transporte p\u00fablico en Sogamoso: Ajustes y detalles por zona"},"content":{"rendered":"\t\t<div data-elementor-type=\"wp-post\" data-elementor-id=\"15705\" class=\"elementor elementor-15705\" data-elementor-post-type=\"post\">\n\t\t\t\t\t\t<section class=\"elementor-section elementor-top-section elementor-element elementor-element-62b311ee elementor-section-boxed elementor-section-height-default elementor-section-height-default\" data-id=\"62b311ee\" data-element_type=\"section\" data-e-type=\"section\">\n\t\t\t\t\t\t<div class=\"elementor-container elementor-column-gap-default\">\n\t\t\t\t\t<div class=\"elementor-column elementor-col-100 elementor-top-column elementor-element elementor-element-22e424c5\" data-id=\"22e424c5\" data-element_type=\"column\" data-e-type=\"column\">\n\t\t\t<div class=\"elementor-widget-wrap elementor-element-populated\">\n\t\t\t\t\t\t<div class=\"elementor-element elementor-element-7799c32 elementor-widget elementor-widget-image\" data-id=\"7799c32\" data-element_type=\"widget\" data-e-type=\"widget\" data-widget_type=\"image.default\">\n\t\t\t\t<div class=\"elementor-widget-container\">\n\t\t\t\t\t\t\t\t\t\t\t\t<figure class=\"wp-caption\">\n\t\t\t\t\t\t\t\t\t\t<img loading=\"lazy\" width=\"640\" height=\"800\" src=\"https:\/\/www.boyacaleinforma.com\/wp-content\/uploads\/2024\/02\/intrasog-768x960.jpg\" class=\"attachment-medium_large size-medium_large wp-image-15712\" alt=\"intrasog\" srcset=\"https:\/\/www.boyacaleinforma.com\/wp-content\/uploads\/2024\/02\/intrasog-768x960.jpg 768w, https:\/\/www.boyacaleinforma.com\/wp-content\/uploads\/2024\/02\/intrasog-240x300.jpg 240w, https:\/\/www.boyacaleinforma.com\/wp-content\/uploads\/2024\/02\/intrasog-819x1024.jpg 819w, https:\/\/www.boyacaleinforma.com\/wp-content\/uploads\/2024\/02\/intrasog.jpg 960w\" sizes=\"auto, (max-width: 640px) 100vw, 640px\" loading=\"lazy\" decoding=\"async\" \/>\t\t\t\t\t\t\t\t\t\t\t<figcaption class=\"widget-image-caption wp-caption-text\">Foto: Intrasog<\/figcaption>\n\t\t\t\t\t\t\t\t\t\t<\/figure>\n\t\t\t\t\t\t\t\t\t<\/div>\n\t\t\t\t<\/div>\n\t\t\t\t<div class=\"elementor-element elementor-element-16316330 elementor-widget elementor-widget-text-editor\" data-id=\"16316330\" data-element_type=\"widget\" data-e-type=\"widget\" data-widget_type=\"text-editor.default\">\n\t\t\t\t<div class=\"elementor-widget-container\">\n\t\t\t\t\t\t\t\t\t<p class=\"western\" align=\"justify\"><span style=\"font-family: Arial, sans-serif;\"><span style=\"font-size: medium;\"><span style=\"color: #000000;\"><span style=\"font-family: Arial, serif;\">La ciudad de Sogamoso ha anunciado los nuevos precios del transporte p\u00fablico que regir\u00e1n a lo largo del presente a\u00f1o, despu\u00e9s de una reuni\u00f3n entre los representantes legales de las empresas de transporte y el director de Intrasog. Estas tarifas, producto de un estudio t\u00e9cnico detallado, tienen en cuenta los costos operativos de las compa\u00f1\u00edas, incluyendo el impacto del precio de la gasolina.<\/span><\/span><\/span><\/span><\/p><p class=\"western\" align=\"justify\"><span style=\"font-family: Arial, sans-serif;\"><span style=\"font-size: medium;\"><span style=\"color: #000000;\"><span style=\"font-family: Arial, serif;\">A continuaci\u00f3n, presentamos las tarifas actualizadas para diferentes modalidades de transporte en la ciudad:<\/span><\/span><\/span><\/span><\/p><p class=\"western\" align=\"justify\"><span style=\"font-family: Arial, sans-serif;\"><span style=\"font-size: medium;\"><span style=\"color: #000000;\"><span style=\"font-family: Arial, serif;\">1. Servicio P\u00fablico Colectivo:<\/span><\/span><\/span><\/span><\/p><p class=\"western\" align=\"justify\"><span style=\"font-family: Arial, sans-serif;\"><span style=\"font-size: medium;\"><span style=\"color: #000000;\"><span style=\"font-family: Arial, serif;\">Lunes a s\u00e1bado: $2.200 pesos.<\/span><\/span><\/span><\/span><\/p><p class=\"western\" align=\"justify\"><span style=\"font-family: Arial, sans-serif;\"><span style=\"font-size: medium;\"><span style=\"color: #000000;\"><span style=\"font-family: Arial, serif;\">Domingos y festivos: $2.300 pesos.<\/span><\/span><\/span><\/span><\/p><p class=\"western\" align=\"justify\"><span style=\"font-family: Arial, sans-serif;\"><span style=\"font-size: medium;\"><span style=\"color: #000000;\"><span style=\"font-family: Arial, serif;\">2. Servicio P\u00fablico Individual (TAXI):<\/span><\/span><\/span><\/span><\/p><p class=\"western\" align=\"justify\"><span style=\"font-family: Arial, sans-serif;\"><span style=\"font-size: medium;\"><span style=\"color: #000000;\"><span style=\"font-family: Arial, serif;\">Lunes a s\u00e1bado (diurno y nocturno): $6.500 pesos.<\/span><\/span><\/span><\/span><\/p><p class=\"western\" align=\"justify\"><span style=\"font-family: Arial, sans-serif;\"><span style=\"font-size: medium;\"><span style=\"color: #000000;\"><span style=\"font-family: Arial, serif;\">Domingos y festivos (diurno y nocturno): $6.700 pesos.<\/span><\/span><\/span><\/span><\/p><p class=\"western\" align=\"justify\"><span style=\"font-family: Arial, sans-serif;\"><span style=\"font-size: medium;\"><span style=\"color: #000000;\"><span style=\"font-family: Arial, serif;\">Tarifa por hora: $24.300 pesos.<\/span><\/span><\/span><\/span><\/p><p class=\"western\" align=\"justify\"><span style=\"font-family: Arial, sans-serif;\"><span style=\"font-size: medium;\"><span style=\"color: #000000;\"><span style=\"font-family: Arial, serif;\">3. Tarifas por Zonas del Municipio:<\/span><\/span><\/span><\/span><\/p><p class=\"western\" align=\"justify\"><span style=\"font-family: Arial, sans-serif;\"><span style=\"font-size: medium;\"><span style=\"color: #000000;\"><span style=\"font-family: Arial, serif;\">Zona 1: Incluye desde la calle 3 sur hasta la 7 sur, Jos\u00e9 Antonio Gal\u00e1n, Altamizal, Veredita Monquir\u00e1, Santa B\u00e1rbara, Los Pulidos, Los Alpes, Prado Norte, Pinares de San Luis, Barrio San Antonio, Chapinero Alto (hasta la 43), Luna Park (El parque) y Barrio La Isla. Tarifa: $7.200 pesos.<\/span><\/span><\/span><\/span><\/p><p class=\"western\" align=\"justify\"><span style=\"font-family: Arial, sans-serif;\"><span style=\"font-size: medium;\"><span style=\"color: #000000;\"><span style=\"font-family: Arial, serif;\">Zona 2: Sucre, Juan Jos\u00e9 Rond\u00f3n, La Playita Venecia (hasta la calle 22 sur), Parque Industrial, Pantanitos (Hasta el puesto de salud), Luna Park Alto (La cruz), Los Sauces, Urbanizaci\u00f3n Arcadia y la Toscana (Zona residencial). Tarifa: $8.300 pesos.<\/span><\/span><\/span><\/span><\/p><p class=\"western\" align=\"justify\"><span style=\"font-family: Arial, sans-serif;\"><span style=\"font-size: medium;\"><span style=\"color: #000000;\"><span style=\"font-family: Arial, serif;\">Zona 3: Barrio Gustavo Jim\u00e9nez, Batall\u00f3n Tarqui (Hasta la porter\u00eda), INDUMIL, La Ramada, La Reforma, Siatame (hasta el retorno), Sector la Ceiba bajo y El Ciral, Planta de Beneficio y Colegio Acuarela Campestre. Tarifa: $9.200 pesos.<\/span><\/span><\/span><\/span><\/p><p class=\"western\" align=\"justify\"><span style=\"font-family: Arial, sans-serif;\"><span style=\"font-size: medium;\"><span style=\"color: #000000;\"><span style=\"font-family: Arial, serif;\">Zona 4: Cementos Argos, Aeropuerto, escuela El Papayo, escuela Vanegas, El Azufre, San Jos\u00e9 del Porvenir, Malvinas, Alcaparral, v\u00eda Nobsa, Fuente Flores (sector alto), Buena vista, Pantanitos Alto (sector Horno Municipal), Zanj\u00f3n grande (bloqueras) y Ombachita (La escuela). Tarifa: $12.500 pesos.<\/span><\/span><\/span><\/span><\/p><p class=\"western\" align=\"justify\"><span style=\"font-family: Arial, sans-serif;\"><span style=\"font-size: medium;\"><span style=\"color: #000000;\"><span style=\"font-family: Arial, serif;\">Zona 5: Centro poblado de Morca y Aposentos La Capilla. Tarifa: $19.800 pesos.<\/span><\/span><\/span><\/span><\/p><p class=\"western\" align=\"justify\"><span style=\"font-family: Arial, sans-serif;\"><span style=\"font-size: medium;\"><span style=\"color: #000000;\"><span style=\"font-family: Arial, serif;\">SENA Centro Minero: Tarifa: $22.000 pesos.<\/span><\/span><\/span><\/span><\/p><p class=\"western\" align=\"justify\"><span style=\"font-family: Arial, sans-serif;\"><span style=\"font-size: medium;\"><span style=\"color: #000000;\"><span style=\"font-family: Arial, serif;\">Estas tarifas reflejan el esfuerzo conjunto para mantener un equilibrio entre la accesibilidad para los ciudadanos y la sostenibilidad del sistema de transporte p\u00fablico en Sogamoso. Se espera que estos ajustes contribuyan al mejoramiento de los servicios y la eficiencia en el traslado de los habitantes de la ciudad.<\/span><\/span><\/span><\/span><\/p>\t\t\t\t\t\t\t\t<\/div>\n\t\t\t\t<\/div>\n\t\t\t\t\t<\/div>\n\t\t<\/div>\n\t\t\t\t\t<\/div>\n\t\t<\/section>\n\t\t\t\t<\/div>\n\t\t","protected":false},"excerpt":{"rendered":"<p>Foto: Intrasog La ciudad de Sogamoso ha anunciado los nuevos precios del transporte p\u00fablico que regir\u00e1n a lo<\/p>\n","protected":false},"author":1,"featured_media":15712,"comment_status":"open","ping_status":"open","sticky":false,"template":"","format":"image","meta":{"om_disable_all_campaigns":false,"_monsterinsights_skip_tracking":false,"_monsterinsights_sitenote_active":false,"_monsterinsights_sitenote_note":"","_monsterinsights_sitenote_category":0,"footnotes":""},"categories":[5],"tags":[10],"class_list":["post-15705","post","type-post","status-publish","format-image","has-post-thumbnail","hentry","category-boyaca","tag-noticias","post_format-post-format-image"],"aioseo_notices":[],"_links":{"self":[{"href":"https:\/\/www.boyacaleinforma.com\/index.php?rest_route=\/wp\/v2\/posts\/15705","targetHints":{"allow":["GET"]}}],"collection":[{"href":"https:\/\/www.boyacaleinforma.com\/index.php?rest_route=\/wp\/v2\/posts"}],"about":[{"href":"https:\/\/www.boyacaleinforma.com\/index.php?rest_route=\/wp\/v2\/types\/post"}],"author":[{"embeddable":true,"href":"https:\/\/www.boyacaleinforma.com\/index.php?rest_route=\/wp\/v2\/users\/1"}],"replies":[{"embeddable":true,"href":"https:\/\/www.boyacaleinforma.com\/index.php?rest_route=%2Fwp%2Fv2%2Fcomments&post=15705"}],"version-history":[{"count":0,"href":"https:\/\/www.boyacaleinforma.com\/index.php?rest_route=\/wp\/v2\/posts\/15705\/revisions"}],"wp:featuredmedia":[{"embeddable":true,"href":"https:\/\/www.boyacaleinforma.com\/index.php?rest_route=\/wp\/v2\/media\/15712"}],"wp:attachment":[{"href":"https:\/\/www.boyacaleinforma.com\/index.php?rest_route=%2Fwp%2Fv2%2Fmedia&parent=15705"}],"wp:term":[{"taxonomy":"category","embeddable":true,"href":"https:\/\/www.boyacaleinforma.com\/index.php?rest_route=%2Fwp%2Fv2%2Fcategories&post=15705"},{"taxonomy":"post_tag","embeddable":true,"href":"https:\/\/www.boyacaleinforma.com\/index.php?rest_route=%2Fwp%2Fv2%2Ftags&post=15705"}],"curies":[{"name":"wp","href":"https:\/\/api.w.org\/{rel}","templated":true}]}}