{"id":15707,"date":"2024-02-08T13:45:30","date_gmt":"2024-02-08T18:45:30","guid":{"rendered":"https:\/\/www.boyacaleinforma.com\/?p=15707"},"modified":"2024-02-08T13:50:13","modified_gmt":"2024-02-08T18:50:13","slug":"la-uci-refuerza-protocolo-de-cambio-climatico-para-proteger-a-ciclistas-en-carreras-mundiales-copy-copy-copy-copy-copy-copy-copy","status":"publish","type":"post","link":"https:\/\/www.boyacaleinforma.com\/?p=15707","title":{"rendered":"Giro Inesperado"},"content":{"rendered":"\t\t<div data-elementor-type=\"wp-post\" data-elementor-id=\"15707\" class=\"elementor elementor-15707\" data-elementor-post-type=\"post\">\n\t\t\t\t\t\t<section class=\"elementor-section elementor-top-section elementor-element elementor-element-62b311ee elementor-section-boxed elementor-section-height-default elementor-section-height-default\" data-id=\"62b311ee\" data-element_type=\"section\" data-e-type=\"section\">\n\t\t\t\t\t\t<div class=\"elementor-container elementor-column-gap-default\">\n\t\t\t\t\t<div class=\"elementor-column elementor-col-100 elementor-top-column elementor-element elementor-element-22e424c5\" data-id=\"22e424c5\" data-element_type=\"column\" data-e-type=\"column\">\n\t\t\t<div class=\"elementor-widget-wrap elementor-element-populated\">\n\t\t\t\t\t\t<div class=\"elementor-element elementor-element-7799c32 elementor-widget elementor-widget-image\" data-id=\"7799c32\" data-element_type=\"widget\" data-e-type=\"widget\" data-widget_type=\"image.default\">\n\t\t\t\t<div class=\"elementor-widget-container\">\n\t\t\t\t\t\t\t\t\t\t\t\t<figure class=\"wp-caption\">\n\t\t\t\t\t\t\t\t\t\t<img loading=\"lazy\" width=\"640\" height=\"380\" src=\"https:\/\/www.boyacaleinforma.com\/wp-content\/uploads\/2024\/02\/siete-dias-768x456.jpg\" class=\"attachment-medium_large size-medium_large wp-image-15715\" alt=\"siete dias\" srcset=\"https:\/\/www.boyacaleinforma.com\/wp-content\/uploads\/2024\/02\/siete-dias-768x456.jpg 768w, https:\/\/www.boyacaleinforma.com\/wp-content\/uploads\/2024\/02\/siete-dias-300x178.jpg 300w, https:\/\/www.boyacaleinforma.com\/wp-content\/uploads\/2024\/02\/siete-dias-1024x608.jpg 1024w, https:\/\/www.boyacaleinforma.com\/wp-content\/uploads\/2024\/02\/siete-dias.jpg 1095w\" sizes=\"auto, (max-width: 640px) 100vw, 640px\" loading=\"lazy\" decoding=\"async\" \/>\t\t\t\t\t\t\t\t\t\t\t<figcaption class=\"widget-image-caption wp-caption-text\">Foto: Siete D\u00edas<\/figcaption>\n\t\t\t\t\t\t\t\t\t\t<\/figure>\n\t\t\t\t\t\t\t\t\t<\/div>\n\t\t\t\t<\/div>\n\t\t\t\t<div class=\"elementor-element elementor-element-16316330 elementor-widget elementor-widget-text-editor\" data-id=\"16316330\" data-element_type=\"widget\" data-e-type=\"widget\" data-widget_type=\"text-editor.default\">\n\t\t\t\t<div class=\"elementor-widget-container\">\n\t\t\t\t\t\t\t\t\t<p class=\"western\" align=\"justify\"><span style=\"font-family: Arial, sans-serif;\"><span style=\"font-size: medium;\"><span style=\"color: #000000;\"><span style=\"font-family: Arial, serif;\">La trama legal que rodea la elecci\u00f3n del actual alcalde de Tunja, Mikhail Krasnov, ha tomado un nuevo rumbo esta semana con el sorprendente retiro de la acci\u00f3n judicial por parte del abogado Juan Sebasti\u00e1n Ram\u00edrez Garc\u00eda. Este letrado, quien fue el primero en impugnar la elecci\u00f3n de Krasnov, present\u00f3 una solicitud formal ante el Tribunal Administrativo de Boyac\u00e1 para retirar la demanda que hab\u00eda generado titulares en semanas anteriores.<\/span><\/span><\/span><\/span><\/p><p class=\"western\" align=\"justify\"><span style=\"font-family: Arial, sans-serif;\"><span style=\"font-size: medium;\"><span style=\"color: #000000;\"><span style=\"font-family: Arial, serif;\">Sin embargo, lo que ha causado a\u00fan m\u00e1s revuelo en la opini\u00f3n p\u00fablica es la revelaci\u00f3n de que el propio Juan Sebasti\u00e1n Ram\u00edrez es beneficiario de un contrato con el municipio de Tunja por la considerable suma de $54.285.000. Este hecho ha generado interrogantes sobre la relaci\u00f3n entre el retiro de la demanda y el contrato adjudicado al abogado, planteando inquietudes \u00e9ticas y legales.<\/span><\/span><\/span><\/span><\/p><p class=\"western\" align=\"justify\"><span style=\"font-family: Arial, sans-serif;\"><span style=\"font-size: medium;\"><span style=\"color: #000000;\"><span style=\"font-family: Arial, serif;\">El alcalde Mikhail Krasnov no tard\u00f3 en reaccionar a esta nueva situaci\u00f3n. En un movimiento que agrega otro cap\u00edtulo a esta intrigante historia, Krasnov envi\u00f3 una carta al Tribunal Administrativo de Boyac\u00e1. El asunto de la misiva es nada menos que la \u00absolicitud de aceptaci\u00f3n del retiro de la demanda\u00bb presentada por Juan Sebasti\u00e1n Ram\u00edrez Garc\u00eda.<\/span><\/span><\/span><\/span><\/p><p class=\"western\" align=\"justify\"><span style=\"font-family: Arial, sans-serif;\"><span style=\"font-size: medium;\"><span style=\"color: #000000;\"><span style=\"font-family: Arial, serif;\">Esta historia peculiar deja en la mesa varias inc\u00f3gnitas: \u00bfC\u00f3mo afectar\u00e1 el retiro de la demanda la percepci\u00f3n p\u00fablica sobre la legitimidad de la elecci\u00f3n de Krasnov como alcalde? \u00bfExiste una conexi\u00f3n directa entre el contrato otorgado a Ram\u00edrez y su decisi\u00f3n de retirar la demanda? \u00bfEl alcalde Krasnov busca, a trav\u00e9s de esta solicitud al tribunal, influir en el curso de la justicia a su favor?<\/span><\/span><\/span><\/span><\/p><p class=\"western\" align=\"justify\"><span style=\"font-family: Arial, sans-serif;\"><span style=\"font-size: medium;\"><span style=\"color: #000000;\"><span style=\"font-family: Arial, serif;\">Los ciudadanos de Tunja se quedan a la espera de respuestas clarificadoras, mientras la atenci\u00f3n se centra en este enigma legal que involucra un retiro judicial, un contrato financiero y un alcalde buscando la aceptaci\u00f3n del tribunal para cerrar este cap\u00edtulo controvertido. La justicia deber\u00e1 dilucidar el verdadero trasfondo de esta historia y garantizar la transparencia en el proceso, en un caso que sigue capturando la atenci\u00f3n de la opini\u00f3n p\u00fablica.<\/span><\/span><\/span><\/span><\/p>\t\t\t\t\t\t\t\t<\/div>\n\t\t\t\t<\/div>\n\t\t\t\t\t<\/div>\n\t\t<\/div>\n\t\t\t\t\t<\/div>\n\t\t<\/section>\n\t\t\t\t<\/div>\n\t\t","protected":false},"excerpt":{"rendered":"<p>Foto: Siete D\u00edas La trama legal que rodea la elecci\u00f3n del actual alcalde de Tunja, Mikhail Krasnov, ha<\/p>\n","protected":false},"author":1,"featured_media":15715,"comment_status":"open","ping_status":"open","sticky":false,"template":"","format":"image","meta":{"om_disable_all_campaigns":false,"_monsterinsights_skip_tracking":false,"_monsterinsights_sitenote_active":false,"_monsterinsights_sitenote_note":"","_monsterinsights_sitenote_category":0,"footnotes":""},"categories":[8],"tags":[10],"class_list":["post-15707","post","type-post","status-publish","format-image","has-post-thumbnail","hentry","category-judicial","tag-noticias","post_format-post-format-image"],"aioseo_notices":[],"_links":{"self":[{"href":"https:\/\/www.boyacaleinforma.com\/index.php?rest_route=\/wp\/v2\/posts\/15707","targetHints":{"allow":["GET"]}}],"collection":[{"href":"https:\/\/www.boyacaleinforma.com\/index.php?rest_route=\/wp\/v2\/posts"}],"about":[{"href":"https:\/\/www.boyacaleinforma.com\/index.php?rest_route=\/wp\/v2\/types\/post"}],"author":[{"embeddable":true,"href":"https:\/\/www.boyacaleinforma.com\/index.php?rest_route=\/wp\/v2\/users\/1"}],"replies":[{"embeddable":true,"href":"https:\/\/www.boyacaleinforma.com\/index.php?rest_route=%2Fwp%2Fv2%2Fcomments&post=15707"}],"version-history":[{"count":0,"href":"https:\/\/www.boyacaleinforma.com\/index.php?rest_route=\/wp\/v2\/posts\/15707\/revisions"}],"wp:featuredmedia":[{"embeddable":true,"href":"https:\/\/www.boyacaleinforma.com\/index.php?rest_route=\/wp\/v2\/media\/15715"}],"wp:attachment":[{"href":"https:\/\/www.boyacaleinforma.com\/index.php?rest_route=%2Fwp%2Fv2%2Fmedia&parent=15707"}],"wp:term":[{"taxonomy":"category","embeddable":true,"href":"https:\/\/www.boyacaleinforma.com\/index.php?rest_route=%2Fwp%2Fv2%2Fcategories&post=15707"},{"taxonomy":"post_tag","embeddable":true,"href":"https:\/\/www.boyacaleinforma.com\/index.php?rest_route=%2Fwp%2Fv2%2Ftags&post=15707"}],"curies":[{"name":"wp","href":"https:\/\/api.w.org\/{rel}","templated":true}]}}