{"id":15708,"date":"2024-02-08T13:45:46","date_gmt":"2024-02-08T18:45:46","guid":{"rendered":"https:\/\/www.boyacaleinforma.com\/?p=15708"},"modified":"2024-02-08T13:48:36","modified_gmt":"2024-02-08T18:48:36","slug":"la-uci-refuerza-protocolo-de-cambio-climatico-para-proteger-a-ciclistas-en-carreras-mundiales-copy-copy-copy-copy-copy-copy-copy-copy","status":"publish","type":"post","link":"https:\/\/www.boyacaleinforma.com\/?p=15708","title":{"rendered":"Inesperada pausa para el campe\u00f3n italiano Giulio Ciccone: Una cirug\u00eda lo deja fuera de juego durante un mes"},"content":{"rendered":"\t\t<div data-elementor-type=\"wp-post\" data-elementor-id=\"15708\" class=\"elementor elementor-15708\" data-elementor-post-type=\"post\">\n\t\t\t\t\t\t<section class=\"elementor-section elementor-top-section elementor-element elementor-element-62b311ee elementor-section-boxed elementor-section-height-default elementor-section-height-default\" data-id=\"62b311ee\" data-element_type=\"section\" data-e-type=\"section\">\n\t\t\t\t\t\t<div class=\"elementor-container elementor-column-gap-default\">\n\t\t\t\t\t<div class=\"elementor-column elementor-col-100 elementor-top-column elementor-element elementor-element-22e424c5\" data-id=\"22e424c5\" data-element_type=\"column\" data-e-type=\"column\">\n\t\t\t<div class=\"elementor-widget-wrap elementor-element-populated\">\n\t\t\t\t\t\t<div class=\"elementor-element elementor-element-7799c32 elementor-widget elementor-widget-image\" data-id=\"7799c32\" data-element_type=\"widget\" data-e-type=\"widget\" data-widget_type=\"image.default\">\n\t\t\t\t<div class=\"elementor-widget-container\">\n\t\t\t\t\t\t\t\t\t\t\t\t<figure class=\"wp-caption\">\n\t\t\t\t\t\t\t\t\t\t<img loading=\"lazy\" width=\"640\" height=\"427\" src=\"https:\/\/www.boyacaleinforma.com\/wp-content\/uploads\/2024\/02\/ciclismo-al-dia.jpg\" class=\"attachment-medium_large size-medium_large wp-image-15709\" alt=\"ciclismo al d\u00eda\" srcset=\"https:\/\/www.boyacaleinforma.com\/wp-content\/uploads\/2024\/02\/ciclismo-al-dia.jpg 742w, https:\/\/www.boyacaleinforma.com\/wp-content\/uploads\/2024\/02\/ciclismo-al-dia-300x200.jpg 300w\" sizes=\"auto, (max-width: 640px) 100vw, 640px\" loading=\"lazy\" decoding=\"async\" \/>\t\t\t\t\t\t\t\t\t\t\t<figcaption class=\"widget-image-caption wp-caption-text\">Foto: Ciclismo al d\u00eda<\/figcaption>\n\t\t\t\t\t\t\t\t\t\t<\/figure>\n\t\t\t\t\t\t\t\t\t<\/div>\n\t\t\t\t<\/div>\n\t\t\t\t<div class=\"elementor-element elementor-element-16316330 elementor-widget elementor-widget-text-editor\" data-id=\"16316330\" data-element_type=\"widget\" data-e-type=\"widget\" data-widget_type=\"text-editor.default\">\n\t\t\t\t<div class=\"elementor-widget-container\">\n\t\t\t\t\t\t\t\t\t<p class=\"western\" align=\"justify\"><span style=\"font-family: Arial, sans-serif;\"><span style=\"font-size: medium;\"><span style=\"color: #000000;\"><span style=\"font-family: Arial, serif;\">En un giro inesperado de los acontecimientos en la temporada 2024, el destacado ciclista italiano Giulio Ciccone se enfrenta a un desaf\u00edo significativo despu\u00e9s de someterse a una cirug\u00eda el pasado 5 de febrero. Este procedimiento, necesario debido a problemas f\u00edsicos, plantea dudas sobre su participaci\u00f3n en el pr\u00f3ximo Tour de Francia y ha generado preocupaci\u00f3n en el equipo italiano Lidl-Trek.<\/span><\/span><\/span><\/span><\/p><p class=\"western\" align=\"justify\"><span style=\"font-family: Arial, sans-serif;\"><span style=\"font-size: medium;\"><span style=\"color: #000000;\"><span style=\"font-family: Arial, serif;\">La noticia fue confirmada por el propio equipo, que revel\u00f3 que una inflamaci\u00f3n hab\u00eda afectado al campe\u00f3n de la monta\u00f1a del Tour de Francia. La decisi\u00f3n de realizar una cirug\u00eda para extirpar un quiste perineal se consider\u00f3 crucial para garantizar la salud a largo plazo de Ciccone, aunque conlleva una consecuencia inmediata: la imposibilidad de participar en la pr\u00f3xima Tirreno-Adri\u00e1tico, que originalmente estaba programada como la primera carrera de la temporada 2024 para el ciclista.<\/span><\/span><\/span><\/span><\/p><p class=\"western\" align=\"justify\"><span style=\"font-family: Arial, sans-serif;\"><span style=\"font-size: medium;\"><span style=\"color: #000000;\"><span style=\"font-family: Arial, serif;\">La Gazzetta dello Sport inform\u00f3 que la incapacidad de Ciccone se extender\u00e1 durante las pr\u00f3ximas cuatro semanas, tiempo durante el cual no podr\u00e1 llevar a cabo entrenamientos. Esta noticia no solo deja en suspenso el debut del corredor en la temporada, sino que tambi\u00e9n plantea incertidumbres significativas sobre su regreso a la competici\u00f3n y su preparaci\u00f3n para futuros eventos.<\/span><\/span><\/span><\/span><\/p><p class=\"western\" align=\"justify\"><span style=\"font-family: Arial, sans-serif;\"><span style=\"font-size: medium;\"><span style=\"color: #000000;\"><span style=\"font-family: Arial, serif;\">El equipo Lidl-Trek ha expresado su apoyo a Ciccone durante este dif\u00edcil momento y ha se\u00f1alado que la duraci\u00f3n de la pausa afectar\u00e1 inevitablemente su calendario de carreras para la primavera. La ausencia del campe\u00f3n italiano en la Tirreno-Adri\u00e1tico representa una p\u00e9rdida notable para el equipo y para los fan\u00e1ticos que esperaban verlo en acci\u00f3n en esta prestigiosa competici\u00f3n.<\/span><\/span><\/span><\/span><\/p><p class=\"western\" align=\"justify\"><span style=\"font-family: Arial, sans-serif;\"><span style=\"font-size: medium;\"><span style=\"color: #000000;\"><span style=\"font-family: Arial, serif;\">La incertidumbre ahora rodea la participaci\u00f3n de Giulio Ciccone en el pr\u00f3ximo Tour de Francia, ya que su periodo de recuperaci\u00f3n afectar\u00e1 directamente su preparaci\u00f3n y entrenamiento para esta competici\u00f3n de renombre mundial. Los seguidores del ciclismo estar\u00e1n atentos a los desarrollos futuros, esperando noticias positivas sobre la pronta recuperaci\u00f3n de Ciccone y su regreso triunfal a las carreras.<\/span><\/span><\/span><\/span><\/p>\t\t\t\t\t\t\t\t<\/div>\n\t\t\t\t<\/div>\n\t\t\t\t\t<\/div>\n\t\t<\/div>\n\t\t\t\t\t<\/div>\n\t\t<\/section>\n\t\t\t\t<\/div>\n\t\t","protected":false},"excerpt":{"rendered":"<p>Foto: Ciclismo al d\u00eda En un giro inesperado de los acontecimientos en la temporada 2024, el destacado ciclista<\/p>\n","protected":false},"author":1,"featured_media":15709,"comment_status":"open","ping_status":"open","sticky":false,"template":"","format":"image","meta":{"om_disable_all_campaigns":false,"_monsterinsights_skip_tracking":false,"_monsterinsights_sitenote_active":false,"_monsterinsights_sitenote_note":"","_monsterinsights_sitenote_category":0,"footnotes":""},"categories":[7],"tags":[10],"class_list":["post-15708","post","type-post","status-publish","format-image","has-post-thumbnail","hentry","category-deportes","tag-noticias","post_format-post-format-image"],"aioseo_notices":[],"_links":{"self":[{"href":"https:\/\/www.boyacaleinforma.com\/index.php?rest_route=\/wp\/v2\/posts\/15708","targetHints":{"allow":["GET"]}}],"collection":[{"href":"https:\/\/www.boyacaleinforma.com\/index.php?rest_route=\/wp\/v2\/posts"}],"about":[{"href":"https:\/\/www.boyacaleinforma.com\/index.php?rest_route=\/wp\/v2\/types\/post"}],"author":[{"embeddable":true,"href":"https:\/\/www.boyacaleinforma.com\/index.php?rest_route=\/wp\/v2\/users\/1"}],"replies":[{"embeddable":true,"href":"https:\/\/www.boyacaleinforma.com\/index.php?rest_route=%2Fwp%2Fv2%2Fcomments&post=15708"}],"version-history":[{"count":0,"href":"https:\/\/www.boyacaleinforma.com\/index.php?rest_route=\/wp\/v2\/posts\/15708\/revisions"}],"wp:featuredmedia":[{"embeddable":true,"href":"https:\/\/www.boyacaleinforma.com\/index.php?rest_route=\/wp\/v2\/media\/15709"}],"wp:attachment":[{"href":"https:\/\/www.boyacaleinforma.com\/index.php?rest_route=%2Fwp%2Fv2%2Fmedia&parent=15708"}],"wp:term":[{"taxonomy":"category","embeddable":true,"href":"https:\/\/www.boyacaleinforma.com\/index.php?rest_route=%2Fwp%2Fv2%2Fcategories&post=15708"},{"taxonomy":"post_tag","embeddable":true,"href":"https:\/\/www.boyacaleinforma.com\/index.php?rest_route=%2Fwp%2Fv2%2Ftags&post=15708"}],"curies":[{"name":"wp","href":"https:\/\/api.w.org\/{rel}","templated":true}]}}