{"id":15753,"date":"2024-02-09T09:26:05","date_gmt":"2024-02-09T14:26:05","guid":{"rendered":"https:\/\/www.boyacaleinforma.com\/?p=15753"},"modified":"2024-02-09T09:59:26","modified_gmt":"2024-02-09T14:59:26","slug":"inesperada-pausa-para-el-campeon-italiano-giulio-ciccone-una-cirugia-lo-deja-fuera-de-juego-durante-un-mes-copy-copy-copy-copy-copy","status":"publish","type":"post","link":"https:\/\/www.boyacaleinforma.com\/?p=15753","title":{"rendered":"Emergencia agr\u00edcola en Boyac\u00e1"},"content":{"rendered":"\t\t<div data-elementor-type=\"wp-post\" data-elementor-id=\"15753\" class=\"elementor elementor-15753\" data-elementor-post-type=\"post\">\n\t\t\t\t\t\t<section class=\"elementor-section elementor-top-section elementor-element elementor-element-62b311ee elementor-section-boxed elementor-section-height-default elementor-section-height-default\" data-id=\"62b311ee\" data-element_type=\"section\" data-e-type=\"section\">\n\t\t\t\t\t\t<div class=\"elementor-container elementor-column-gap-default\">\n\t\t\t\t\t<div class=\"elementor-column elementor-col-100 elementor-top-column elementor-element elementor-element-22e424c5\" data-id=\"22e424c5\" data-element_type=\"column\" data-e-type=\"column\">\n\t\t\t<div class=\"elementor-widget-wrap elementor-element-populated\">\n\t\t\t\t\t\t<div class=\"elementor-element elementor-element-7799c32 elementor-widget elementor-widget-image\" data-id=\"7799c32\" data-element_type=\"widget\" data-e-type=\"widget\" data-widget_type=\"image.default\">\n\t\t\t\t<div class=\"elementor-widget-container\">\n\t\t\t\t\t\t\t\t\t\t\t\t<figure class=\"wp-caption\">\n\t\t\t\t\t\t\t\t\t\t<img loading=\"lazy\" width=\"259\" height=\"194\" src=\"https:\/\/www.boyacaleinforma.com\/wp-content\/uploads\/2024\/02\/matinal-dos.jpg\" class=\"attachment-medium_large size-medium_large wp-image-15760\" alt=\"matinal dos\" loading=\"lazy\" decoding=\"async\" \/>\t\t\t\t\t\t\t\t\t\t\t<figcaption class=\"widget-image-caption wp-caption-text\">Foto: Matinal<\/figcaption>\n\t\t\t\t\t\t\t\t\t\t<\/figure>\n\t\t\t\t\t\t\t\t\t<\/div>\n\t\t\t\t<\/div>\n\t\t\t\t<div class=\"elementor-element elementor-element-16316330 elementor-widget elementor-widget-text-editor\" data-id=\"16316330\" data-element_type=\"widget\" data-e-type=\"widget\" data-widget_type=\"text-editor.default\">\n\t\t\t\t<div class=\"elementor-widget-container\">\n\t\t\t\t\t\t\t\t\t<p class=\"western\" align=\"justify\"><span style=\"color: #000000;\"><span style=\"font-family: Arial, serif;\"><span style=\"font-size: medium;\">El departamento de Boyac\u00e1 se enfrenta a una crisis agr\u00edcola sin precedentes, con 62.700 hect\u00e1reas afectadas por las heladas provocadas por el fen\u00f3meno del Ni\u00f1o, seg\u00fan el reciente levantamiento de un censo realizado por la Secretar\u00eda de Agricultura de Boyac\u00e1. De este total, 1.700 hect\u00e1reas corresponden a explotaci\u00f3n agr\u00edcola, mientras que 61.000 hect\u00e1reas han sido impactadas en el sector ganadero.<\/span><\/span><\/span><\/p><p class=\"western\" align=\"justify\"><span style=\"color: #000000;\"><span style=\"font-family: Arial, serif;\"><span style=\"font-size: medium;\">Fernando Portilla, director de Desarrollo Rural Integral de la Secretar\u00eda de Agricultura de Boyac\u00e1, brind\u00f3 detalles sobre la magnitud de la crisis, indicando que hasta la fecha, al menos 77 municipios han reportado alg\u00fan tipo de afectaci\u00f3n debido a las bajas temperaturas. Las regiones m\u00e1s golpeadas se encuentran en los corredores de las provincias de Centro, Tundama, del Norte, de Neira, Guti\u00e9rrez, Sugamuxi, M\u00e1rquez, Ricaurte, Occidente Bajo, Valderrama y Lengup\u00e1.<\/span><\/span><\/span><\/p><p class=\"western\" align=\"justify\"><span style=\"color: #000000;\"><span style=\"font-family: Arial, serif;\"><span style=\"font-size: medium;\">En el \u00e1mbito agr\u00edcola, los cultivos m\u00e1s perjudicados incluyen papa, ma\u00edz, cereales, leguminosas, hortalizas y frutales. La situaci\u00f3n se agrava al afectar tanto la producci\u00f3n destinada al consumo local como la destinada a la comercializaci\u00f3n en otros mercados. La p\u00e9rdida de estos cultivos es un golpe significativo para la econom\u00eda local y para los agricultores que dependen de estas cosechas para su sustento.<\/span><\/span><\/span><\/p><p class=\"western\" align=\"justify\"><span style=\"color: #000000;\"><span style=\"font-family: Arial, serif;\"><span style=\"font-size: medium;\">En el sector ganadero, las heladas han impactado negativamente en los pastos destinados al alimento de bovinos, caprinos y especies menores. La falta de pasto de calidad representa una amenaza directa para la salud y la productividad del ganado, lo que a su vez afectar\u00e1 la cadena alimentaria y la disponibilidad de productos l\u00e1cteos y c\u00e1rnicos en la regi\u00f3n.<\/span><\/span><\/span><\/p><p class=\"western\" align=\"justify\"><span style=\"color: #000000;\"><span style=\"font-family: Arial, serif;\"><span style=\"font-size: medium;\">Ante esta crisis, las autoridades locales est\u00e1n movilizando esfuerzos para proporcionar ayuda a los agricultores afectados y mitigar los da\u00f1os causados por las heladas. Se est\u00e1n evaluando medidas de emergencia y se busca la colaboraci\u00f3n de instancias gubernamentales y organizaciones no gubernamentales para brindar apoyo financiero y log\u00edstico.<\/span><\/span><\/span><\/p><p class=\"western\" align=\"justify\"><span style=\"color: #000000;\"><span style=\"font-family: Arial, serif;\"><span style=\"font-size: medium;\">La situaci\u00f3n en Boyac\u00e1 es una llamada de atenci\u00f3n sobre la vulnerabilidad de las comunidades agr\u00edcolas frente a fen\u00f3menos clim\u00e1ticos extremos. La necesidad de implementar medidas de adaptaci\u00f3n y resiliencia en el sector agr\u00edcola se vuelve imperativa para garantizar la seguridad alimentaria y el bienestar de la poblaci\u00f3n en el futuro.<\/span><\/span><\/span><\/p>\t\t\t\t\t\t\t\t<\/div>\n\t\t\t\t<\/div>\n\t\t\t\t\t<\/div>\n\t\t<\/div>\n\t\t\t\t\t<\/div>\n\t\t<\/section>\n\t\t\t\t<\/div>\n\t\t","protected":false},"excerpt":{"rendered":"<p>Foto: Matinal El departamento de Boyac\u00e1 se enfrenta a una crisis agr\u00edcola sin precedentes, con 62.700 hect\u00e1reas afectadas<\/p>\n","protected":false},"author":1,"featured_media":15760,"comment_status":"open","ping_status":"open","sticky":false,"template":"","format":"image","meta":{"om_disable_all_campaigns":false,"_monsterinsights_skip_tracking":false,"_monsterinsights_sitenote_active":false,"_monsterinsights_sitenote_note":"","_monsterinsights_sitenote_category":0,"footnotes":""},"categories":[5],"tags":[10],"class_list":["post-15753","post","type-post","status-publish","format-image","has-post-thumbnail","hentry","category-boyaca","tag-noticias","post_format-post-format-image"],"aioseo_notices":[],"_links":{"self":[{"href":"https:\/\/www.boyacaleinforma.com\/index.php?rest_route=\/wp\/v2\/posts\/15753","targetHints":{"allow":["GET"]}}],"collection":[{"href":"https:\/\/www.boyacaleinforma.com\/index.php?rest_route=\/wp\/v2\/posts"}],"about":[{"href":"https:\/\/www.boyacaleinforma.com\/index.php?rest_route=\/wp\/v2\/types\/post"}],"author":[{"embeddable":true,"href":"https:\/\/www.boyacaleinforma.com\/index.php?rest_route=\/wp\/v2\/users\/1"}],"replies":[{"embeddable":true,"href":"https:\/\/www.boyacaleinforma.com\/index.php?rest_route=%2Fwp%2Fv2%2Fcomments&post=15753"}],"version-history":[{"count":0,"href":"https:\/\/www.boyacaleinforma.com\/index.php?rest_route=\/wp\/v2\/posts\/15753\/revisions"}],"wp:featuredmedia":[{"embeddable":true,"href":"https:\/\/www.boyacaleinforma.com\/index.php?rest_route=\/wp\/v2\/media\/15760"}],"wp:attachment":[{"href":"https:\/\/www.boyacaleinforma.com\/index.php?rest_route=%2Fwp%2Fv2%2Fmedia&parent=15753"}],"wp:term":[{"taxonomy":"category","embeddable":true,"href":"https:\/\/www.boyacaleinforma.com\/index.php?rest_route=%2Fwp%2Fv2%2Fcategories&post=15753"},{"taxonomy":"post_tag","embeddable":true,"href":"https:\/\/www.boyacaleinforma.com\/index.php?rest_route=%2Fwp%2Fv2%2Ftags&post=15753"}],"curies":[{"name":"wp","href":"https:\/\/api.w.org\/{rel}","templated":true}]}}