{"id":15891,"date":"2024-02-13T09:29:20","date_gmt":"2024-02-13T14:29:20","guid":{"rendered":"https:\/\/www.boyacaleinforma.com\/?p=15891"},"modified":"2024-02-13T09:43:44","modified_gmt":"2024-02-13T14:43:44","slug":"mads-pedersen-estrella-de-besseges-el-triunfo-del-lidl-trek-en-tierras-francesas-copy-copy-copy-copy","status":"publish","type":"post","link":"https:\/\/www.boyacaleinforma.com\/?p=15891","title":{"rendered":"Misterio en la Alcald\u00eda de Tunja: Contrato de Sandra Milena L\u00f3pez Medina genera controversia"},"content":{"rendered":"\t\t<div data-elementor-type=\"wp-post\" data-elementor-id=\"15891\" class=\"elementor elementor-15891\" data-elementor-post-type=\"post\">\n\t\t\t\t\t\t<section class=\"elementor-section elementor-top-section elementor-element elementor-element-62b311ee elementor-section-boxed elementor-section-height-default elementor-section-height-default\" data-id=\"62b311ee\" data-element_type=\"section\" data-e-type=\"section\">\n\t\t\t\t\t\t<div class=\"elementor-container elementor-column-gap-default\">\n\t\t\t\t\t<div class=\"elementor-column elementor-col-100 elementor-top-column elementor-element elementor-element-22e424c5\" data-id=\"22e424c5\" data-element_type=\"column\" data-e-type=\"column\">\n\t\t\t<div class=\"elementor-widget-wrap elementor-element-populated\">\n\t\t\t\t\t\t<div class=\"elementor-element elementor-element-7799c32 elementor-widget elementor-widget-image\" data-id=\"7799c32\" data-element_type=\"widget\" data-e-type=\"widget\" data-widget_type=\"image.default\">\n\t\t\t\t<div class=\"elementor-widget-container\">\n\t\t\t\t\t\t\t\t\t\t\t\t<figure class=\"wp-caption\">\n\t\t\t\t\t\t\t\t\t\t<img loading=\"lazy\" width=\"537\" height=\"576\" src=\"https:\/\/www.boyacaleinforma.com\/wp-content\/uploads\/2024\/02\/uhn-1.jpg\" class=\"attachment-medium_large size-medium_large wp-image-15903\" alt=\"uhn\" srcset=\"https:\/\/www.boyacaleinforma.com\/wp-content\/uploads\/2024\/02\/uhn-1.jpg 537w, https:\/\/www.boyacaleinforma.com\/wp-content\/uploads\/2024\/02\/uhn-1-280x300.jpg 280w\" sizes=\"auto, (max-width: 537px) 100vw, 537px\" loading=\"lazy\" decoding=\"async\" \/>\t\t\t\t\t\t\t\t\t\t\t<figcaption class=\"widget-image-caption wp-caption-text\">Foto:UHN<\/figcaption>\n\t\t\t\t\t\t\t\t\t\t<\/figure>\n\t\t\t\t\t\t\t\t\t<\/div>\n\t\t\t\t<\/div>\n\t\t\t\t<div class=\"elementor-element elementor-element-16316330 elementor-widget elementor-widget-text-editor\" data-id=\"16316330\" data-element_type=\"widget\" data-e-type=\"widget\" data-widget_type=\"text-editor.default\">\n\t\t\t\t<div class=\"elementor-widget-container\">\n\t\t\t\t\t\t\t\t\t<p class=\"western\" align=\"justify\"><span style=\"color: #000000;\"><span style=\"font-family: Arial, serif;\"><span style=\"font-size: medium;\">Tras el fallecimiento de Sandra Milena L\u00f3pez Medina, quien desempe\u00f1aba labores como contratista para la alcald\u00eda de Tunja, se ha desatado una pol\u00e9mica sobre la existencia de un contrato vigente y si la administraci\u00f3n municipal cumpli\u00f3 con las medidas de protecci\u00f3n laboral que la situaci\u00f3n de salud de la fallecida demandaba.<\/span><\/span><\/span><\/p><p class=\"western\" align=\"justify\"><span style=\"color: #000000;\"><span style=\"font-family: Arial, serif;\"><span style=\"font-size: medium;\">La incertidumbre comenz\u00f3 a crecer cuando, luego del deceso de L\u00f3pez Medina, se emitieron tres comunicados contradictorios que confundieron a la opini\u00f3n p\u00fablica. En el primero, se afirmaba categ\u00f3ricamente la ausencia de un v\u00ednculo laboral actual con la alcald\u00eda. Sin embargo, el segundo comunicado, emitido por la Alcald\u00eda Mayor de Tunja, lamentaba el fallecimiento de la trabajadora y la nombraba como parte activa del personal de la administraci\u00f3n. El tercero, proveniente de la familia de la fallecida, contradec\u00eda el primer comunicado y mencionaba un contrato fechado a partir del 30 de enero, aunque qued\u00f3 a la espera del acta de inicio.<\/span><\/span><\/span><\/p><p class=\"western\" align=\"justify\"><span style=\"color: #000000;\"><span style=\"font-family: Arial, serif;\"><span style=\"font-size: medium;\">Para arrojar luz sobre la situaci\u00f3n, Ahiliz Rojas Rinc\u00f3n, secretaria del Interior y Seguridad Territorial de Tunja, se pronunci\u00f3 al respecto. Confirm\u00f3 que la vinculaci\u00f3n de Sandra Milena se realizaba mediante un contrato, y que el a\u00f1o anterior dicho contrato fue liquidado el 30 de diciembre, debiendo realizarse una nueva contrataci\u00f3n. Seg\u00fan Rojas Rinc\u00f3n, Sandra Milena se present\u00f3 en la oficina durante la segunda semana de enero expresando su voluntad de continuar, y se le indicaron los documentos que deb\u00eda presentar para llevar a cabo la renovaci\u00f3n contractual.<\/span><\/span><\/span><\/p><p class=\"western\" align=\"justify\"><span style=\"color: #000000;\"><span style=\"font-family: Arial, serif;\"><span style=\"font-size: medium;\">La controversia persiste, y la ciudadan\u00eda demanda claridad en este asunto que involucra la relaci\u00f3n laboral de la fallecida con la alcald\u00eda. La falta de transparencia en los comunicados ha generado desconfianza, y la administraci\u00f3n municipal enfrenta la tarea de esclarecer la situaci\u00f3n y brindar la informaci\u00f3n necesaria para disipar las dudas que rodean el misterio en torno al contrato de Sandra Milena L\u00f3pez Medina.<\/span><\/span><\/span><\/p>\t\t\t\t\t\t\t\t<\/div>\n\t\t\t\t<\/div>\n\t\t\t\t\t<\/div>\n\t\t<\/div>\n\t\t\t\t\t<\/div>\n\t\t<\/section>\n\t\t\t\t<\/div>\n\t\t","protected":false},"excerpt":{"rendered":"<p>Foto:UHN Tras el fallecimiento de Sandra Milena L\u00f3pez Medina, quien desempe\u00f1aba labores como contratista para la alcald\u00eda de<\/p>\n","protected":false},"author":1,"featured_media":15903,"comment_status":"open","ping_status":"open","sticky":false,"template":"","format":"image","meta":{"om_disable_all_campaigns":false,"_monsterinsights_skip_tracking":false,"_monsterinsights_sitenote_active":false,"_monsterinsights_sitenote_note":"","_monsterinsights_sitenote_category":0,"footnotes":""},"categories":[8],"tags":[10],"class_list":["post-15891","post","type-post","status-publish","format-image","has-post-thumbnail","hentry","category-judicial","tag-noticias","post_format-post-format-image"],"aioseo_notices":[],"_links":{"self":[{"href":"https:\/\/www.boyacaleinforma.com\/index.php?rest_route=\/wp\/v2\/posts\/15891","targetHints":{"allow":["GET"]}}],"collection":[{"href":"https:\/\/www.boyacaleinforma.com\/index.php?rest_route=\/wp\/v2\/posts"}],"about":[{"href":"https:\/\/www.boyacaleinforma.com\/index.php?rest_route=\/wp\/v2\/types\/post"}],"author":[{"embeddable":true,"href":"https:\/\/www.boyacaleinforma.com\/index.php?rest_route=\/wp\/v2\/users\/1"}],"replies":[{"embeddable":true,"href":"https:\/\/www.boyacaleinforma.com\/index.php?rest_route=%2Fwp%2Fv2%2Fcomments&post=15891"}],"version-history":[{"count":0,"href":"https:\/\/www.boyacaleinforma.com\/index.php?rest_route=\/wp\/v2\/posts\/15891\/revisions"}],"wp:featuredmedia":[{"embeddable":true,"href":"https:\/\/www.boyacaleinforma.com\/index.php?rest_route=\/wp\/v2\/media\/15903"}],"wp:attachment":[{"href":"https:\/\/www.boyacaleinforma.com\/index.php?rest_route=%2Fwp%2Fv2%2Fmedia&parent=15891"}],"wp:term":[{"taxonomy":"category","embeddable":true,"href":"https:\/\/www.boyacaleinforma.com\/index.php?rest_route=%2Fwp%2Fv2%2Fcategories&post=15891"},{"taxonomy":"post_tag","embeddable":true,"href":"https:\/\/www.boyacaleinforma.com\/index.php?rest_route=%2Fwp%2Fv2%2Ftags&post=15891"}],"curies":[{"name":"wp","href":"https:\/\/api.w.org\/{rel}","templated":true}]}}