{"id":15892,"date":"2024-02-13T09:31:04","date_gmt":"2024-02-13T14:31:04","guid":{"rendered":"https:\/\/www.boyacaleinforma.com\/?p=15892"},"modified":"2024-02-13T09:42:02","modified_gmt":"2024-02-13T14:42:02","slug":"mads-pedersen-estrella-de-besseges-el-triunfo-del-lidl-trek-en-tierras-francesas-copy-copy-copy-copy-copy","status":"publish","type":"post","link":"https:\/\/www.boyacaleinforma.com\/?p=15892","title":{"rendered":"Acci\u00f3n Popular impulsa la recuperaci\u00f3n del predio de la Granja en Soat\u00e1"},"content":{"rendered":"\t\t<div data-elementor-type=\"wp-post\" data-elementor-id=\"15892\" class=\"elementor elementor-15892\" data-elementor-post-type=\"post\">\n\t\t\t\t\t\t<section class=\"elementor-section elementor-top-section elementor-element elementor-element-62b311ee elementor-section-boxed elementor-section-height-default elementor-section-height-default\" data-id=\"62b311ee\" data-element_type=\"section\" data-e-type=\"section\">\n\t\t\t\t\t\t<div class=\"elementor-container elementor-column-gap-default\">\n\t\t\t\t\t<div class=\"elementor-column elementor-col-100 elementor-top-column elementor-element elementor-element-22e424c5\" data-id=\"22e424c5\" data-element_type=\"column\" data-e-type=\"column\">\n\t\t\t<div class=\"elementor-widget-wrap elementor-element-populated\">\n\t\t\t\t\t\t<div class=\"elementor-element elementor-element-7799c32 elementor-widget elementor-widget-image\" data-id=\"7799c32\" data-element_type=\"widget\" data-e-type=\"widget\" data-widget_type=\"image.default\">\n\t\t\t\t<div class=\"elementor-widget-container\">\n\t\t\t\t\t\t\t\t\t\t\t\t<figure class=\"wp-caption\">\n\t\t\t\t\t\t\t\t\t\t<img loading=\"lazy\" width=\"275\" height=\"183\" src=\"https:\/\/www.boyacaleinforma.com\/wp-content\/uploads\/2024\/02\/minagricultura.jpg\" class=\"attachment-medium_large size-medium_large wp-image-15899\" alt=\"minagricultura\" loading=\"lazy\" decoding=\"async\" \/>\t\t\t\t\t\t\t\t\t\t\t<figcaption class=\"widget-image-caption wp-caption-text\">Foto: MinAgricultura<\/figcaption>\n\t\t\t\t\t\t\t\t\t\t<\/figure>\n\t\t\t\t\t\t\t\t\t<\/div>\n\t\t\t\t<\/div>\n\t\t\t\t<div class=\"elementor-element elementor-element-16316330 elementor-widget elementor-widget-text-editor\" data-id=\"16316330\" data-element_type=\"widget\" data-e-type=\"widget\" data-widget_type=\"text-editor.default\">\n\t\t\t\t<div class=\"elementor-widget-container\">\n\t\t\t\t\t\t\t\t\t<p class=\"western\" align=\"justify\"><span style=\"color: #000000;\"><span style=\"font-family: Arial, serif;\"><span style=\"font-size: medium;\">En un desarrollo clave para la comunidad de Soat\u00e1, el Juzgado Primero Administrativo de Duitama emiti\u00f3 una sentencia de primera instancia en respuesta a una acci\u00f3n popular que busca la recuperaci\u00f3n del predio conocido como La Granja. Esta decisi\u00f3n judicial marca un hito en la b\u00fasqueda de transparencia y rendici\u00f3n de cuentas en el manejo de recursos p\u00fablicos destinados a proyectos agr\u00edcolas y ganaderos.<\/span><\/span><\/span><\/p><p class=\"western\" align=\"justify\"><span style=\"color: #000000;\"><span style=\"font-family: Arial, serif;\"><span style=\"font-size: medium;\">La pol\u00e9mica se desat\u00f3 cuando la administraci\u00f3n municipal autoriz\u00f3 la creaci\u00f3n de una Sociedad de Econom\u00eda Mixta llamada &#8216;Ecoparque del Chicamocha&#8217;, destinada a gestionar la producci\u00f3n agr\u00edcola, ganadera y caprina en el predio en cuesti\u00f3n. A pesar de la formalizaci\u00f3n de esta sociedad a trav\u00e9s de la Escritura P\u00fablica No. 233 del 17 de mayo de 2018, y la cesi\u00f3n del predio mediante el instrumento notarial No. 257 del 12 de junio del mismo a\u00f1o, hasta la fecha no se han materializado las actividades productivas planeadas.<\/span><\/span><\/span><\/p><p class=\"western\" align=\"justify\"><span style=\"color: #000000;\"><span style=\"font-family: Arial, serif;\"><span style=\"font-size: medium;\">La acci\u00f3n popular, presentada por miembros preocupados de la comunidad, alega que el proyecto no ha cumplido con sus objetivos y exige una rendici\u00f3n de cuentas transparente sobre el destino de los recursos destinados a esta iniciativa. La falta de avances visibles en el desarrollo del predio ha levantado sospechas sobre posibles irregularidades en la administraci\u00f3n municipal.<\/span><\/span><\/span><\/p><p class=\"western\" align=\"justify\"><span style=\"color: #000000;\"><span style=\"font-family: Arial, serif;\"><span style=\"font-size: medium;\">En este contexto, el juzgado ha determinado que se tendr\u00e1 en cuenta el nivel de pago o amortizaci\u00f3n real y efectivo de las acciones entregadas al socio privado para definir el derecho que sobre el activo material aportado le pueda corresponder. En caso de no llegar a un acuerdo en el plazo m\u00e1ximo de tres meses, se contemplar\u00e1 una estrategia jur\u00eddica fundamentada en el art\u00edculo 141 del CPACA, que busca garantizar una resoluci\u00f3n definitiva y justa.<\/span><\/span><\/span><\/p><p class=\"western\" align=\"justify\"><span style=\"color: #000000;\"><span style=\"font-family: Arial, serif;\"><span style=\"font-size: medium;\">La comunidad de Soat\u00e1, que ha estado siguiendo de cerca este caso, ve con esperanza esta decisi\u00f3n judicial como un paso crucial hacia la transparencia y la recuperaci\u00f3n efectiva del predio de la Granja. La acci\u00f3n popular se erige como un mecanismo esencial para garantizar que los recursos p\u00fablicos se utilicen de manera responsable y en beneficio de la comunidad, y esta sentencia refuerza la importancia de la participaci\u00f3n ciudadana en la vigilancia de proyectos de inter\u00e9s p\u00fablico.<\/span><\/span><\/span><\/p>\t\t\t\t\t\t\t\t<\/div>\n\t\t\t\t<\/div>\n\t\t\t\t\t<\/div>\n\t\t<\/div>\n\t\t\t\t\t<\/div>\n\t\t<\/section>\n\t\t\t\t<\/div>\n\t\t","protected":false},"excerpt":{"rendered":"<p>Foto: MinAgricultura En un desarrollo clave para la comunidad de Soat\u00e1, el Juzgado Primero Administrativo de Duitama emiti\u00f3<\/p>\n","protected":false},"author":1,"featured_media":15899,"comment_status":"open","ping_status":"open","sticky":false,"template":"","format":"image","meta":{"om_disable_all_campaigns":false,"_monsterinsights_skip_tracking":false,"_monsterinsights_sitenote_active":false,"_monsterinsights_sitenote_note":"","_monsterinsights_sitenote_category":0,"footnotes":""},"categories":[8],"tags":[10],"class_list":["post-15892","post","type-post","status-publish","format-image","has-post-thumbnail","hentry","category-judicial","tag-noticias","post_format-post-format-image"],"aioseo_notices":[],"_links":{"self":[{"href":"https:\/\/www.boyacaleinforma.com\/index.php?rest_route=\/wp\/v2\/posts\/15892","targetHints":{"allow":["GET"]}}],"collection":[{"href":"https:\/\/www.boyacaleinforma.com\/index.php?rest_route=\/wp\/v2\/posts"}],"about":[{"href":"https:\/\/www.boyacaleinforma.com\/index.php?rest_route=\/wp\/v2\/types\/post"}],"author":[{"embeddable":true,"href":"https:\/\/www.boyacaleinforma.com\/index.php?rest_route=\/wp\/v2\/users\/1"}],"replies":[{"embeddable":true,"href":"https:\/\/www.boyacaleinforma.com\/index.php?rest_route=%2Fwp%2Fv2%2Fcomments&post=15892"}],"version-history":[{"count":0,"href":"https:\/\/www.boyacaleinforma.com\/index.php?rest_route=\/wp\/v2\/posts\/15892\/revisions"}],"wp:featuredmedia":[{"embeddable":true,"href":"https:\/\/www.boyacaleinforma.com\/index.php?rest_route=\/wp\/v2\/media\/15899"}],"wp:attachment":[{"href":"https:\/\/www.boyacaleinforma.com\/index.php?rest_route=%2Fwp%2Fv2%2Fmedia&parent=15892"}],"wp:term":[{"taxonomy":"category","embeddable":true,"href":"https:\/\/www.boyacaleinforma.com\/index.php?rest_route=%2Fwp%2Fv2%2Fcategories&post=15892"},{"taxonomy":"post_tag","embeddable":true,"href":"https:\/\/www.boyacaleinforma.com\/index.php?rest_route=%2Fwp%2Fv2%2Ftags&post=15892"}],"curies":[{"name":"wp","href":"https:\/\/api.w.org\/{rel}","templated":true}]}}