{"id":15893,"date":"2024-02-13T09:31:25","date_gmt":"2024-02-13T14:31:25","guid":{"rendered":"https:\/\/www.boyacaleinforma.com\/?p=15893"},"modified":"2024-02-13T09:40:14","modified_gmt":"2024-02-13T14:40:14","slug":"mads-pedersen-estrella-de-besseges-el-triunfo-del-lidl-trek-en-tierras-francesas-copy-copy-copy-copy-copy-copy","status":"publish","type":"post","link":"https:\/\/www.boyacaleinforma.com\/?p=15893","title":{"rendered":"Amenazas a concejales de Chiquinquir\u00e1 generan preocupaci\u00f3n y exigen investigaci\u00f3n"},"content":{"rendered":"\t\t<div data-elementor-type=\"wp-post\" data-elementor-id=\"15893\" class=\"elementor elementor-15893\" data-elementor-post-type=\"post\">\n\t\t\t\t\t\t<section class=\"elementor-section elementor-top-section elementor-element elementor-element-62b311ee elementor-section-boxed elementor-section-height-default elementor-section-height-default\" data-id=\"62b311ee\" data-element_type=\"section\" data-e-type=\"section\">\n\t\t\t\t\t\t<div class=\"elementor-container elementor-column-gap-default\">\n\t\t\t\t\t<div class=\"elementor-column elementor-col-100 elementor-top-column elementor-element elementor-element-22e424c5\" data-id=\"22e424c5\" data-element_type=\"column\" data-e-type=\"column\">\n\t\t\t<div class=\"elementor-widget-wrap elementor-element-populated\">\n\t\t\t\t\t\t<div class=\"elementor-element elementor-element-7799c32 elementor-widget elementor-widget-image\" data-id=\"7799c32\" data-element_type=\"widget\" data-e-type=\"widget\" data-widget_type=\"image.default\">\n\t\t\t\t<div class=\"elementor-widget-container\">\n\t\t\t\t\t\t\t\t\t\t\t\t<figure class=\"wp-caption\">\n\t\t\t\t\t\t\t\t\t\t<img loading=\"lazy\" width=\"640\" height=\"363\" src=\"https:\/\/www.boyacaleinforma.com\/wp-content\/uploads\/2024\/02\/timpo-768x435.jpeg\" class=\"attachment-medium_large size-medium_large wp-image-15902\" alt=\"timpo\" srcset=\"https:\/\/www.boyacaleinforma.com\/wp-content\/uploads\/2024\/02\/timpo-768x435.jpeg 768w, https:\/\/www.boyacaleinforma.com\/wp-content\/uploads\/2024\/02\/timpo-300x170.jpeg 300w, https:\/\/www.boyacaleinforma.com\/wp-content\/uploads\/2024\/02\/timpo-1024x580.jpeg 1024w, https:\/\/www.boyacaleinforma.com\/wp-content\/uploads\/2024\/02\/timpo.jpeg 1200w\" sizes=\"auto, (max-width: 640px) 100vw, 640px\" loading=\"lazy\" decoding=\"async\" \/>\t\t\t\t\t\t\t\t\t\t\t<figcaption class=\"widget-image-caption wp-caption-text\">Foto: El Tiempo<\/figcaption>\n\t\t\t\t\t\t\t\t\t\t<\/figure>\n\t\t\t\t\t\t\t\t\t<\/div>\n\t\t\t\t<\/div>\n\t\t\t\t<div class=\"elementor-element elementor-element-16316330 elementor-widget elementor-widget-text-editor\" data-id=\"16316330\" data-element_type=\"widget\" data-e-type=\"widget\" data-widget_type=\"text-editor.default\">\n\t\t\t\t<div class=\"elementor-widget-container\">\n\t\t\t\t\t\t\t\t\t<p class=\"western\" align=\"justify\"><span style=\"color: #000000;\"><span style=\"font-family: Arial, serif;\"><span style=\"font-size: medium;\">Los 15 concejales del municipio de Chiquinquir\u00e1, en el departamento de Boyac\u00e1, han expresado su temor por sus vidas y las de sus familias, luego de recibir panfletos amenazantes que han llegado al recinto del concejo y a la alcald\u00eda local. La comunidad est\u00e1 consternada por esta situaci\u00f3n que pone en riesgo la integridad de los representantes elegidos por el pueblo.<\/span><\/span><\/span><\/p><p class=\"western\" align=\"justify\"><span style=\"color: #000000;\"><span style=\"font-family: Arial, serif;\"><span style=\"font-size: medium;\">Juan Carlos Jim\u00e9nez, concejal de Chiquinquir\u00e1 y presidente de una Junta de Acci\u00f3n Comunal, fue el encargado de hacer p\u00fablica la denuncia. Seg\u00fan Jim\u00e9nez, estos panfletos amenazantes fueron descubiertos a principios de a\u00f1o por la se\u00f1ora de servicios generales del concejo, quien encontr\u00f3 un sobre dirigido a varios concejales. El presidente del concejo entreg\u00f3 el sobre y se encontraron con otra amenaza.<\/span><\/span><\/span><\/p><p class=\"western\" align=\"justify\"><span style=\"color: #000000;\"><span style=\"font-family: Arial, serif;\"><span style=\"font-size: medium;\">Durante una reuni\u00f3n de seguridad, los concejales se enteraron de otra amenaza cuando, el mi\u00e9rcoles 7 de febrero, en una sesi\u00f3n con el secretario de Gobierno, lleg\u00f3 otro sobre amenazante que fue dejado en la alcald\u00eda. Adem\u00e1s, el jueves 8 de febrero, mientras se encontraban en la Defensor\u00eda del Pueblo en Tunja buscando apoyo, recibieron una llamada inform\u00e1ndoles sobre otro sobre amenazante.<\/span><\/span><\/span><\/p><p class=\"western\" align=\"justify\"><span style=\"color: #000000;\"><span style=\"font-family: Arial, serif;\"><span style=\"font-size: medium;\">La preocupaci\u00f3n no se limita solo a los concejales, ya que en los panfletos tambi\u00e9n se menciona a algunos miembros de sus familias. Juan Carlos Jim\u00e9nez manifest\u00f3 su inquietud por la seguridad de sus seres queridos y destac\u00f3 que incluso inform\u00f3 al alcalde, Jefferson Caro, quien emiti\u00f3 un comunicado al respecto.<\/span><\/span><\/span><\/p><p class=\"western\" align=\"justify\"><span style=\"color: #000000;\"><span style=\"font-family: Arial, serif;\"><span style=\"font-size: medium;\">El concejal Jim\u00e9nez revel\u00f3 que ha solicitado en varias ocasiones consejos de seguridad departamentales en el municipio, sin obtener respuestas concretas. A pesar de los esfuerzos realizados desde la administraci\u00f3n municipal para mejorar la seguridad y la vigilancia en la c\u00e1rcel del municipio, se sospecha que desde all\u00ed podr\u00edan estar perpetr\u00e1ndose estas amenazas.<\/span><\/span><\/span><\/p><p class=\"western\" align=\"justify\"><span style=\"color: #000000;\"><span style=\"font-family: Arial, serif;\"><span style=\"font-size: medium;\">\u00abSi nosotros dejamos recursos, porque unos p\u00edcaros est\u00e1n realizando video llamadas amenazantes desde la c\u00e1rcel\u00bb, advierte el concejal Jim\u00e9nez, quien lamenta la falta de acci\u00f3n ante las solicitudes realizadas anteriormente.<\/span><\/span><\/span><\/p><p class=\"western\" align=\"justify\"><span style=\"color: #000000;\"><span style=\"font-family: Arial, serif;\"><span style=\"font-size: medium;\">Ante esta situaci\u00f3n, el alcalde Jefferson Caro ha enviado la denuncia correspondiente a la Fiscal\u00eda, la Sijin, la Defensor\u00eda del Pueblo y la Unidad Nacional de Protecci\u00f3n. Se espera una pronta respuesta de las autoridades para esclarecer estos hechos y brindar la seguridad necesaria a los concejales y sus familias.<\/span><\/span><\/span><\/p>\t\t\t\t\t\t\t\t<\/div>\n\t\t\t\t<\/div>\n\t\t\t\t\t<\/div>\n\t\t<\/div>\n\t\t\t\t\t<\/div>\n\t\t<\/section>\n\t\t\t\t<\/div>\n\t\t","protected":false},"excerpt":{"rendered":"<p>Foto: El Tiempo Los 15 concejales del municipio de Chiquinquir\u00e1, en el departamento de Boyac\u00e1, han expresado su<\/p>\n","protected":false},"author":1,"featured_media":15902,"comment_status":"open","ping_status":"open","sticky":false,"template":"","format":"image","meta":{"om_disable_all_campaigns":false,"_monsterinsights_skip_tracking":false,"_monsterinsights_sitenote_active":false,"_monsterinsights_sitenote_note":"","_monsterinsights_sitenote_category":0,"footnotes":""},"categories":[8],"tags":[10],"class_list":["post-15893","post","type-post","status-publish","format-image","has-post-thumbnail","hentry","category-judicial","tag-noticias","post_format-post-format-image"],"aioseo_notices":[],"_links":{"self":[{"href":"https:\/\/www.boyacaleinforma.com\/index.php?rest_route=\/wp\/v2\/posts\/15893","targetHints":{"allow":["GET"]}}],"collection":[{"href":"https:\/\/www.boyacaleinforma.com\/index.php?rest_route=\/wp\/v2\/posts"}],"about":[{"href":"https:\/\/www.boyacaleinforma.com\/index.php?rest_route=\/wp\/v2\/types\/post"}],"author":[{"embeddable":true,"href":"https:\/\/www.boyacaleinforma.com\/index.php?rest_route=\/wp\/v2\/users\/1"}],"replies":[{"embeddable":true,"href":"https:\/\/www.boyacaleinforma.com\/index.php?rest_route=%2Fwp%2Fv2%2Fcomments&post=15893"}],"version-history":[{"count":0,"href":"https:\/\/www.boyacaleinforma.com\/index.php?rest_route=\/wp\/v2\/posts\/15893\/revisions"}],"wp:featuredmedia":[{"embeddable":true,"href":"https:\/\/www.boyacaleinforma.com\/index.php?rest_route=\/wp\/v2\/media\/15902"}],"wp:attachment":[{"href":"https:\/\/www.boyacaleinforma.com\/index.php?rest_route=%2Fwp%2Fv2%2Fmedia&parent=15893"}],"wp:term":[{"taxonomy":"category","embeddable":true,"href":"https:\/\/www.boyacaleinforma.com\/index.php?rest_route=%2Fwp%2Fv2%2Fcategories&post=15893"},{"taxonomy":"post_tag","embeddable":true,"href":"https:\/\/www.boyacaleinforma.com\/index.php?rest_route=%2Fwp%2Fv2%2Ftags&post=15893"}],"curies":[{"name":"wp","href":"https:\/\/api.w.org\/{rel}","templated":true}]}}