{"id":15894,"date":"2024-02-13T09:32:42","date_gmt":"2024-02-13T14:32:42","guid":{"rendered":"https:\/\/www.boyacaleinforma.com\/?p=15894"},"modified":"2024-02-13T09:38:05","modified_gmt":"2024-02-13T14:38:05","slug":"mads-pedersen-estrella-de-besseges-el-triunfo-del-lidl-trek-en-tierras-francesas-copy-copy-copy-copy-copy-copy-copy","status":"publish","type":"post","link":"https:\/\/www.boyacaleinforma.com\/?p=15894","title":{"rendered":"Amnist\u00eda Tributaria en Boyac\u00e1: Invalidez del Acuerdo Municipal genera debate jur\u00eddico"},"content":{"rendered":"\t\t<div data-elementor-type=\"wp-post\" data-elementor-id=\"15894\" class=\"elementor elementor-15894\" data-elementor-post-type=\"post\">\n\t\t\t\t\t\t<section class=\"elementor-section elementor-top-section elementor-element elementor-element-62b311ee elementor-section-boxed elementor-section-height-default elementor-section-height-default\" data-id=\"62b311ee\" data-element_type=\"section\" data-e-type=\"section\">\n\t\t\t\t\t\t<div class=\"elementor-container elementor-column-gap-default\">\n\t\t\t\t\t<div class=\"elementor-column elementor-col-100 elementor-top-column elementor-element elementor-element-22e424c5\" data-id=\"22e424c5\" data-element_type=\"column\" data-e-type=\"column\">\n\t\t\t<div class=\"elementor-widget-wrap elementor-element-populated\">\n\t\t\t\t\t\t<div class=\"elementor-element elementor-element-7799c32 elementor-widget elementor-widget-image\" data-id=\"7799c32\" data-element_type=\"widget\" data-e-type=\"widget\" data-widget_type=\"image.default\">\n\t\t\t\t<div class=\"elementor-widget-container\">\n\t\t\t\t\t\t\t\t\t\t\t\t<figure class=\"wp-caption\">\n\t\t\t\t\t\t\t\t\t\t<img loading=\"lazy\" width=\"640\" height=\"299\" src=\"https:\/\/www.boyacaleinforma.com\/wp-content\/uploads\/2024\/02\/ORFETV-768x359.jpg\" class=\"attachment-medium_large size-medium_large wp-image-15901\" alt=\"ORFETV\" srcset=\"https:\/\/www.boyacaleinforma.com\/wp-content\/uploads\/2024\/02\/ORFETV-768x359.jpg 768w, https:\/\/www.boyacaleinforma.com\/wp-content\/uploads\/2024\/02\/ORFETV-300x140.jpg 300w, https:\/\/www.boyacaleinforma.com\/wp-content\/uploads\/2024\/02\/ORFETV-1024x478.jpg 1024w, https:\/\/www.boyacaleinforma.com\/wp-content\/uploads\/2024\/02\/ORFETV.jpg 1366w\" sizes=\"auto, (max-width: 640px) 100vw, 640px\" loading=\"lazy\" decoding=\"async\" \/>\t\t\t\t\t\t\t\t\t\t\t<figcaption class=\"widget-image-caption wp-caption-text\">Foto: Orfetv<\/figcaption>\n\t\t\t\t\t\t\t\t\t\t<\/figure>\n\t\t\t\t\t\t\t\t\t<\/div>\n\t\t\t\t<\/div>\n\t\t\t\t<div class=\"elementor-element elementor-element-16316330 elementor-widget elementor-widget-text-editor\" data-id=\"16316330\" data-element_type=\"widget\" data-e-type=\"widget\" data-widget_type=\"text-editor.default\">\n\t\t\t\t<div class=\"elementor-widget-container\">\n\t\t\t\t\t\t\t\t\t<p class=\"western\" align=\"justify\"><span style=\"color: #000000;\"><span style=\"font-family: Arial, serif;\"><span style=\"font-size: medium;\">En un reciente fallo del Tribunal Administrativo de Boyac\u00e1, se declar\u00f3 la invalidez del Acuerdo No. 015 del 04 de julio de 2023, expedido por el Concejo Municipal de Bel\u00e9n. Este acuerdo autorizaba al alcalde para otorgar descuentos a sanciones e intereses del impuesto de industria y comercio, predial y multas por comparendos. El Departamento de Boyac\u00e1 present\u00f3 la demanda argumentando que dicho acuerdo desconoc\u00eda principios constitucionales y legales.<\/span><\/span><\/span><\/p><p class=\"western\" align=\"justify\"><span style=\"color: #000000;\"><span style=\"font-family: Arial, serif;\"><span style=\"font-size: medium;\">La controversia se centra en la creaci\u00f3n de una amnist\u00eda tributaria para los contribuyentes en mora, permiti\u00e9ndoles acogerse a diferentes alternativas de pago con descuentos de intereses y sanciones que iban desde el 30% hasta el 100% del valor de los mismos. El Tribunal Administrativo sostuvo que esta amnist\u00eda no estaba suficientemente justificada bajo los criterios de idoneidad y necesidad, y carec\u00eda de un an\u00e1lisis de impacto fiscal.<\/span><\/span><\/span><\/p><p class=\"western\" align=\"justify\"><span style=\"color: #000000;\"><span style=\"font-family: Arial, serif;\"><span style=\"font-size: medium;\">El fallo destaca que, en principio, las amnist\u00edas tributarias est\u00e1n prohibidas por comprometer los principios de igualdad, equidad y justicia tributaria. Sin embargo, tambi\u00e9n reconoce que pueden ser procedentes en casos excepcionales debidamente justificados. En este contexto, el Tribunal argument\u00f3 que el acuerdo municipal no cumpl\u00eda con los requisitos necesarios para su validez.<\/span><\/span><\/span><\/p><p class=\"western\" align=\"justify\"><span style=\"color: #000000;\"><span style=\"font-family: Arial, serif;\"><span style=\"font-size: medium;\">El Acuerdo No. 015 buscaba facilitar a los contribuyentes morosos ponerse al d\u00eda con sus obligaciones tributarias mediante alivios que favorecieran la econom\u00eda de las familias. Sin embargo, el Tribunal se\u00f1al\u00f3 que la medida carec\u00eda de un an\u00e1lisis detallado que demostrara su procedencia excepcional y que no afectara los principios de igualdad y equidad tributaria.<\/span><\/span><\/span><\/p><p class=\"western\" align=\"justify\"><span style=\"color: #000000;\"><span style=\"font-family: Arial, serif;\"><span style=\"font-size: medium;\">El Tribunal Administrativo record\u00f3 la jurisprudencia de la Corte Constitucional, que ha establecido condiciones para la constitucionalidad de las amnist\u00edas tributarias. En este caso particular, se consider\u00f3 que la amnist\u00eda carec\u00eda de un an\u00e1lisis adecuado y estaba desprovista de justificaci\u00f3n suficiente.<\/span><\/span><\/span><\/p><p class=\"western\" align=\"justify\"><span style=\"color: #000000;\"><span style=\"font-family: Arial, serif;\"><span style=\"font-size: medium;\">Como resultado de esta decisi\u00f3n, el Concejo Municipal de Bel\u00e9n deber\u00e1 revisar y justificar la procedencia de la amnist\u00eda tributaria, garantizando que cumpla con los principios constitucionales y legales. Este fallo genera un importante debate jur\u00eddico sobre la aplicaci\u00f3n de amnist\u00edas tributarias a nivel local y la necesidad de fundamentar adecuadamente estas medidas excepcionales.<\/span><\/span><\/span><\/p>\t\t\t\t\t\t\t\t<\/div>\n\t\t\t\t<\/div>\n\t\t\t\t\t<\/div>\n\t\t<\/div>\n\t\t\t\t\t<\/div>\n\t\t<\/section>\n\t\t\t\t<\/div>\n\t\t","protected":false},"excerpt":{"rendered":"<p>Foto: Orfetv En un reciente fallo del Tribunal Administrativo de Boyac\u00e1, se declar\u00f3 la invalidez del Acuerdo No.<\/p>\n","protected":false},"author":1,"featured_media":15901,"comment_status":"open","ping_status":"open","sticky":false,"template":"","format":"image","meta":{"om_disable_all_campaigns":false,"_monsterinsights_skip_tracking":false,"_monsterinsights_sitenote_active":false,"_monsterinsights_sitenote_note":"","_monsterinsights_sitenote_category":0,"footnotes":""},"categories":[8],"tags":[10],"class_list":["post-15894","post","type-post","status-publish","format-image","has-post-thumbnail","hentry","category-judicial","tag-noticias","post_format-post-format-image"],"aioseo_notices":[],"_links":{"self":[{"href":"https:\/\/www.boyacaleinforma.com\/index.php?rest_route=\/wp\/v2\/posts\/15894","targetHints":{"allow":["GET"]}}],"collection":[{"href":"https:\/\/www.boyacaleinforma.com\/index.php?rest_route=\/wp\/v2\/posts"}],"about":[{"href":"https:\/\/www.boyacaleinforma.com\/index.php?rest_route=\/wp\/v2\/types\/post"}],"author":[{"embeddable":true,"href":"https:\/\/www.boyacaleinforma.com\/index.php?rest_route=\/wp\/v2\/users\/1"}],"replies":[{"embeddable":true,"href":"https:\/\/www.boyacaleinforma.com\/index.php?rest_route=%2Fwp%2Fv2%2Fcomments&post=15894"}],"version-history":[{"count":0,"href":"https:\/\/www.boyacaleinforma.com\/index.php?rest_route=\/wp\/v2\/posts\/15894\/revisions"}],"wp:featuredmedia":[{"embeddable":true,"href":"https:\/\/www.boyacaleinforma.com\/index.php?rest_route=\/wp\/v2\/media\/15901"}],"wp:attachment":[{"href":"https:\/\/www.boyacaleinforma.com\/index.php?rest_route=%2Fwp%2Fv2%2Fmedia&parent=15894"}],"wp:term":[{"taxonomy":"category","embeddable":true,"href":"https:\/\/www.boyacaleinforma.com\/index.php?rest_route=%2Fwp%2Fv2%2Fcategories&post=15894"},{"taxonomy":"post_tag","embeddable":true,"href":"https:\/\/www.boyacaleinforma.com\/index.php?rest_route=%2Fwp%2Fv2%2Ftags&post=15894"}],"curies":[{"name":"wp","href":"https:\/\/api.w.org\/{rel}","templated":true}]}}