{"id":15895,"date":"2024-02-13T09:32:52","date_gmt":"2024-02-13T14:32:52","guid":{"rendered":"https:\/\/www.boyacaleinforma.com\/?p=15895"},"modified":"2024-02-13T09:35:21","modified_gmt":"2024-02-13T14:35:21","slug":"mads-pedersen-estrella-de-besseges-el-triunfo-del-lidl-trek-en-tierras-francesas-copy-copy-copy-copy-copy-copy-copy-copy","status":"publish","type":"post","link":"https:\/\/www.boyacaleinforma.com\/?p=15895","title":{"rendered":"Jhon Jaime G\u00f3mez toma las riendas de Boyac\u00e1 Chic\u00f3 tras la destituci\u00f3n de Miguel Caneo"},"content":{"rendered":"\t\t<div data-elementor-type=\"wp-post\" data-elementor-id=\"15895\" class=\"elementor elementor-15895\" data-elementor-post-type=\"post\">\n\t\t\t\t\t\t<section class=\"elementor-section elementor-top-section elementor-element elementor-element-62b311ee elementor-section-boxed elementor-section-height-default elementor-section-height-default\" data-id=\"62b311ee\" data-element_type=\"section\" data-e-type=\"section\">\n\t\t\t\t\t\t<div class=\"elementor-container elementor-column-gap-default\">\n\t\t\t\t\t<div class=\"elementor-column elementor-col-100 elementor-top-column elementor-element elementor-element-22e424c5\" data-id=\"22e424c5\" data-element_type=\"column\" data-e-type=\"column\">\n\t\t\t<div class=\"elementor-widget-wrap elementor-element-populated\">\n\t\t\t\t\t\t<div class=\"elementor-element elementor-element-7799c32 elementor-widget elementor-widget-image\" data-id=\"7799c32\" data-element_type=\"widget\" data-e-type=\"widget\" data-widget_type=\"image.default\">\n\t\t\t\t<div class=\"elementor-widget-container\">\n\t\t\t\t\t\t\t\t\t\t\t\t<figure class=\"wp-caption\">\n\t\t\t\t\t\t\t\t\t\t<img loading=\"lazy\" width=\"640\" height=\"428\" src=\"https:\/\/www.boyacaleinforma.com\/wp-content\/uploads\/2024\/02\/el-tiempo-4.jpeg\" class=\"attachment-medium_large size-medium_large wp-image-15896\" alt=\"el tiempo\" srcset=\"https:\/\/www.boyacaleinforma.com\/wp-content\/uploads\/2024\/02\/el-tiempo-4.jpeg 640w, https:\/\/www.boyacaleinforma.com\/wp-content\/uploads\/2024\/02\/el-tiempo-4-300x201.jpeg 300w\" sizes=\"auto, (max-width: 640px) 100vw, 640px\" loading=\"lazy\" decoding=\"async\" \/>\t\t\t\t\t\t\t\t\t\t\t<figcaption class=\"widget-image-caption wp-caption-text\">Foto: El Tiempo<\/figcaption>\n\t\t\t\t\t\t\t\t\t\t<\/figure>\n\t\t\t\t\t\t\t\t\t<\/div>\n\t\t\t\t<\/div>\n\t\t\t\t<div class=\"elementor-element elementor-element-16316330 elementor-widget elementor-widget-text-editor\" data-id=\"16316330\" data-element_type=\"widget\" data-e-type=\"widget\" data-widget_type=\"text-editor.default\">\n\t\t\t\t<div class=\"elementor-widget-container\">\n\t\t\t\t\t\t\t\t\t<p class=\"western\" align=\"justify\"><span style=\"color: #000000;\"><span style=\"font-family: Arial, serif;\"><span style=\"font-size: medium;\">Boyac\u00e1 Chic\u00f3, uno de los equipos tradicionales del f\u00fatbol colombiano, ha decidido dar un giro a su direcci\u00f3n t\u00e9cnica tras una serie de desempe\u00f1os decepcionantes en la Liga BetPlay I-2024. Miguel Caneo, quien asumi\u00f3 el cargo a principios de este a\u00f1o, dej\u00f3 su puesto despu\u00e9s de dirigir cinco partidos, dejando al equipo en una situaci\u00f3n complicada al ocupar el \u00faltimo lugar en la tabla de posiciones.<\/span><\/span><\/span><\/p><p class=\"western\" align=\"justify\"><span style=\"color: #000000;\"><span style=\"font-family: Arial, serif;\"><span style=\"font-size: medium;\">La gota que colm\u00f3 el vaso para Caneo fue la derrota abrumadora de 4-0 frente al Deportivo Cali en Palmaseca. Un rev\u00e9s contundente que dej\u00f3 al equipo boyacense en una posici\u00f3n cr\u00edtica, acerc\u00e1ndose peligrosamente a la zona de descenso que actualmente est\u00e1 en manos de Patriotas y Jaguares.<\/span><\/span><\/span><\/p><p class=\"western\" align=\"justify\"><span style=\"color: #000000;\"><span style=\"font-family: Arial, serif;\"><span style=\"font-size: medium;\">La decisi\u00f3n de prescindir de Caneo se materializ\u00f3 el pasado s\u00e1bado, casi 24 horas despu\u00e9s de la derrota ante el Deportivo Cali. El argentino, quien tuvo una destacada carrera como futbolista en Chic\u00f3, sum\u00f3 tan solo un punto de los 15 disputados bajo su direcci\u00f3n t\u00e9cnica, lo que llev\u00f3 a la directiva a tomar medidas dr\u00e1sticas.<\/span><\/span><\/span><\/p><p class=\"western\" align=\"justify\"><span style=\"color: #000000;\"><span style=\"font-family: Arial, serif;\"><span style=\"font-size: medium;\">Esta no es la primera vez que Miguel Caneo forma parte de la historia de Chic\u00f3. Como jugador, contribuy\u00f3 significativamente al t\u00edtulo de liga obtenido en 2008 bajo la direcci\u00f3n de Alberto Gamero. Sin embargo, su desempe\u00f1o como entrenador principal no logr\u00f3 replicar el \u00e9xito anterior y se cerr\u00f3 as\u00ed su tercer cap\u00edtulo con el club, siendo el primero al mando del primer equipo.<\/span><\/span><\/span><\/p><p class=\"western\" align=\"justify\"><span style=\"color: #000000;\"><span style=\"font-family: Arial, serif;\"><span style=\"font-size: medium;\">Con la salida de Caneo, el foco se ha desplazado r\u00e1pidamente hacia la b\u00fasqueda de un reemplazo. El club boyacense anunci\u00f3 este lunes la contrataci\u00f3n de Jhon Jaime G\u00f3mez como nuevo director t\u00e9cnico. G\u00f3mez, conocido como la &#8216;Flecha&#8217;, cuenta con una experiencia considerable en Chic\u00f3, habiendo dirigido 130 encuentros entre la primera y segunda divisi\u00f3n, con un balance de 45 victorias, 40 empates y 45 derrotas.<\/span><\/span><\/span><\/p><p class=\"western\" align=\"justify\"><span style=\"color: #000000;\"><span style=\"font-family: Arial, serif;\"><span style=\"font-size: medium;\">La llegada de G\u00f3mez al banquillo busca revitalizar al equipo y enderezar el rumbo en el corto plazo. Con el pr\u00f3ximo partido programado para el mi\u00e9rcoles 14 de febrero contra el Medell\u00edn en condici\u00f3n de local, el nuevo entrenador tiene poco tiempo para trabajar con el equipo y empezar a cosechar resultados positivos.<\/span><\/span><\/span><\/p><p class=\"western\" align=\"justify\"><span style=\"color: #000000;\"><span style=\"font-family: Arial, serif;\"><span style=\"font-size: medium;\">La afici\u00f3n de Boyac\u00e1 Chic\u00f3 espera que Jhon Jaime G\u00f3mez pueda inyectar nueva energ\u00eda al equipo y llevarlo a una posici\u00f3n m\u00e1s segura en la tabla de posiciones. Con la Liga BetPlay I-2024 en pleno desarrollo, cada partido se vuelve crucial, y el desaf\u00edo est\u00e1 ahora en manos de G\u00f3mez para liderar a Chic\u00f3 hacia un rendimiento m\u00e1s s\u00f3lido y consistente en el resto de la temporada.<\/span><\/span><\/span><\/p>\t\t\t\t\t\t\t\t<\/div>\n\t\t\t\t<\/div>\n\t\t\t\t\t<\/div>\n\t\t<\/div>\n\t\t\t\t\t<\/div>\n\t\t<\/section>\n\t\t\t\t<\/div>\n\t\t","protected":false},"excerpt":{"rendered":"<p>Foto: El Tiempo Boyac\u00e1 Chic\u00f3, uno de los equipos tradicionales del f\u00fatbol colombiano, ha decidido dar un giro<\/p>\n","protected":false},"author":1,"featured_media":15896,"comment_status":"open","ping_status":"open","sticky":false,"template":"","format":"image","meta":{"om_disable_all_campaigns":false,"_monsterinsights_skip_tracking":false,"_monsterinsights_sitenote_active":false,"_monsterinsights_sitenote_note":"","_monsterinsights_sitenote_category":0,"footnotes":""},"categories":[7],"tags":[10],"class_list":["post-15895","post","type-post","status-publish","format-image","has-post-thumbnail","hentry","category-deportes","tag-noticias","post_format-post-format-image"],"aioseo_notices":[],"_links":{"self":[{"href":"https:\/\/www.boyacaleinforma.com\/index.php?rest_route=\/wp\/v2\/posts\/15895","targetHints":{"allow":["GET"]}}],"collection":[{"href":"https:\/\/www.boyacaleinforma.com\/index.php?rest_route=\/wp\/v2\/posts"}],"about":[{"href":"https:\/\/www.boyacaleinforma.com\/index.php?rest_route=\/wp\/v2\/types\/post"}],"author":[{"embeddable":true,"href":"https:\/\/www.boyacaleinforma.com\/index.php?rest_route=\/wp\/v2\/users\/1"}],"replies":[{"embeddable":true,"href":"https:\/\/www.boyacaleinforma.com\/index.php?rest_route=%2Fwp%2Fv2%2Fcomments&post=15895"}],"version-history":[{"count":0,"href":"https:\/\/www.boyacaleinforma.com\/index.php?rest_route=\/wp\/v2\/posts\/15895\/revisions"}],"wp:featuredmedia":[{"embeddable":true,"href":"https:\/\/www.boyacaleinforma.com\/index.php?rest_route=\/wp\/v2\/media\/15896"}],"wp:attachment":[{"href":"https:\/\/www.boyacaleinforma.com\/index.php?rest_route=%2Fwp%2Fv2%2Fmedia&parent=15895"}],"wp:term":[{"taxonomy":"category","embeddable":true,"href":"https:\/\/www.boyacaleinforma.com\/index.php?rest_route=%2Fwp%2Fv2%2Fcategories&post=15895"},{"taxonomy":"post_tag","embeddable":true,"href":"https:\/\/www.boyacaleinforma.com\/index.php?rest_route=%2Fwp%2Fv2%2Ftags&post=15895"}],"curies":[{"name":"wp","href":"https:\/\/api.w.org\/{rel}","templated":true}]}}