{"id":15937,"date":"2024-02-14T04:41:12","date_gmt":"2024-02-14T09:41:12","guid":{"rendered":"https:\/\/www.boyacaleinforma.com\/?p=15937"},"modified":"2024-02-14T08:46:59","modified_gmt":"2024-02-14T13:46:59","slug":"jhon-jaime-gomez-toma-las-riendas-de-boyaca-chico-tras-la-destitucion-de-miguel-caneo-copy","status":"publish","type":"post","link":"https:\/\/www.boyacaleinforma.com\/?p=15937","title":{"rendered":"Esc\u00e1ndalo de maltrato laboral en Puerto Boyac\u00e1: Obreros sin contrato ni seguridad social en proyecto de Inter\u00e9s Social"},"content":{"rendered":"\t\t<div data-elementor-type=\"wp-post\" data-elementor-id=\"15937\" class=\"elementor elementor-15937\" data-elementor-post-type=\"post\">\n\t\t\t\t\t\t<section class=\"elementor-section elementor-top-section elementor-element elementor-element-62b311ee elementor-section-boxed elementor-section-height-default elementor-section-height-default\" data-id=\"62b311ee\" data-element_type=\"section\" data-e-type=\"section\">\n\t\t\t\t\t\t<div class=\"elementor-container elementor-column-gap-default\">\n\t\t\t\t\t<div class=\"elementor-column elementor-col-100 elementor-top-column elementor-element elementor-element-22e424c5\" data-id=\"22e424c5\" data-element_type=\"column\" data-e-type=\"column\">\n\t\t\t<div class=\"elementor-widget-wrap elementor-element-populated\">\n\t\t\t\t\t\t<div class=\"elementor-element elementor-element-7799c32 elementor-widget elementor-widget-image\" data-id=\"7799c32\" data-element_type=\"widget\" data-e-type=\"widget\" data-widget_type=\"image.default\">\n\t\t\t\t<div class=\"elementor-widget-container\">\n\t\t\t\t\t\t\t\t\t\t\t\t<figure class=\"wp-caption\">\n\t\t\t\t\t\t\t\t\t\t<img loading=\"lazy\" width=\"640\" height=\"360\" src=\"https:\/\/www.boyacaleinforma.com\/wp-content\/uploads\/2024\/02\/caracol-768x432.jpeg\" class=\"attachment-medium_large size-medium_large wp-image-15970\" alt=\"caracol\" srcset=\"https:\/\/www.boyacaleinforma.com\/wp-content\/uploads\/2024\/02\/caracol-768x432.jpeg 768w, https:\/\/www.boyacaleinforma.com\/wp-content\/uploads\/2024\/02\/caracol-300x169.jpeg 300w, https:\/\/www.boyacaleinforma.com\/wp-content\/uploads\/2024\/02\/caracol-1024x576.jpeg 1024w, https:\/\/www.boyacaleinforma.com\/wp-content\/uploads\/2024\/02\/caracol-1536x864.jpeg 1536w, https:\/\/www.boyacaleinforma.com\/wp-content\/uploads\/2024\/02\/caracol.jpeg 1600w\" sizes=\"auto, (max-width: 640px) 100vw, 640px\" loading=\"lazy\" decoding=\"async\" \/>\t\t\t\t\t\t\t\t\t\t\t<figcaption class=\"widget-image-caption wp-caption-text\">Foto: Caracol Radio<\/figcaption>\n\t\t\t\t\t\t\t\t\t\t<\/figure>\n\t\t\t\t\t\t\t\t\t<\/div>\n\t\t\t\t<\/div>\n\t\t\t\t<div class=\"elementor-element elementor-element-16316330 elementor-widget elementor-widget-text-editor\" data-id=\"16316330\" data-element_type=\"widget\" data-e-type=\"widget\" data-widget_type=\"text-editor.default\">\n\t\t\t\t<div class=\"elementor-widget-container\">\n\t\t\t\t\t\t\t\t\t<p class=\"western\" align=\"justify\"><span style=\"font-family: Arial, sans-serif;\"><span style=\"font-size: medium;\"><span style=\"color: #000000;\"><span style=\"font-family: Arial, serif;\">Una denuncia estremecedora ha sacudido las entra\u00f1as de Puerto Boyac\u00e1, donde m\u00e1s de 80 trabajadores que participan en la construcci\u00f3n del proyecto de Vivienda de Inter\u00e9s Social m\u00e1s costoso del pa\u00eds denuncian maltrato laboral. Seg\u00fan informaci\u00f3n recopilada por W Radio, estos obreros, vinculados a MUS Magdalena Union Services SAS, carecen de contrato, afiliaci\u00f3n a seguridad social y elementos de seguridad adecuados para desempe\u00f1ar sus labores, a pesar de haber trabajado arduamente durante cerca de un a\u00f1o.<\/span><\/span><\/span><\/span><\/p><p class=\"western\" align=\"justify\"><span style=\"font-family: Arial, sans-serif;\"><span style=\"font-size: medium;\"><span style=\"color: #000000;\"><span style=\"font-family: Arial, serif;\">El proyecto, que ha levantado cuestionamientos previos por el elevado costo de las viviendas prefabricadas, ha vuelto a estar en el ojo p\u00fablico debido a las condiciones laborales precarias de los trabajadores. La denuncia resalta que estos obreros no cuentan con la protecci\u00f3n necesaria para su salud y seguridad, carecen de un contrato formal que garantice sus derechos laborales y, lo m\u00e1s alarmante, no tienen afiliaci\u00f3n a la seguridad social.<\/span><\/span><\/span><\/span><\/p><p class=\"western\" align=\"justify\"><span style=\"font-family: Arial, sans-serif;\"><span style=\"font-size: medium;\"><span style=\"color: #000000;\"><span style=\"font-family: Arial, serif;\">Esta revelaci\u00f3n surge tras la exposici\u00f3n de la construcci\u00f3n del proyecto de vivienda, cuyo valor supera significativamente los est\u00e1ndares para Viviendas de Inter\u00e9s Social. W Radio ya hab\u00eda informado anteriormente sobre este proyecto y su costo elevado en comparaci\u00f3n con los valores establecidos para este tipo de iniciativas.<\/span><\/span><\/span><\/span><\/p><p class=\"western\" align=\"justify\"><span style=\"font-family: Arial, sans-serif;\"><span style=\"font-size: medium;\"><span style=\"color: #000000;\"><span style=\"font-family: Arial, serif;\">La administraci\u00f3n anterior, liderada por el alcalde Jicly Mutis, habr\u00eda tenido conocimiento de estas irregularidades sin tomar acciones al respecto, seg\u00fan denunciaron los trabajadores afectados. A pesar de cuatro denuncias interpuestas, tanto a trav\u00e9s de los canales institucionales como en redes sociales, no se habr\u00eda llevado a cabo ninguna investigaci\u00f3n ni correcci\u00f3n de las pr\u00e1cticas laborales cuestionables.<\/span><\/span><\/span><\/span><\/p><p class=\"western\" align=\"justify\"><span style=\"font-family: Arial, sans-serif;\"><span style=\"font-size: medium;\"><span style=\"color: #000000;\"><span style=\"font-family: Arial, serif;\">La indignaci\u00f3n crece entre la comunidad y los afectados, quienes ahora buscan respuestas y soluciones con la nueva administraci\u00f3n. A pesar de los esfuerzos para presentar nuevas denuncias y exigir justicia, los trabajadores afirman no haber recibido ninguna respuesta de la actual administraci\u00f3n.<\/span><\/span><\/span><\/span><\/p><p class=\"western\" align=\"justify\"><span style=\"font-family: Arial, sans-serif;\"><span style=\"font-size: medium;\"><span style=\"color: #000000;\"><span style=\"font-family: Arial, serif;\">Este esc\u00e1ndalo pone de manifiesto la necesidad de una intervenci\u00f3n urgente por parte de las autoridades competentes para garantizar el respeto de los derechos laborales y la protecci\u00f3n de los trabajadores en proyectos de envergadura como este. La situaci\u00f3n tambi\u00e9n destaca la importancia de una supervisi\u00f3n adecuada por parte de las autoridades locales para prevenir y abordar cualquier irregularidad en proyectos de Inter\u00e9s Social. La comunidad y las organizaciones defensoras de derechos laborales esperan acciones concretas para poner fin a esta situaci\u00f3n de maltrato laboral en Puerto Boyac\u00e1.<\/span><\/span><\/span><\/span><\/p>\t\t\t\t\t\t\t\t<\/div>\n\t\t\t\t<\/div>\n\t\t\t\t\t<\/div>\n\t\t<\/div>\n\t\t\t\t\t<\/div>\n\t\t<\/section>\n\t\t\t\t<\/div>\n\t\t","protected":false},"excerpt":{"rendered":"<p>Foto: Caracol Radio Una denuncia estremecedora ha sacudido las entra\u00f1as de Puerto Boyac\u00e1, donde m\u00e1s de 80 trabajadores<\/p>\n","protected":false},"author":1,"featured_media":15970,"comment_status":"open","ping_status":"open","sticky":false,"template":"","format":"image","meta":{"om_disable_all_campaigns":false,"_monsterinsights_skip_tracking":false,"_monsterinsights_sitenote_active":false,"_monsterinsights_sitenote_note":"","_monsterinsights_sitenote_category":0,"footnotes":""},"categories":[5],"tags":[10],"class_list":["post-15937","post","type-post","status-publish","format-image","has-post-thumbnail","hentry","category-boyaca","tag-noticias","post_format-post-format-image"],"aioseo_notices":[],"_links":{"self":[{"href":"https:\/\/www.boyacaleinforma.com\/index.php?rest_route=\/wp\/v2\/posts\/15937","targetHints":{"allow":["GET"]}}],"collection":[{"href":"https:\/\/www.boyacaleinforma.com\/index.php?rest_route=\/wp\/v2\/posts"}],"about":[{"href":"https:\/\/www.boyacaleinforma.com\/index.php?rest_route=\/wp\/v2\/types\/post"}],"author":[{"embeddable":true,"href":"https:\/\/www.boyacaleinforma.com\/index.php?rest_route=\/wp\/v2\/users\/1"}],"replies":[{"embeddable":true,"href":"https:\/\/www.boyacaleinforma.com\/index.php?rest_route=%2Fwp%2Fv2%2Fcomments&post=15937"}],"version-history":[{"count":0,"href":"https:\/\/www.boyacaleinforma.com\/index.php?rest_route=\/wp\/v2\/posts\/15937\/revisions"}],"wp:featuredmedia":[{"embeddable":true,"href":"https:\/\/www.boyacaleinforma.com\/index.php?rest_route=\/wp\/v2\/media\/15970"}],"wp:attachment":[{"href":"https:\/\/www.boyacaleinforma.com\/index.php?rest_route=%2Fwp%2Fv2%2Fmedia&parent=15937"}],"wp:term":[{"taxonomy":"category","embeddable":true,"href":"https:\/\/www.boyacaleinforma.com\/index.php?rest_route=%2Fwp%2Fv2%2Fcategories&post=15937"},{"taxonomy":"post_tag","embeddable":true,"href":"https:\/\/www.boyacaleinforma.com\/index.php?rest_route=%2Fwp%2Fv2%2Ftags&post=15937"}],"curies":[{"name":"wp","href":"https:\/\/api.w.org\/{rel}","templated":true}]}}