{"id":15938,"date":"2024-02-14T04:41:33","date_gmt":"2024-02-14T09:41:33","guid":{"rendered":"https:\/\/www.boyacaleinforma.com\/?p=15938"},"modified":"2024-02-14T08:40:56","modified_gmt":"2024-02-14T13:40:56","slug":"jhon-jaime-gomez-toma-las-riendas-de-boyaca-chico-tras-la-destitucion-de-miguel-caneo-copy-copy","status":"publish","type":"post","link":"https:\/\/www.boyacaleinforma.com\/?p=15938","title":{"rendered":"Nuevos horarios para actividades comerciales las 24 horas"},"content":{"rendered":"\t\t<div data-elementor-type=\"wp-post\" data-elementor-id=\"15938\" class=\"elementor elementor-15938\" data-elementor-post-type=\"post\">\n\t\t\t\t\t\t<section class=\"elementor-section elementor-top-section elementor-element elementor-element-62b311ee elementor-section-boxed elementor-section-height-default elementor-section-height-default\" data-id=\"62b311ee\" data-element_type=\"section\" data-e-type=\"section\">\n\t\t\t\t\t\t<div class=\"elementor-container elementor-column-gap-default\">\n\t\t\t\t\t<div class=\"elementor-column elementor-col-100 elementor-top-column elementor-element elementor-element-22e424c5\" data-id=\"22e424c5\" data-element_type=\"column\" data-e-type=\"column\">\n\t\t\t<div class=\"elementor-widget-wrap elementor-element-populated\">\n\t\t\t\t\t\t<div class=\"elementor-element elementor-element-7799c32 elementor-widget elementor-widget-image\" data-id=\"7799c32\" data-element_type=\"widget\" data-e-type=\"widget\" data-widget_type=\"image.default\">\n\t\t\t\t<div class=\"elementor-widget-container\">\n\t\t\t\t\t\t\t\t\t\t\t\t<figure class=\"wp-caption\">\n\t\t\t\t\t\t\t\t\t\t<img loading=\"lazy\" width=\"640\" height=\"427\" src=\"https:\/\/www.boyacaleinforma.com\/wp-content\/uploads\/2024\/02\/b7di-768x512.jpg\" class=\"attachment-medium_large size-medium_large wp-image-15969\" alt=\"b7di\" srcset=\"https:\/\/www.boyacaleinforma.com\/wp-content\/uploads\/2024\/02\/b7di-768x512.jpg 768w, https:\/\/www.boyacaleinforma.com\/wp-content\/uploads\/2024\/02\/b7di-300x200.jpg 300w, https:\/\/www.boyacaleinforma.com\/wp-content\/uploads\/2024\/02\/b7di.jpg 1024w\" sizes=\"auto, (max-width: 640px) 100vw, 640px\" loading=\"lazy\" decoding=\"async\" \/>\t\t\t\t\t\t\t\t\t\t\t<figcaption class=\"widget-image-caption wp-caption-text\">Foto: Boyac\u00e1 Sie7e D\u00edas<\/figcaption>\n\t\t\t\t\t\t\t\t\t\t<\/figure>\n\t\t\t\t\t\t\t\t\t<\/div>\n\t\t\t\t<\/div>\n\t\t\t\t<div class=\"elementor-element elementor-element-16316330 elementor-widget elementor-widget-text-editor\" data-id=\"16316330\" data-element_type=\"widget\" data-e-type=\"widget\" data-widget_type=\"text-editor.default\">\n\t\t\t\t<div class=\"elementor-widget-container\">\n\t\t\t\t\t\t\t\t\t<p class=\"western\" align=\"justify\"><span style=\"font-family: Arial, sans-serif;\"><span style=\"font-size: medium;\"><span style=\"color: #000000;\"><span style=\"font-family: Arial, serif;\">La capital de Boyac\u00e1, Tunja, ha dado un paso audaz hacia el desarrollo econ\u00f3mico y la creaci\u00f3n de empleo al implementar un proyecto piloto que establece horarios extendidos para actividades comerciales en la ciudad, seg\u00fan lo anunciado en el Decreto 0131 emitido por la Secretar\u00eda del Interior el 7 de febrero de 2024.<\/span><\/span><\/span><\/span><\/p><p class=\"western\" align=\"justify\"><span style=\"font-family: Arial, sans-serif;\"><span style=\"font-size: medium;\"><span style=\"color: #000000;\"><span style=\"font-family: Arial, serif;\">Este proyecto pionero tiene como objetivo principal incentivar el crecimiento en las actividades econ\u00f3micas y fomentar la creaci\u00f3n de nuevas oportunidades de empleo en Tunja. Los establecimientos abiertos al p\u00fablico, tanto diurnos como nocturnos, se beneficiar\u00e1n de estos nuevos horarios que buscan dar un impulso significativo al dinamismo econ\u00f3mico de la ciudad.<\/span><\/span><\/span><\/span><\/p><p class=\"western\" align=\"justify\"><span style=\"font-family: Arial, sans-serif;\"><span style=\"font-size: medium;\"><span style=\"color: #000000;\"><span style=\"font-family: Arial, serif;\">El alcalde de Tunja, Mikhail Krasnov, subraya la importancia de proporcionar herramientas normativas a comerciantes, gremios y asociaciones que representan diversas actividades econ\u00f3micas en la ciudad. Estas herramientas, seg\u00fan el mandatario, permitir\u00e1n el desarrollo sin trabas de las actividades comerciales y facilitar\u00e1n la implementaci\u00f3n de estrategias para la reactivaci\u00f3n comercial en la capital.<\/span><\/span><\/span><\/span><\/p><p class=\"western\" align=\"justify\"><span style=\"font-family: Arial, sans-serif;\"><span style=\"font-size: medium;\"><span style=\"color: #000000;\"><span style=\"font-family: Arial, serif;\">Este ambicioso proyecto se enfoca en la oferta continua de bienes y servicios, estimulando la creaci\u00f3n de empleo y nuevas din\u00e1micas econ\u00f3micas. Adem\u00e1s, se trabajar\u00e1 de manera conjunta con instituciones para fortalecer las estrategias de seguridad y convivencia ciudadana, promoviendo un entorno propicio para el desarrollo comercial.<\/span><\/span><\/span><\/span><\/p><p class=\"western\" align=\"justify\"><span style=\"font-family: Arial, sans-serif;\"><span style=\"font-size: medium;\"><span style=\"color: #000000;\"><span style=\"font-family: Arial, serif;\">A partir del 9 de febrero de 2024 hasta el 01 de junio del mismo a\u00f1o, los horarios establecidos para el desarrollo de actividades comerciales en Tunja seguir\u00e1n las pautas decretadas por el Alcalde de la ciudad. Esta medida busca no solo impulsar la econom\u00eda local sino tambi\u00e9n posicionar a Tunja como una capital moderna y vanguardista, conectada con el mundo.<\/span><\/span><\/span><\/span><\/p><p class=\"western\" align=\"justify\"><span style=\"font-family: Arial, sans-serif;\"><span style=\"font-size: medium;\"><span style=\"color: #000000;\"><span style=\"font-family: Arial, serif;\">Bajo el lema \u00abConectar a Tunja con el Mundo\u00bb, estas medidas normativas reflejan la visi\u00f3n de una ciudad en constante evoluci\u00f3n, comprometida con el crecimiento econ\u00f3mico y la mejora continua de la calidad de vida de sus habitantes. La implementaci\u00f3n de estos horarios extendidos marca un hito significativo en la historia de Tunja, consolid\u00e1ndola como un referente para otras ciudades que buscan estimular sus econom\u00edas locales.<\/span><\/span><\/span><\/span><\/p>\t\t\t\t\t\t\t\t<\/div>\n\t\t\t\t<\/div>\n\t\t\t\t\t<\/div>\n\t\t<\/div>\n\t\t\t\t\t<\/div>\n\t\t<\/section>\n\t\t\t\t<\/div>\n\t\t","protected":false},"excerpt":{"rendered":"<p>Foto: Boyac\u00e1 Sie7e D\u00edas La capital de Boyac\u00e1, Tunja, ha dado un paso audaz hacia el desarrollo econ\u00f3mico<\/p>\n","protected":false},"author":1,"featured_media":15969,"comment_status":"open","ping_status":"open","sticky":false,"template":"","format":"image","meta":{"om_disable_all_campaigns":false,"_monsterinsights_skip_tracking":false,"_monsterinsights_sitenote_active":false,"_monsterinsights_sitenote_note":"","_monsterinsights_sitenote_category":0,"footnotes":""},"categories":[6],"tags":[10],"class_list":["post-15938","post","type-post","status-publish","format-image","has-post-thumbnail","hentry","category-tunja","tag-noticias","post_format-post-format-image"],"aioseo_notices":[],"_links":{"self":[{"href":"https:\/\/www.boyacaleinforma.com\/index.php?rest_route=\/wp\/v2\/posts\/15938","targetHints":{"allow":["GET"]}}],"collection":[{"href":"https:\/\/www.boyacaleinforma.com\/index.php?rest_route=\/wp\/v2\/posts"}],"about":[{"href":"https:\/\/www.boyacaleinforma.com\/index.php?rest_route=\/wp\/v2\/types\/post"}],"author":[{"embeddable":true,"href":"https:\/\/www.boyacaleinforma.com\/index.php?rest_route=\/wp\/v2\/users\/1"}],"replies":[{"embeddable":true,"href":"https:\/\/www.boyacaleinforma.com\/index.php?rest_route=%2Fwp%2Fv2%2Fcomments&post=15938"}],"version-history":[{"count":0,"href":"https:\/\/www.boyacaleinforma.com\/index.php?rest_route=\/wp\/v2\/posts\/15938\/revisions"}],"wp:featuredmedia":[{"embeddable":true,"href":"https:\/\/www.boyacaleinforma.com\/index.php?rest_route=\/wp\/v2\/media\/15969"}],"wp:attachment":[{"href":"https:\/\/www.boyacaleinforma.com\/index.php?rest_route=%2Fwp%2Fv2%2Fmedia&parent=15938"}],"wp:term":[{"taxonomy":"category","embeddable":true,"href":"https:\/\/www.boyacaleinforma.com\/index.php?rest_route=%2Fwp%2Fv2%2Fcategories&post=15938"},{"taxonomy":"post_tag","embeddable":true,"href":"https:\/\/www.boyacaleinforma.com\/index.php?rest_route=%2Fwp%2Fv2%2Ftags&post=15938"}],"curies":[{"name":"wp","href":"https:\/\/api.w.org\/{rel}","templated":true}]}}