{"id":16008,"date":"2024-02-15T06:59:13","date_gmt":"2024-02-15T11:59:13","guid":{"rendered":"https:\/\/www.boyacaleinforma.com\/?p=16008"},"modified":"2024-02-15T07:16:27","modified_gmt":"2024-02-15T12:16:27","slug":"desacuerdo-legal-tribunal-administrativo-de-boyaca-invalida-financiacion-de-alumbrado-publico-navideno-en-corrales-copy-copy","status":"publish","type":"post","link":"https:\/\/www.boyacaleinforma.com\/?p=16008","title":{"rendered":"Ministra de Vivienda anuncia avances cruciales en infraestructura para Boyac\u00e1"},"content":{"rendered":"\t\t<div data-elementor-type=\"wp-post\" data-elementor-id=\"16008\" class=\"elementor elementor-16008\" data-elementor-post-type=\"post\">\n\t\t\t\t\t\t<section class=\"elementor-section elementor-top-section elementor-element elementor-element-62b311ee elementor-section-boxed elementor-section-height-default elementor-section-height-default\" data-id=\"62b311ee\" data-element_type=\"section\" data-e-type=\"section\">\n\t\t\t\t\t\t<div class=\"elementor-container elementor-column-gap-default\">\n\t\t\t\t\t<div class=\"elementor-column elementor-col-100 elementor-top-column elementor-element elementor-element-22e424c5\" data-id=\"22e424c5\" data-element_type=\"column\" data-e-type=\"column\">\n\t\t\t<div class=\"elementor-widget-wrap elementor-element-populated\">\n\t\t\t\t\t\t<div class=\"elementor-element elementor-element-7799c32 elementor-widget elementor-widget-image\" data-id=\"7799c32\" data-element_type=\"widget\" data-e-type=\"widget\" data-widget_type=\"image.default\">\n\t\t\t\t<div class=\"elementor-widget-container\">\n\t\t\t\t\t\t\t\t\t\t\t\t<figure class=\"wp-caption\">\n\t\t\t\t\t\t\t\t\t\t<img loading=\"lazy\" width=\"640\" height=\"427\" src=\"https:\/\/www.boyacaleinforma.com\/wp-content\/uploads\/2024\/02\/minvivienda-1-768x512.jpeg\" class=\"attachment-medium_large size-medium_large wp-image-16021\" alt=\"minvivienda\" srcset=\"https:\/\/www.boyacaleinforma.com\/wp-content\/uploads\/2024\/02\/minvivienda-1-768x512.jpeg 768w, https:\/\/www.boyacaleinforma.com\/wp-content\/uploads\/2024\/02\/minvivienda-1-300x200.jpeg 300w, https:\/\/www.boyacaleinforma.com\/wp-content\/uploads\/2024\/02\/minvivienda-1.jpeg 1024w\" sizes=\"auto, (max-width: 640px) 100vw, 640px\" loading=\"lazy\" decoding=\"async\" \/>\t\t\t\t\t\t\t\t\t\t\t<figcaption class=\"widget-image-caption wp-caption-text\">Foto: Minvivienda<\/figcaption>\n\t\t\t\t\t\t\t\t\t\t<\/figure>\n\t\t\t\t\t\t\t\t\t<\/div>\n\t\t\t\t<\/div>\n\t\t\t\t<div class=\"elementor-element elementor-element-16316330 elementor-widget elementor-widget-text-editor\" data-id=\"16316330\" data-element_type=\"widget\" data-e-type=\"widget\" data-widget_type=\"text-editor.default\">\n\t\t\t\t<div class=\"elementor-widget-container\">\n\t\t\t\t\t\t\t\t\t<p class=\"western\" align=\"justify\"><span style=\"font-family: Arial, sans-serif;\"><span style=\"font-size: medium;\"><span style=\"color: #000000;\"><span style=\"font-family: Arial, serif;\">La ministra de Vivienda, Catalina Velasco Campuzano, anunci\u00f3 importantes proyectos de infraestructura en su visita al departamento de Boyac\u00e1, acompa\u00f1ada por autoridades locales y l\u00edderes comunitarios. Las iniciativas centradas en el suministro de agua potable y el saneamiento b\u00e1sico buscan mejorar la calidad de vida de los habitantes de Sotaquir\u00e1 y Bel\u00e9n.<\/span><\/span><\/span><\/span><\/p><p class=\"western\" align=\"justify\"><span style=\"font-family: Arial, sans-serif;\"><span style=\"font-size: medium;\"><span style=\"color: #000000;\"><span style=\"font-family: Arial, serif;\">En Sotaquir\u00e1, la ministra Velasco revel\u00f3 la inversi\u00f3n de $2.500 millones para la construcci\u00f3n del Plan Maestro de Alcantarillado, una medida crucial para abordar las necesidades de la comunidad en t\u00e9rminos de saneamiento b\u00e1sico. El alcalde de Sotaquir\u00e1, Salom\u00f3n Buitrago, destac\u00f3 la importancia de este proyecto para el desarrollo del municipio, especialmente en el crecimiento tur\u00edstico y agroindustrial. El diputado de la Asamblea de Boyac\u00e1, Rodrigo Rojas, resalt\u00f3 el impacto positivo en la regi\u00f3n y la relevancia del acceso al agua para sectores productivos clave.<\/span><\/span><\/span><\/span><\/p><p class=\"western\" align=\"justify\"><span style=\"font-family: Arial, sans-serif;\"><span style=\"font-size: medium;\"><span style=\"color: #000000;\"><span style=\"font-family: Arial, serif;\">En la localidad de Bel\u00e9n, la ministra anunci\u00f3 la construcci\u00f3n de unidades sanitarias rurales que beneficiar\u00e1n a 80 familias. Este proyecto, liderado por el alcalde Cabeto P\u00e9rez, representa un paso significativo para mejorar las condiciones de vida en la zona. La comunidad expres\u00f3 su gratitud por la presencia del Gobierno y los resultados positivos que traer\u00e1n estos avances en infraestructura.<\/span><\/span><\/span><\/span><\/p><p class=\"western\" align=\"justify\"><span style=\"font-family: Arial, sans-serif;\"><span style=\"font-size: medium;\"><span style=\"color: #000000;\"><span style=\"font-family: Arial, serif;\">La visita tambi\u00e9n incluy\u00f3 un llamado a la participaci\u00f3n activa de las Juntas de Acci\u00f3n Comunal de Bel\u00e9n en programas de mejoramiento de vivienda. La ministra invit\u00f3 a estas organizaciones a liderar, organizar y ejecutar proyectos en el marco del programa de mejoramientos de vivienda, enfatizando la confianza en la capacidad de las comunidades para llevar a cabo estas iniciativas.<\/span><\/span><\/span><\/span><\/p><p class=\"western\" align=\"justify\"><span style=\"font-family: Arial, sans-serif;\"><span style=\"font-size: medium;\"><span style=\"color: #000000;\"><span style=\"font-family: Arial, serif;\">Finalmente, la ministra sostuvo una reuni\u00f3n con los alcaldes de 30 municipios boyacenses, reiterando el compromiso del Gobierno del Presidente Petro con inversiones significativas y enfoques innovadores. Velasco destac\u00f3 la importancia de cambiar los patrones de inversi\u00f3n para abordar desaf\u00edos cr\u00edticos en agua y vivienda, alentando a la comunidad a reconocer y respaldar estos cambios hacia un desarrollo sostenible y equitativo.<\/span><\/span><\/span><\/span><\/p>\t\t\t\t\t\t\t\t<\/div>\n\t\t\t\t<\/div>\n\t\t\t\t\t<\/div>\n\t\t<\/div>\n\t\t\t\t\t<\/div>\n\t\t<\/section>\n\t\t\t\t<\/div>\n\t\t","protected":false},"excerpt":{"rendered":"<p>Foto: Minvivienda La ministra de Vivienda, Catalina Velasco Campuzano, anunci\u00f3 importantes proyectos de infraestructura en su visita al<\/p>\n","protected":false},"author":1,"featured_media":16021,"comment_status":"open","ping_status":"open","sticky":false,"template":"","format":"image","meta":{"om_disable_all_campaigns":false,"_monsterinsights_skip_tracking":false,"_monsterinsights_sitenote_active":false,"_monsterinsights_sitenote_note":"","_monsterinsights_sitenote_category":0,"footnotes":""},"categories":[9],"tags":[10],"class_list":["post-16008","post","type-post","status-publish","format-image","has-post-thumbnail","hentry","category-colombia","tag-noticias","post_format-post-format-image"],"aioseo_notices":[],"_links":{"self":[{"href":"https:\/\/www.boyacaleinforma.com\/index.php?rest_route=\/wp\/v2\/posts\/16008","targetHints":{"allow":["GET"]}}],"collection":[{"href":"https:\/\/www.boyacaleinforma.com\/index.php?rest_route=\/wp\/v2\/posts"}],"about":[{"href":"https:\/\/www.boyacaleinforma.com\/index.php?rest_route=\/wp\/v2\/types\/post"}],"author":[{"embeddable":true,"href":"https:\/\/www.boyacaleinforma.com\/index.php?rest_route=\/wp\/v2\/users\/1"}],"replies":[{"embeddable":true,"href":"https:\/\/www.boyacaleinforma.com\/index.php?rest_route=%2Fwp%2Fv2%2Fcomments&post=16008"}],"version-history":[{"count":0,"href":"https:\/\/www.boyacaleinforma.com\/index.php?rest_route=\/wp\/v2\/posts\/16008\/revisions"}],"wp:featuredmedia":[{"embeddable":true,"href":"https:\/\/www.boyacaleinforma.com\/index.php?rest_route=\/wp\/v2\/media\/16021"}],"wp:attachment":[{"href":"https:\/\/www.boyacaleinforma.com\/index.php?rest_route=%2Fwp%2Fv2%2Fmedia&parent=16008"}],"wp:term":[{"taxonomy":"category","embeddable":true,"href":"https:\/\/www.boyacaleinforma.com\/index.php?rest_route=%2Fwp%2Fv2%2Fcategories&post=16008"},{"taxonomy":"post_tag","embeddable":true,"href":"https:\/\/www.boyacaleinforma.com\/index.php?rest_route=%2Fwp%2Fv2%2Ftags&post=16008"}],"curies":[{"name":"wp","href":"https:\/\/api.w.org\/{rel}","templated":true}]}}