{"id":16009,"date":"2024-02-15T06:59:28","date_gmt":"2024-02-15T11:59:28","guid":{"rendered":"https:\/\/www.boyacaleinforma.com\/?p=16009"},"modified":"2024-02-15T07:14:49","modified_gmt":"2024-02-15T12:14:49","slug":"desacuerdo-legal-tribunal-administrativo-de-boyaca-invalida-financiacion-de-alumbrado-publico-navideno-en-corrales-copy-copy-copy","status":"publish","type":"post","link":"https:\/\/www.boyacaleinforma.com\/?p=16009","title":{"rendered":"Deportivo Cali recupera parte de su afici\u00f3n, pero con condiciones rigurosas"},"content":{"rendered":"\t\t<div data-elementor-type=\"wp-post\" data-elementor-id=\"16009\" class=\"elementor elementor-16009\" data-elementor-post-type=\"post\">\n\t\t\t\t\t\t<section class=\"elementor-section elementor-top-section elementor-element elementor-element-62b311ee elementor-section-boxed elementor-section-height-default elementor-section-height-default\" data-id=\"62b311ee\" data-element_type=\"section\" data-e-type=\"section\">\n\t\t\t\t\t\t<div class=\"elementor-container elementor-column-gap-default\">\n\t\t\t\t\t<div class=\"elementor-column elementor-col-100 elementor-top-column elementor-element elementor-element-22e424c5\" data-id=\"22e424c5\" data-element_type=\"column\" data-e-type=\"column\">\n\t\t\t<div class=\"elementor-widget-wrap elementor-element-populated\">\n\t\t\t\t\t\t<div class=\"elementor-element elementor-element-7799c32 elementor-widget elementor-widget-image\" data-id=\"7799c32\" data-element_type=\"widget\" data-e-type=\"widget\" data-widget_type=\"image.default\">\n\t\t\t\t<div class=\"elementor-widget-container\">\n\t\t\t\t\t\t\t\t\t\t\t\t<figure class=\"wp-caption\">\n\t\t\t\t\t\t\t\t\t\t<img loading=\"lazy\" width=\"640\" height=\"640\" src=\"https:\/\/www.boyacaleinforma.com\/wp-content\/uploads\/2024\/02\/caracol-1-768x768.jpg\" class=\"attachment-medium_large size-medium_large wp-image-16015\" alt=\"caracol\" srcset=\"https:\/\/www.boyacaleinforma.com\/wp-content\/uploads\/2024\/02\/caracol-1-768x768.jpg 768w, https:\/\/www.boyacaleinforma.com\/wp-content\/uploads\/2024\/02\/caracol-1-300x300.jpg 300w, https:\/\/www.boyacaleinforma.com\/wp-content\/uploads\/2024\/02\/caracol-1-1024x1024.jpg 1024w, https:\/\/www.boyacaleinforma.com\/wp-content\/uploads\/2024\/02\/caracol-1-150x150.jpg 150w, https:\/\/www.boyacaleinforma.com\/wp-content\/uploads\/2024\/02\/caracol-1-1536x1536.jpg 1536w, https:\/\/www.boyacaleinforma.com\/wp-content\/uploads\/2024\/02\/caracol-1.jpg 1600w\" sizes=\"auto, (max-width: 640px) 100vw, 640px\" loading=\"lazy\" decoding=\"async\" \/>\t\t\t\t\t\t\t\t\t\t\t<figcaption class=\"widget-image-caption wp-caption-text\">Foto: Caracol<\/figcaption>\n\t\t\t\t\t\t\t\t\t\t<\/figure>\n\t\t\t\t\t\t\t\t\t<\/div>\n\t\t\t\t<\/div>\n\t\t\t\t<div class=\"elementor-element elementor-element-16316330 elementor-widget elementor-widget-text-editor\" data-id=\"16316330\" data-element_type=\"widget\" data-e-type=\"widget\" data-widget_type=\"text-editor.default\">\n\t\t\t\t<div class=\"elementor-widget-container\">\n\t\t\t\t\t\t\t\t\t<p class=\"western\" align=\"justify\"><span style=\"color: #000000;\"><span style=\"font-family: Arial, serif;\"><span style=\"font-size: medium;\">El Comit\u00e9 Disciplinario de la Dimayor ha tomado una decisi\u00f3n con respecto a la sanci\u00f3n impuesta al estadio del Deportivo Cali, permitiendo la posibilidad de contar con p\u00fablico en su pr\u00f3ximo encuentro contra el Atl\u00e9tico Nacional. La medida llega despu\u00e9s de la apelaci\u00f3n presentada por el club verdiblanco, que buscaba revertir la sanci\u00f3n que pesaba sobre su plaza debido al comportamiento inapropiado de los aficionados.<\/span><\/span><\/span><\/p><p class=\"western\" align=\"justify\"><span style=\"color: #000000;\"><span style=\"font-family: Arial, serif;\"><span style=\"font-size: medium;\">La sanci\u00f3n fue impuesta al Deportivo Cali a ra\u00edz de los incidentes ocurridos durante el partido contra Junior de Barranquilla en la fecha 5 del cuadrangular del Grupo A de la Liga II-2023. La mala conducta de los hinchas, que incluy\u00f3 el lanzamiento de objetos al campo, result\u00f3 en la suspensi\u00f3n del partido antes de tiempo, afectando no solo el desarrollo del juego sino tambi\u00e9n la reputaci\u00f3n del equipo y la seguridad de los presentes, incluyendo jugadores y \u00e1rbitros.<\/span><\/span><\/span><\/p><p class=\"western\" align=\"justify\"><span style=\"color: #000000;\"><span style=\"font-family: Arial, serif;\"><span style=\"font-size: medium;\">El Deportivo Cali, luego de su encuentro victorioso contra Boyac\u00e1 Chic\u00f3 en la fecha 5, present\u00f3 un recurso de apelaci\u00f3n con la esperanza de reducir la sanci\u00f3n y permitir la presencia de aficionados en el enfrentamiento crucial contra el Atl\u00e9tico Nacional en la fecha 7.<\/span><\/span><\/span><\/p><p class=\"western\" align=\"justify\"><span style=\"color: #000000;\"><span style=\"font-family: Arial, serif;\"><span style=\"font-size: medium;\">En la decisi\u00f3n final del Comit\u00e9 Disciplinario, se concedi\u00f3 la suspensi\u00f3n parcial de la ejecutoriedad de la sanci\u00f3n total de la plaza, pero se mantuvieron las sanciones a las tribunas de Occidental Central Baja y Norte, seg\u00fan lo establecido en la Resoluci\u00f3n No. 084 de 2023. En otras palabras, el equipo podr\u00e1 contar con p\u00fablico en su estadio, pero con restricciones espec\u00edficas en ciertas secciones.<\/span><\/span><\/span><\/p><p class=\"western\" align=\"justify\"><span style=\"color: #000000;\"><span style=\"font-family: Arial, serif;\"><span style=\"font-size: medium;\">Es esencial destacar que esta medida viene acompa\u00f1ada de un llamado a la responsabilidad por parte de los aficionados. El buen comportamiento ser\u00e1 crucial para evitar futuras sanciones, especialmente considerando que incidentes previos, como el lanzamiento de objetos que lesion\u00f3 a un juez de l\u00ednea durante el \u00faltimo enfrentamiento contra el Nacional en Palmaseca, generaron preocupaci\u00f3n sobre la seguridad en los eventos deportivos.<\/span><\/span><\/span><\/p><p class=\"western\" align=\"justify\"><span style=\"color: #000000;\"><span style=\"font-family: Arial, serif;\"><span style=\"font-size: medium;\">Con la esperanza de restaurar la imagen del estadio y garantizar un entorno seguro para todos, se espera que los aficionados del Deportivo Cali se adhieran a las normas y eviten comportamientos que pongan en riesgo la integridad y la continuidad de los partidos. El encuentro contra el Atl\u00e9tico Nacional se perfila como un escenario crucial tanto en lo deportivo como en la gesti\u00f3n de la conducta de la afici\u00f3n.<\/span><\/span><\/span><\/p>\t\t\t\t\t\t\t\t<\/div>\n\t\t\t\t<\/div>\n\t\t\t\t\t<\/div>\n\t\t<\/div>\n\t\t\t\t\t<\/div>\n\t\t<\/section>\n\t\t\t\t<\/div>\n\t\t","protected":false},"excerpt":{"rendered":"<p>Foto: Caracol El Comit\u00e9 Disciplinario de la Dimayor ha tomado una decisi\u00f3n con respecto a la sanci\u00f3n impuesta<\/p>\n","protected":false},"author":1,"featured_media":16015,"comment_status":"open","ping_status":"open","sticky":false,"template":"","format":"image","meta":{"om_disable_all_campaigns":false,"_monsterinsights_skip_tracking":false,"_monsterinsights_sitenote_active":false,"_monsterinsights_sitenote_note":"","_monsterinsights_sitenote_category":0,"footnotes":""},"categories":[7],"tags":[10],"class_list":["post-16009","post","type-post","status-publish","format-image","has-post-thumbnail","hentry","category-deportes","tag-noticias","post_format-post-format-image"],"aioseo_notices":[],"_links":{"self":[{"href":"https:\/\/www.boyacaleinforma.com\/index.php?rest_route=\/wp\/v2\/posts\/16009","targetHints":{"allow":["GET"]}}],"collection":[{"href":"https:\/\/www.boyacaleinforma.com\/index.php?rest_route=\/wp\/v2\/posts"}],"about":[{"href":"https:\/\/www.boyacaleinforma.com\/index.php?rest_route=\/wp\/v2\/types\/post"}],"author":[{"embeddable":true,"href":"https:\/\/www.boyacaleinforma.com\/index.php?rest_route=\/wp\/v2\/users\/1"}],"replies":[{"embeddable":true,"href":"https:\/\/www.boyacaleinforma.com\/index.php?rest_route=%2Fwp%2Fv2%2Fcomments&post=16009"}],"version-history":[{"count":0,"href":"https:\/\/www.boyacaleinforma.com\/index.php?rest_route=\/wp\/v2\/posts\/16009\/revisions"}],"wp:featuredmedia":[{"embeddable":true,"href":"https:\/\/www.boyacaleinforma.com\/index.php?rest_route=\/wp\/v2\/media\/16015"}],"wp:attachment":[{"href":"https:\/\/www.boyacaleinforma.com\/index.php?rest_route=%2Fwp%2Fv2%2Fmedia&parent=16009"}],"wp:term":[{"taxonomy":"category","embeddable":true,"href":"https:\/\/www.boyacaleinforma.com\/index.php?rest_route=%2Fwp%2Fv2%2Fcategories&post=16009"},{"taxonomy":"post_tag","embeddable":true,"href":"https:\/\/www.boyacaleinforma.com\/index.php?rest_route=%2Fwp%2Fv2%2Ftags&post=16009"}],"curies":[{"name":"wp","href":"https:\/\/api.w.org\/{rel}","templated":true}]}}