{"id":16068,"date":"2024-02-15T21:21:17","date_gmt":"2024-02-16T02:21:17","guid":{"rendered":"https:\/\/www.boyacaleinforma.com\/?p=16068"},"modified":"2024-02-15T21:49:31","modified_gmt":"2024-02-16T02:49:31","slug":"supersalud-ratifica-multas-por-920-millones-a-tres-eps-por-incumplir-compromisos-de-pago-con-hospitales-y-clinicas-copy-copy","status":"publish","type":"post","link":"https:\/\/www.boyacaleinforma.com\/?p=16068","title":{"rendered":"Problemas en urbanizaciones Torre del Parque y Estancia del Roble: Comunidad expone preocupaciones y propone soluciones"},"content":{"rendered":"\t\t<div data-elementor-type=\"wp-post\" data-elementor-id=\"16068\" class=\"elementor elementor-16068\" data-elementor-post-type=\"post\">\n\t\t\t\t\t\t<section class=\"elementor-section elementor-top-section elementor-element elementor-element-62b311ee elementor-section-boxed elementor-section-height-default elementor-section-height-default\" data-id=\"62b311ee\" data-element_type=\"section\" data-e-type=\"section\">\n\t\t\t\t\t\t<div class=\"elementor-container elementor-column-gap-default\">\n\t\t\t\t\t<div class=\"elementor-column elementor-col-100 elementor-top-column elementor-element elementor-element-22e424c5\" data-id=\"22e424c5\" data-element_type=\"column\" data-e-type=\"column\">\n\t\t\t<div class=\"elementor-widget-wrap elementor-element-populated\">\n\t\t\t\t\t\t<div class=\"elementor-element elementor-element-7799c32 elementor-widget elementor-widget-image\" data-id=\"7799c32\" data-element_type=\"widget\" data-e-type=\"widget\" data-widget_type=\"image.default\">\n\t\t\t\t<div class=\"elementor-widget-container\">\n\t\t\t\t\t\t\t\t\t\t\t\t<figure class=\"wp-caption\">\n\t\t\t\t\t\t\t\t\t\t<img loading=\"lazy\" width=\"640\" height=\"360\" src=\"https:\/\/www.boyacaleinforma.com\/wp-content\/uploads\/2024\/02\/el-diario-1.jpg\" class=\"attachment-medium_large size-medium_large wp-image-16078\" alt=\"el diario\" srcset=\"https:\/\/www.boyacaleinforma.com\/wp-content\/uploads\/2024\/02\/el-diario-1.jpg 696w, https:\/\/www.boyacaleinforma.com\/wp-content\/uploads\/2024\/02\/el-diario-1-300x169.jpg 300w\" sizes=\"auto, (max-width: 640px) 100vw, 640px\" loading=\"lazy\" decoding=\"async\" \/>\t\t\t\t\t\t\t\t\t\t\t<figcaption class=\"widget-image-caption wp-caption-text\">Foto: El Diario<\/figcaption>\n\t\t\t\t\t\t\t\t\t\t<\/figure>\n\t\t\t\t\t\t\t\t\t<\/div>\n\t\t\t\t<\/div>\n\t\t\t\t<div class=\"elementor-element elementor-element-16316330 elementor-widget elementor-widget-text-editor\" data-id=\"16316330\" data-element_type=\"widget\" data-e-type=\"widget\" data-widget_type=\"text-editor.default\">\n\t\t\t\t<div class=\"elementor-widget-container\">\n\t\t\t\t\t\t\t\t\t<p class=\"western\" align=\"justify\"><span style=\"color: #000000;\"><span style=\"font-family: Arial, serif;\"><span style=\"font-size: medium;\">En una sesi\u00f3n conjunta con el Gerente de ECOVIVIENDA, Eduardo Camargo, se abordaron los problemas actuales y la situaci\u00f3n cr\u00edtica de los proyectos urban\u00edsticos Torres del Parque y Estancia El Roble. La comunidad expuso diversas incomodidades derivadas del incumplimiento del proyecto, generando incertidumbre y malestar entre los residentes.<\/span><\/span><\/span><\/p><p class=\"western\" align=\"justify\"><span style=\"color: #000000;\"><span style=\"font-family: Arial, serif;\"><span style=\"font-size: medium;\">Entre las principales preocupaciones planteadas por la comunidad se encuentran:<\/span><\/span><\/span><\/p><p class=\"western\" align=\"justify\"><span style=\"color: #000000;\"><span style=\"font-family: Arial, serif;\"><span style=\"font-size: medium;\"><b>Ausencia de Servicios P\u00fablicos y Tanques de Agua en Funcionamiento:<\/b><\/span><\/span><\/span><span style=\"color: #000000;\"><span style=\"font-family: Arial, serif;\"><span style=\"font-size: medium;\"> Los residentes se\u00f1alaron la falta de servicios esenciales y el mal estado de los tanques de agua, afectando la calidad de vida de quienes habitan en estas urbanizaciones.<\/span><\/span><\/span><\/p><p class=\"western\" align=\"justify\"><span style=\"color: #000000;\"><span style=\"font-family: Arial, serif;\"><span style=\"font-size: medium;\"><b>Falta de Acompa\u00f1amiento Institucional: <\/b><\/span><\/span><\/span><span style=\"color: #000000;\"><span style=\"font-family: Arial, serif;\"><span style=\"font-size: medium;\">La comunidad expres\u00f3 su descontento por la falta de apoyo institucional para implementar soluciones propuestas desde las veedur\u00edas. Esta situaci\u00f3n genera incertidumbre sobre la continuidad del subsidio y deja a los residentes sin respuestas concretas.<\/span><\/span><\/span><\/p><p class=\"western\" align=\"justify\"><span style=\"color: #000000;\"><span style=\"font-family: Arial, serif;\"><span style=\"font-size: medium;\"><b>Situaci\u00f3n de Personas Fallecidas: <\/b><\/span><\/span><\/span><span style=\"color: #000000;\"><span style=\"font-family: Arial, serif;\"><span style=\"font-size: medium;\">La ausencia de respuestas sobre las viviendas e inversiones de personas fallecidas ha generado inquietud y falta de claridad en la comunidad.<\/span><\/span><\/span><\/p><p class=\"western\" align=\"justify\"><span style=\"color: #000000;\"><span style=\"font-family: Arial, serif;\"><span style=\"font-size: medium;\"><b>Transformaci\u00f3n de Zonas Recreativas:<\/b><\/span><\/span><\/span><span style=\"color: #000000;\"><span style=\"font-family: Arial, serif;\"><span style=\"font-size: medium;\"> Se denunci\u00f3 la transformaci\u00f3n de zonas recreativas infantiles en espacios de consumo de estupefacientes, generando inseguridad y aumento de casos de hurto en la zona.<\/span><\/span><\/span><\/p><p class=\"western\" align=\"justify\"><span style=\"color: #000000;\"><span style=\"font-family: Arial, serif;\"><span style=\"font-size: medium;\"><b>Solicitud de Investigaci\u00f3n: <\/b><\/span><\/span><\/span><span style=\"color: #000000;\"><span style=\"font-family: Arial, serif;\"><span style=\"font-size: medium;\">La comunidad solicit\u00f3 investigaciones por parte de la Personer\u00eda, Contralor\u00eda y entes de control sobre la trazabilidad de los recursos destinados a seguridad y vigilancia, buscando transparencia y rendici\u00f3n de cuentas.<\/span><\/span><\/span><\/p><p class=\"western\" align=\"justify\"><span style=\"color: #000000;\"><span style=\"font-family: Arial, serif;\"><span style=\"font-size: medium;\"><b>Incumplimiento en la Entrega de Inmuebles: <\/b><\/span><\/span><\/span><span style=\"color: #000000;\"><span style=\"font-family: Arial, serif;\"><span style=\"font-size: medium;\">Tanto en Estancia El Roble como en Torres del Parque, se ha evidenciado un incumplimiento en la entrega de inmuebles, y los ciudadanos no han recibido respuestas satisfactorias.<\/span><\/span><\/span><\/p><p class=\"western\" align=\"justify\"><span style=\"color: #000000;\"><span style=\"font-family: Arial, serif;\"><span style=\"font-size: medium;\">En el caso de Estancia El Roble, de los 1.082 apartamentos planificados en un per\u00edodo de 2 a\u00f1os, solo se logr\u00f3 la construcci\u00f3n de 761 viviendas antes de su suspensi\u00f3n en 2016. Mientras tanto, en Torres del Parque, adquirido un a\u00f1o despu\u00e9s en asociaci\u00f3n con la uni\u00f3n temporal ECOVIVIENDA, el consorcio enfrent\u00f3 diversas problem\u00e1ticas, resultando en la construcci\u00f3n de solo 160 de los 460 apartamentos planificados.<\/span><\/span><\/span><\/p><p class=\"western\" align=\"justify\"><span style=\"color: #000000;\"><span style=\"font-family: Arial, serif;\"><span style=\"font-size: medium;\">Ante estas preocupaciones, se destacaron diversas medidas propuestas por la comunidad y las autoridades, incluyendo:<\/span><\/span><\/span><\/p><p class=\"western\" align=\"justify\"><span style=\"color: #000000;\"><span style=\"font-family: Arial, serif;\"><span style=\"font-size: medium;\"><b>Garantizar el Seguimiento a Entidades y Proyectos: <\/b><\/span><\/span><\/span><span style=\"color: #000000;\"><span style=\"font-family: Arial, serif;\"><span style=\"font-size: medium;\">Con el objetivo de proteger los ahorros de los ciudadanos y asegurar el cumplimiento de los proyectos.<\/span><\/span><\/span><\/p><p class=\"western\" align=\"justify\"><span style=\"color: #000000;\"><span style=\"font-family: Arial, serif;\"><span style=\"font-size: medium;\"><b>Supervisar P\u00f3lizas de Responsabilidad:<\/b><\/span><\/span><\/span><span style=\"color: #000000;\"><span style=\"font-family: Arial, serif;\"><span style=\"font-size: medium;\"> Para garantizar la seguridad y la protecci\u00f3n de los derechos de los residentes.<\/span><\/span><\/span><\/p><p class=\"western\" align=\"justify\"><span style=\"color: #000000;\"><span style=\"font-family: Arial, serif;\"><span style=\"font-size: medium;\"><b>Desarrollar un Plan de Acci\u00f3n para los Afectados: <\/b><\/span><\/span><\/span><span style=\"color: #000000;\"><span style=\"font-family: Arial, serif;\"><span style=\"font-size: medium;\">Con enfoque en brindar soluciones concretas a los problemas planteados por la comunidad.<\/span><\/span><\/span><\/p><p class=\"western\" align=\"justify\"><span style=\"color: #000000;\"><span style=\"font-family: Arial, serif;\"><span style=\"font-size: medium;\"><b>Realizar un Nuevo Estudio de Sismo Resistencia:<\/b><\/span><\/span><\/span><span style=\"color: #000000;\"><span style=\"font-family: Arial, serif;\"><span style=\"font-size: medium;\"> Para garantizar la seguridad estructural de las edificaciones y la protecci\u00f3n de los residentes.<\/span><\/span><\/span><\/p><p class=\"western\" align=\"justify\"><span style=\"color: #000000;\"><span style=\"font-family: Arial, serif;\"><span style=\"font-size: medium;\"><b>Crear una Comisi\u00f3n Accidental:<\/b><\/span><\/span><\/span><span style=\"color: #000000;\"><span style=\"font-family: Arial, serif;\"><span style=\"font-size: medium;\"> Con el fin de obtener respuestas efectivas y trabajar en conjunto para resolver los problemas planteados.<\/span><\/span><\/span><\/p><p class=\"western\" align=\"justify\"><span style=\"color: #000000;\"><span style=\"font-family: Arial, serif;\"><span style=\"font-size: medium;\">ECOVIVIENDA, en respuesta a estas preocupaciones, reafirm\u00f3 su compromiso de abordar estos problemas y trabajar en colaboraci\u00f3n con la comunidad y las autoridades pertinentes para encontrar soluciones adecuadas. La transparencia y la acci\u00f3n coordinada ser\u00e1n clave para superar los desaf\u00edos y restablecer la confianza en estos proyectos urban\u00edsticos.<\/span><\/span><\/span><\/p>\t\t\t\t\t\t\t\t<\/div>\n\t\t\t\t<\/div>\n\t\t\t\t\t<\/div>\n\t\t<\/div>\n\t\t\t\t\t<\/div>\n\t\t<\/section>\n\t\t\t\t<\/div>\n\t\t","protected":false},"excerpt":{"rendered":"<p>Foto: El Diario En una sesi\u00f3n conjunta con el Gerente de ECOVIVIENDA, Eduardo Camargo, se abordaron los problemas<\/p>\n","protected":false},"author":1,"featured_media":16078,"comment_status":"open","ping_status":"open","sticky":false,"template":"","format":"image","meta":{"om_disable_all_campaigns":false,"_monsterinsights_skip_tracking":false,"_monsterinsights_sitenote_active":false,"_monsterinsights_sitenote_note":"","_monsterinsights_sitenote_category":0,"footnotes":""},"categories":[6],"tags":[10],"class_list":["post-16068","post","type-post","status-publish","format-image","has-post-thumbnail","hentry","category-tunja","tag-noticias","post_format-post-format-image"],"aioseo_notices":[],"_links":{"self":[{"href":"https:\/\/www.boyacaleinforma.com\/index.php?rest_route=\/wp\/v2\/posts\/16068","targetHints":{"allow":["GET"]}}],"collection":[{"href":"https:\/\/www.boyacaleinforma.com\/index.php?rest_route=\/wp\/v2\/posts"}],"about":[{"href":"https:\/\/www.boyacaleinforma.com\/index.php?rest_route=\/wp\/v2\/types\/post"}],"author":[{"embeddable":true,"href":"https:\/\/www.boyacaleinforma.com\/index.php?rest_route=\/wp\/v2\/users\/1"}],"replies":[{"embeddable":true,"href":"https:\/\/www.boyacaleinforma.com\/index.php?rest_route=%2Fwp%2Fv2%2Fcomments&post=16068"}],"version-history":[{"count":0,"href":"https:\/\/www.boyacaleinforma.com\/index.php?rest_route=\/wp\/v2\/posts\/16068\/revisions"}],"wp:featuredmedia":[{"embeddable":true,"href":"https:\/\/www.boyacaleinforma.com\/index.php?rest_route=\/wp\/v2\/media\/16078"}],"wp:attachment":[{"href":"https:\/\/www.boyacaleinforma.com\/index.php?rest_route=%2Fwp%2Fv2%2Fmedia&parent=16068"}],"wp:term":[{"taxonomy":"category","embeddable":true,"href":"https:\/\/www.boyacaleinforma.com\/index.php?rest_route=%2Fwp%2Fv2%2Fcategories&post=16068"},{"taxonomy":"post_tag","embeddable":true,"href":"https:\/\/www.boyacaleinforma.com\/index.php?rest_route=%2Fwp%2Fv2%2Ftags&post=16068"}],"curies":[{"name":"wp","href":"https:\/\/api.w.org\/{rel}","templated":true}]}}