{"id":16069,"date":"2024-02-15T21:22:53","date_gmt":"2024-02-16T02:22:53","guid":{"rendered":"https:\/\/www.boyacaleinforma.com\/?p=16069"},"modified":"2024-02-15T21:47:28","modified_gmt":"2024-02-16T02:47:28","slug":"supersalud-ratifica-multas-por-920-millones-a-tres-eps-por-incumplir-compromisos-de-pago-con-hospitales-y-clinicas-copy-copy-copy","status":"publish","type":"post","link":"https:\/\/www.boyacaleinforma.com\/?p=16069","title":{"rendered":"Radiograf\u00eda del feminicidio en Colombia: Investigaci\u00f3n pone al descubierto desaf\u00edos y logros"},"content":{"rendered":"\t\t<div data-elementor-type=\"wp-post\" data-elementor-id=\"16069\" class=\"elementor elementor-16069\" data-elementor-post-type=\"post\">\n\t\t\t\t\t\t<section class=\"elementor-section elementor-top-section elementor-element elementor-element-62b311ee elementor-section-boxed elementor-section-height-default elementor-section-height-default\" data-id=\"62b311ee\" data-element_type=\"section\" data-e-type=\"section\">\n\t\t\t\t\t\t<div class=\"elementor-container elementor-column-gap-default\">\n\t\t\t\t\t<div class=\"elementor-column elementor-col-100 elementor-top-column elementor-element elementor-element-22e424c5\" data-id=\"22e424c5\" data-element_type=\"column\" data-e-type=\"column\">\n\t\t\t<div class=\"elementor-widget-wrap elementor-element-populated\">\n\t\t\t\t\t\t<div class=\"elementor-element elementor-element-7799c32 elementor-widget elementor-widget-image\" data-id=\"7799c32\" data-element_type=\"widget\" data-e-type=\"widget\" data-widget_type=\"image.default\">\n\t\t\t\t<div class=\"elementor-widget-container\">\n\t\t\t\t\t\t\t\t\t\t\t\t<figure class=\"wp-caption\">\n\t\t\t\t\t\t\t\t\t\t<img loading=\"lazy\" width=\"640\" height=\"434\" src=\"https:\/\/www.boyacaleinforma.com\/wp-content\/uploads\/2024\/02\/procuraduria-2-768x521.jpeg\" class=\"attachment-medium_large size-medium_large wp-image-16081\" alt=\"procuraduria\" srcset=\"https:\/\/www.boyacaleinforma.com\/wp-content\/uploads\/2024\/02\/procuraduria-2-768x521.jpeg 768w, https:\/\/www.boyacaleinforma.com\/wp-content\/uploads\/2024\/02\/procuraduria-2-300x204.jpeg 300w, https:\/\/www.boyacaleinforma.com\/wp-content\/uploads\/2024\/02\/procuraduria-2-1024x695.jpeg 1024w, https:\/\/www.boyacaleinforma.com\/wp-content\/uploads\/2024\/02\/procuraduria-2-1536x1042.jpeg 1536w, https:\/\/www.boyacaleinforma.com\/wp-content\/uploads\/2024\/02\/procuraduria-2.jpeg 1592w\" sizes=\"auto, (max-width: 640px) 100vw, 640px\" loading=\"lazy\" decoding=\"async\" \/>\t\t\t\t\t\t\t\t\t\t\t<figcaption class=\"widget-image-caption wp-caption-text\">Foto: Procuradur\u00eda<\/figcaption>\n\t\t\t\t\t\t\t\t\t\t<\/figure>\n\t\t\t\t\t\t\t\t\t<\/div>\n\t\t\t\t<\/div>\n\t\t\t\t<div class=\"elementor-element elementor-element-16316330 elementor-widget elementor-widget-text-editor\" data-id=\"16316330\" data-element_type=\"widget\" data-e-type=\"widget\" data-widget_type=\"text-editor.default\">\n\t\t\t\t<div class=\"elementor-widget-container\">\n\t\t\t\t\t\t\t\t\t<p class=\"western\" align=\"justify\"><span style=\"color: #000000;\"><span style=\"font-family: Arial, serif;\"><span style=\"font-size: medium;\">El feminicidio, un crimen desgarrador que ha afectado a las mujeres colombianas durante d\u00e9cadas, se encuentra bajo el escrutinio de una investigaci\u00f3n period\u00edstica que revela una radiograf\u00eda detallada de este fen\u00f3meno. La Unidad de Investigaci\u00f3n Period\u00edstica (UIP) del Polit\u00e9cnico Grancolombiano ha llevado a cabo la investigaci\u00f3n \u00abEl feminicidio antes del feminicidio\u00bb, ofreciendo una visi\u00f3n clara de las edades m\u00e1s vulnerables, se\u00f1alando los vac\u00edos legislativos actuales y desentra\u00f1ando las razones detr\u00e1s de la falta de cumplimiento en los procesos de prevenci\u00f3n.<\/span><\/span><\/span><\/p><p class=\"western\" align=\"justify\"><span style=\"color: #000000;\"><span style=\"font-family: Arial, serif;\"><span style=\"font-size: medium;\">Entre 2015 y 2023, se han registrado 1.732 casos de feminicidio en Colombia, seg\u00fan la investigaci\u00f3n, marcando una alarmante tendencia que ha llevado a la UIP a profundizar en las causas y efectos de este crimen. La aprobaci\u00f3n de la Ley 1761 de 2015, conocida como Rosa Elvira Cely, introdujo el feminicidio como delito aut\u00f3nomo en el C\u00f3digo Penal colombiano, expandiendo la responsabilidad del Estado en los asesinatos por razones de g\u00e9nero.<\/span><\/span><\/span><\/p><p class=\"western\" align=\"justify\"><span style=\"color: #000000;\"><span style=\"font-family: Arial, serif;\"><span style=\"font-size: medium;\">La investigaci\u00f3n destaca la falta de datos oficiales antes de la implementaci\u00f3n de la Ley Rosa Elvira Cely. Entre 2000 y 2015, seg\u00fan la Fiscal\u00eda General de la Naci\u00f3n, se registraron 15,457 homicidios dolosos contra mujeres, pero solo cinco de estos casos involucraban a un victimario con una relaci\u00f3n cercana a la v\u00edctima. Datos de informes anuales de Medicina Legal revelan que en los primeros a\u00f1os del siglo XX, ya se contabilizaban 129 mujeres v\u00edctimas de lo que hoy se denomina feminicidio.<\/span><\/span><\/span><\/p><p class=\"western\" align=\"justify\"><span style=\"color: #000000;\"><span style=\"font-family: Arial, serif;\"><span style=\"font-size: medium;\">La investigaci\u00f3n destaca la dificultad de obtener informaci\u00f3n confiable por parte del Estado, atribuyendo esta carencia a la hist\u00f3rica indiferencia hacia la vida de las mujeres arraigada en la cultura machista del pa\u00eds. Juliana Castellanos, directora de la UIP, afirma que esta actitud se refleja en documentos de Medicina Legal de finales de los a\u00f1os 90 que justifican la violencia contra las mujeres, culpabiliz\u00e1ndolas y se\u00f1al\u00e1ndolas como responsables.<\/span><\/span><\/span><\/p><p class=\"western\" align=\"justify\"><span style=\"color: #000000;\"><span style=\"font-family: Arial, serif;\"><span style=\"font-size: medium;\">El cambio comenz\u00f3 con la aprobaci\u00f3n de la Ley 1761 de 2015, marcando un hito al introducir el feminicidio como delito aut\u00f3nomo en el C\u00f3digo Penal Colombiano. \u00abTener un delito aut\u00f3nomo denominado feminicidio significa contar con medidas privativas de libertad superiores a las que se dar\u00edan por cometer un homicidio\u00bb, explican las investigadoras. Aunque la ley no ha frenado el delito, s\u00ed ha permitido visibilizarlo con denuncias, especialmente de mujeres en riesgo o las familias de las v\u00edctimas.<\/span><\/span><\/span><\/p><p class=\"western\" align=\"justify\"><span style=\"color: #000000;\"><span style=\"font-family: Arial, serif;\"><span style=\"font-size: medium;\">Las expertas entrevistadas para la investigaci\u00f3n resaltan \u00e1reas cruciales en las que es imperativo avanzar, incluyendo la implementaci\u00f3n efectiva de la legislaci\u00f3n, la sensibilizaci\u00f3n de la sociedad, el acceso a la justicia, y la colaboraci\u00f3n entre instituciones y organizaciones. Adem\u00e1s, se destaca la necesidad de reducir la impunidad, proporcionar recursos adecuados para apoyar a las familias de las v\u00edctimas y abordar barreras de revictimizaci\u00f3n.<\/span><\/span><\/span><\/p><p class=\"western\" align=\"justify\"><span style=\"color: #000000;\"><span style=\"font-family: Arial, serif;\"><span style=\"font-size: medium;\">La investigaci\u00f3n concluye resaltando la necesidad de implementar la institucionalidad no solo en \u00e1reas urbanas centrales sino tambi\u00e9n en regiones, municipios, ciudades intermedias y zonas rurales. La lucha contra el feminicidio requiere un enfoque integral que aborde no solo las consecuencias del crimen, sino tambi\u00e9n sus ra\u00edces profundas en la sociedad colombiana.<\/span><\/span><\/span><\/p><p class=\"western\" align=\"justify\"><span style=\"color: #000000;\"><span style=\"font-family: Arial, serif;\"><span style=\"font-size: medium;\">Para acceder a todos los detalles de la investigaci\u00f3n, se puede consultar el siguiente enlace: https:\/\/feminicidios.poligran.edu.co\/index.html<\/span><\/span><\/span><\/p>\t\t\t\t\t\t\t\t<\/div>\n\t\t\t\t<\/div>\n\t\t\t\t\t<\/div>\n\t\t<\/div>\n\t\t\t\t\t<\/div>\n\t\t<\/section>\n\t\t\t\t<\/div>\n\t\t","protected":false},"excerpt":{"rendered":"<p>Foto: Procuradur\u00eda El feminicidio, un crimen desgarrador que ha afectado a las mujeres colombianas durante d\u00e9cadas, se encuentra<\/p>\n","protected":false},"author":1,"featured_media":16081,"comment_status":"open","ping_status":"open","sticky":false,"template":"","format":"image","meta":{"om_disable_all_campaigns":false,"_monsterinsights_skip_tracking":false,"_monsterinsights_sitenote_active":false,"_monsterinsights_sitenote_note":"","_monsterinsights_sitenote_category":0,"footnotes":""},"categories":[9],"tags":[10],"class_list":["post-16069","post","type-post","status-publish","format-image","has-post-thumbnail","hentry","category-colombia","tag-noticias","post_format-post-format-image"],"aioseo_notices":[],"_links":{"self":[{"href":"https:\/\/www.boyacaleinforma.com\/index.php?rest_route=\/wp\/v2\/posts\/16069","targetHints":{"allow":["GET"]}}],"collection":[{"href":"https:\/\/www.boyacaleinforma.com\/index.php?rest_route=\/wp\/v2\/posts"}],"about":[{"href":"https:\/\/www.boyacaleinforma.com\/index.php?rest_route=\/wp\/v2\/types\/post"}],"author":[{"embeddable":true,"href":"https:\/\/www.boyacaleinforma.com\/index.php?rest_route=\/wp\/v2\/users\/1"}],"replies":[{"embeddable":true,"href":"https:\/\/www.boyacaleinforma.com\/index.php?rest_route=%2Fwp%2Fv2%2Fcomments&post=16069"}],"version-history":[{"count":0,"href":"https:\/\/www.boyacaleinforma.com\/index.php?rest_route=\/wp\/v2\/posts\/16069\/revisions"}],"wp:featuredmedia":[{"embeddable":true,"href":"https:\/\/www.boyacaleinforma.com\/index.php?rest_route=\/wp\/v2\/media\/16081"}],"wp:attachment":[{"href":"https:\/\/www.boyacaleinforma.com\/index.php?rest_route=%2Fwp%2Fv2%2Fmedia&parent=16069"}],"wp:term":[{"taxonomy":"category","embeddable":true,"href":"https:\/\/www.boyacaleinforma.com\/index.php?rest_route=%2Fwp%2Fv2%2Fcategories&post=16069"},{"taxonomy":"post_tag","embeddable":true,"href":"https:\/\/www.boyacaleinforma.com\/index.php?rest_route=%2Fwp%2Fv2%2Ftags&post=16069"}],"curies":[{"name":"wp","href":"https:\/\/api.w.org\/{rel}","templated":true}]}}